{"id":9563,"date":"2018-09-27T11:24:49","date_gmt":"2018-09-27T11:24:49","guid":{"rendered":"https:\/\/test.epi.org.mk\/?p=9563"},"modified":"2019-02-20T09:42:36","modified_gmt":"2019-02-20T09:42:36","slug":"%d0%ba%d0%be%d0%bc%d0%b5%d0%bd%d1%82%d0%b0%d1%80-%d0%bd%d0%b0-%d0%b8%d0%bd%d1%81%d1%82%d0%b8%d1%82%d1%83%d1%82%d0%be%d1%82-%d0%b7%d0%b0-%d0%b5%d0%b2%d1%80%d0%be%d0%bf%d1%81%d0%ba%d0%b0-%d0%bf%d0%be","status":"publish","type":"post","link":"https:\/\/epi.org.mk\/sq\/post\/9563?lang=sq","title":{"rendered":"Koment i Institutit p\u00ebr Politik\u00eb Evropiane p\u00ebr referendumin e ardhsh\u00ebm"},"content":{"rendered":"<p>K\u00ebt\u00eb jav\u00eb qytetar\u00ebt e Republik\u00ebs s\u00eb Maqedonis\u00eb i pret referendum p\u00ebr pyetjet m\u00eb t\u00eb r\u00ebnd\u00ebsishme q\u00eb nga pavar\u00ebsia. Pyetja e referendumit lidh pranimin e Marr\u00ebveshjes s\u00eb Presp\u00ebs me avancimin e m\u00eb tutjesh\u00ebm n\u00eb integrimet evropiane. P\u00ebrmes k\u00ebsaj fitojm\u00eb mund\u00ebsin\u00eb e kthimit ton\u00eb n\u00eb rrug\u00ebtimin evropian.<\/p>\n<p>Si \u00e7do kompromis, kjo marr\u00ebveshje nuk \u00ebsht\u00eb e p\u00ebrkryer, por \u00ebsht\u00eb mund\u00ebsia m\u00eb e mir\u00eb q\u00eb e kemi. Maqedonasit ruajn\u00eb identitetin, konfirmimi i t\u00eb cilit varet m\u00eb shum\u00eb nga vet\u00eb Maqedonasit \u2013 me nd\u00ebrtimin e shoq\u00ebris\u00eb demokratike, lirin\u00eb e kultur\u00ebs, krijimit dhe shprehjes.<\/p>\n<p>M\u00ebnyra se si erdh deri tek Marr\u00ebveshja e Presp\u00ebs \u2013 me iniciativ\u00eb, kapacitet dhe vullnet vetanak \u2013 Republika e Maqedoni\u00ebs d\u00ebshmoi kapacitetin shtet\u00ebror, q\u00eb n\u00eb t\u00eb kaluar\u00ebn u d\u00ebshmua me arritjen e pavar\u00ebsis\u00eb dhe zgjidhjen e krizave t\u00eb mbrendshme me m\u00ebnyr\u00eb paq\u00ebsore. Me k\u00ebt\u00eb marr\u00ebveshje na hapet mund\u00ebsia q\u00eb marr\u00ebdh\u00ebniet me fqinj\u00ebt t\u2019i nd\u00ebrtojm\u00eb duke shikuar kah e ardhmja.<\/p>\n<p>Shoq\u00ebris\u00eb maqedonase i hapet rruga drejt Komunitetit t\u00eb vlerave, n\u00eb t\u00eb cilin edhe z\u00ebri i m\u00eb t\u00eb vegj\u00eblve \u00ebsht\u00eb i r\u00ebnd\u00ebsish\u00ebm. Shteti yn\u00eb me Marr\u00ebveshjen p\u00ebr Stabilizim dhe Asociim, n\u00eb vitin 2001 filloi me p\u00ebrshtatjen e legjislacionit dhe politikave nacionale me ato t\u00eb BE-s\u00eb. Si rezultat i procesit t\u00eb p\u00ebrshtatjes, mes gjithash, fituam edhe qasje t\u00eb leht\u00eb t\u00eb produkteve tona n\u00eb tregun evropian dhe me sukses i plot\u00ebsuam k\u00ebrkesat p\u00ebr liberalizim t\u00eb vizave n\u00eb vitin 2009.<\/p>\n<p>Ekonomis\u00eb maqedonase i hapet rruga drejt tregut t\u00eb p\u00ebrbashk\u00ebt evropian, q\u00eb \u00ebsht\u00eb nevoj\u00eb e madhe p\u00ebr t\u00eb. P\u00ebrshtatja me politikat dhe aktet e ve\u00e7anta t\u00eb BE-s\u00eb n\u00ebnkupton p\u00ebrfitime t\u00eb caktuara, por edhe shpenzime p\u00ebr shoq\u00ebrin\u00eb, gjegj\u00ebsisht p\u00ebr disa subjekte t\u00eb prekura, si edhe p\u00ebrshtatje t\u00eb institucioneve. N\u00eb k\u00ebt\u00eb proces \u00ebsht\u00eb i nevojsh\u00ebm t\u00eb b\u00ebhet rishikim real i pasojave q\u00eb do t\u2019i ket\u00eb vendosja e politikave dhe normave t\u00eb BE-s\u00eb si dhe t\u00eb parashihen masa p\u00ebr minimalizimin e shpenzimeve.<\/p>\n<p>Edhe pse n\u00eb zhvillimin dhe transformimin shoq\u00ebror nuk egizistojn\u00eb garancione dhe traektore leht\u00eb t\u00eb parashikuara, egzistojn\u00eb shembuj nga zgjerimi i m\u00ebparsh\u00ebm i BE-s\u00eb nga t\u00eb cilat mund t\u00eb marrim m\u00ebsim dhe t\u2019i bazojm\u00eb pritshm\u00ebrit\u00eb tona n\u00eb procesin e aderimit dhe an\u00ebtar\u00ebsimit n\u00eb BE. Integrimi n\u00eb BE n\u00eb rastin e zgjerimit Lindor u tregua si model q\u00eb edhe krahas kritikave qeveritare, arsyeton vler\u00ebsimin e saj si politika (m\u00eb) e suksesshme e BE-s\u00eb. Shtetet q\u00eb u an\u00ebtar\u00ebsuan n\u00eb vitet 2004\/2007 ve\u00e7m\u00eb kan\u00eb vite t\u00eb gjata n\u00eb BE. Ata p\u00ebsuan rritje n\u00eb procesin e ky\u00e7jes n\u00eb BE edhe pas an\u00ebtar\u00ebsimit. Edhe pse n\u00eb mes tyre nuk egziston uniformitet dhe jo t\u00eb gjitha zhvillohen nj\u00eblloj dhe sipas nji shembulli, tek t\u00eb gjitha shtetet procesi i aderimit u tregua si spiranc\u00eb e sukseshme n\u00eb transformimin nacional.<\/p>\n<p>Pa dyshim q\u00eb Bashkimi sot, si n\u00eb t\u00eb kaluar\u00ebn, ballafaqohet me sfida t\u00eb formave t\u00eb ndryshme dhe askush nuk mund t\u00eb garantoj\u00eb zhvillim e t\u00eb njejt\u00ebs. Megjithat\u00eb, procesi i aderimit paraqet mekaniz\u00ebm t\u00eb suksessh\u00ebm q\u00eb do t\u2019i jap\u00eb ndihm\u00eb transformimit politik, ekonomik dhe shoq\u00ebror, q\u00eb sigurisht \u00ebsht\u00eb p\u00ebrgjegj\u00ebsi e aktor\u00ebve t\u00eb mbrendsh\u00ebm. N\u00eb k\u00ebt\u00eb kontekst, zbatimi i Marr\u00ebveshjes s\u00eb Presp\u00ebs \u00ebsht\u00eb i jashtzakonsh\u00ebm por edhe kusht i domosdosh\u00ebm pa t\u00eb cilin nuk do t\u00eb kemi mund\u00ebsi t\u2019i p\u00ebrdorim p\u00ebrpar\u00ebsit\u00eb e procesit t\u00eb aderimit dhe an\u00ebtar\u00ebsimit.<\/p>\n<p>P\u00ebrfundimisht, nga ne varet se a do t\u00eb nisemi kah ajo rrug\u00eb dhe si do ta form\u00ebsojm\u00eb, nga shkaku se historia nuk do t\u00eb mbaron me an\u00ebtar\u00ebsimin n\u00eb BE dhe NATO. Rrug\u00ebtimi do t\u00eb na kushtoj\u00eb, an\u00ebtar\u00ebsimi do t\u00eb na kushtoj\u00eb mir\u00ebpo p\u00ebrfitimet q\u00eb do t\u2019i arrijm\u00eb, n\u00ebse vet kontribojm\u00eb n\u00eb at\u00eb, jan\u00eb gjigante.<\/p>","protected":false},"excerpt":{"rendered":"<p>K\u00ebt\u00eb jav\u00eb qytetar\u00ebt e Republik\u00ebs s\u00eb Maqedonis\u00eb i pret referendum p\u00ebr pyetjet m\u00eb t\u00eb r\u00ebnd\u00ebsishme q\u00eb nga pavar\u00ebsia. Pyetja e referendumit lidh pranimin e Marr\u00ebveshjes s\u00eb Presp\u00ebs me avancimin e m\u00eb tutjesh\u00ebm n\u00eb integrimet evropiane. P\u00ebrmes k\u00ebsaj fitojm\u00eb mund\u00ebsin\u00eb e kthimit ton\u00eb n\u00eb rrug\u00ebtimin evropian. Si \u00e7do kompromis, kjo marr\u00ebveshje nuk \u00ebsht\u00eb e p\u00ebrkryer, por [&hellip;]<\/p>","protected":false},"author":1,"featured_media":8463,"comment_status":"closed","ping_status":"closed","sticky":false,"template":"","format":"standard","meta":{"_acf_changed":false,"footnotes":""},"categories":[106],"tags":[],"class_list":["post-9563","post","type-post","status-publish","format-standard","has-post-thumbnail","hentry","category-106"],"acf":[],"yoast_head":"<!-- This site is optimized with the Yoast SEO plugin v24.4 - https:\/\/yoast.com\/wordpress\/plugins\/seo\/ -->\n<title>Koment i Institutit p\u00ebr Politik\u00eb Evropiane p\u00ebr referendumin e ardhsh\u00ebm - EPI<\/title>\n<meta name=\"robots\" content=\"index, follow, max-snippet:-1, max-image-preview:large, max-video-preview:-1\" \/>\n<link rel=\"canonical\" href=\"https:\/\/epi.org.mk\/sq\/post\/8184\/\" \/>\n<meta property=\"og:locale\" content=\"mk_MK\" \/>\n<meta property=\"og:type\" content=\"article\" \/>\n<meta property=\"og:title\" content=\"Koment i Institutit p\u00ebr Politik\u00eb Evropiane p\u00ebr referendumin e ardhsh\u00ebm - EPI\" \/>\n<meta property=\"og:description\" content=\"K\u00ebt\u00eb jav\u00eb qytetar\u00ebt e Republik\u00ebs s\u00eb Maqedonis\u00eb i pret referendum p\u00ebr pyetjet m\u00eb t\u00eb r\u00ebnd\u00ebsishme q\u00eb nga pavar\u00ebsia. Pyetja e referendumit lidh pranimin e Marr\u00ebveshjes s\u00eb Presp\u00ebs me avancimin e m\u00eb tutjesh\u00ebm n\u00eb integrimet evropiane. P\u00ebrmes k\u00ebsaj fitojm\u00eb mund\u00ebsin\u00eb e kthimit ton\u00eb n\u00eb rrug\u00ebtimin evropian. Si \u00e7do kompromis, kjo marr\u00ebveshje nuk \u00ebsht\u00eb e p\u00ebrkryer, por [&hellip;]\" \/>\n<meta property=\"og:url\" content=\"https:\/\/epi.org.mk\/sq\/post\/8184\/\" \/>\n<meta property=\"og:site_name\" content=\"EPI\" \/>\n<meta property=\"article:publisher\" content=\"https:\/\/www.facebook.com\/EPI.Skopje\/\" \/>\n<meta property=\"article:published_time\" content=\"2018-09-27T11:24:49+00:00\" \/>\n<meta property=\"article:modified_time\" content=\"2019-02-20T09:42:36+00:00\" \/>\n<meta property=\"og:image\" content=\"https:\/\/epi.org.mk\/wp-content\/uploads\/2018\/10\/0-2.png\" \/>\n\t<meta property=\"og:image:width\" content=\"1200\" \/>\n\t<meta property=\"og:image:height\" content=\"808\" \/>\n\t<meta property=\"og:image:type\" content=\"image\/png\" \/>\n<meta name=\"author\" content=\"epiadmin\" \/>\n<meta name=\"twitter:card\" content=\"summary_large_image\" \/>\n<meta name=\"twitter:creator\" content=\"@epi_skopje\" \/>\n<meta name=\"twitter:site\" content=\"@epi_skopje\" \/>\n<meta name=\"twitter:label1\" content=\"Written by\" \/>\n\t<meta name=\"twitter:data1\" content=\"epiadmin\" \/>\n\t<meta name=\"twitter:label2\" content=\"Est. reading time\" \/>\n\t<meta name=\"twitter:data2\" content=\"3 minutes\" \/>\n<script type=\"application\/ld+json\" class=\"yoast-schema-graph\">{\"@context\":\"https:\/\/schema.org\",\"@graph\":[{\"@type\":\"Article\",\"@id\":\"https:\/\/epi.org.mk\/post\/8184#article\",\"isPartOf\":{\"@id\":\"https:\/\/epi.org.mk\/post\/8184\"},\"author\":{\"name\":\"epiadmin\",\"@id\":\"https:\/\/epi.org.mk\/#\/schema\/person\/43b3da0531e062aae50b26e7d0c8ab94\"},\"headline\":\"Koment i Institutit p\u00ebr Politik\u00eb Evropiane p\u00ebr referendumin e ardhsh\u00ebm\",\"datePublished\":\"2018-09-27T11:24:49+00:00\",\"dateModified\":\"2019-02-20T09:42:36+00:00\",\"mainEntityOfPage\":{\"@id\":\"https:\/\/epi.org.mk\/post\/8184\"},\"wordCount\":697,\"publisher\":{\"@id\":\"https:\/\/epi.org.mk\/#organization\"},\"image\":{\"@id\":\"https:\/\/epi.org.mk\/post\/8184#primaryimage\"},\"thumbnailUrl\":\"https:\/\/epi.org.mk\/wp-content\/uploads\/2018\/10\/0-2.png\",\"articleSection\":[\"\u041d\u043e\u0432\u043e\u0441\u0442\u0438\"],\"inLanguage\":\"mk-MK\"},{\"@type\":\"WebPage\",\"@id\":\"https:\/\/epi.org.mk\/post\/8184\",\"url\":\"https:\/\/epi.org.mk\/post\/8184\",\"name\":\"Koment i Institutit p\u00ebr Politik\u00eb Evropiane p\u00ebr referendumin e ardhsh\u00ebm - EPI\",\"isPartOf\":{\"@id\":\"https:\/\/epi.org.mk\/#website\"},\"primaryImageOfPage\":{\"@id\":\"https:\/\/epi.org.mk\/post\/8184#primaryimage\"},\"image\":{\"@id\":\"https:\/\/epi.org.mk\/post\/8184#primaryimage\"},\"thumbnailUrl\":\"https:\/\/epi.org.mk\/wp-content\/uploads\/2018\/10\/0-2.png\",\"datePublished\":\"2018-09-27T11:24:49+00:00\",\"dateModified\":\"2019-02-20T09:42:36+00:00\",\"breadcrumb\":{\"@id\":\"https:\/\/epi.org.mk\/post\/8184#breadcrumb\"},\"inLanguage\":\"mk-MK\",\"potentialAction\":[{\"@type\":\"ReadAction\",\"target\":[\"https:\/\/epi.org.mk\/post\/8184\"]}]},{\"@type\":\"ImageObject\",\"inLanguage\":\"mk-MK\",\"@id\":\"https:\/\/epi.org.mk\/post\/8184#primaryimage\",\"url\":\"https:\/\/epi.org.mk\/wp-content\/uploads\/2018\/10\/0-2.png\",\"contentUrl\":\"https:\/\/epi.org.mk\/wp-content\/uploads\/2018\/10\/0-2.png\",\"width\":1200,\"height\":808},{\"@type\":\"BreadcrumbList\",\"@id\":\"https:\/\/epi.org.mk\/post\/8184#breadcrumb\",\"itemListElement\":[{\"@type\":\"ListItem\",\"position\":1,\"name\":\"Home\",\"item\":\"https:\/\/epi.org.mk\/\"},{\"@type\":\"ListItem\",\"position\":2,\"name\":\"Koment i Institutit p\u00ebr Politik\u00eb Evropiane p\u00ebr referendumin e ardhsh\u00ebm\"}]},{\"@type\":\"WebSite\",\"@id\":\"https:\/\/epi.org.mk\/#website\",\"url\":\"https:\/\/epi.org.mk\/\",\"name\":\"EPI\",\"description\":\"\u0418\u043d\u0441\u0442\u0438\u0442\u0443\u0442 \u0437\u0430 \u0435\u0432\u0440\u043e\u043f\u0441\u043a\u0430 \u043f\u043e\u043b\u0438\u0442\u0438\u043a\u0430\",\"publisher\":{\"@id\":\"https:\/\/epi.org.mk\/#organization\"},\"potentialAction\":[{\"@type\":\"SearchAction\",\"target\":{\"@type\":\"EntryPoint\",\"urlTemplate\":\"https:\/\/epi.org.mk\/?s={search_term_string}\"},\"query-input\":{\"@type\":\"PropertyValueSpecification\",\"valueRequired\":true,\"valueName\":\"search_term_string\"}}],\"inLanguage\":\"mk-MK\"},{\"@type\":\"Organization\",\"@id\":\"https:\/\/epi.org.mk\/#organization\",\"name\":\"European Policy Institute - Skopje\",\"alternateName\":\"EPI Skopje\",\"url\":\"https:\/\/epi.org.mk\/\",\"logo\":{\"@type\":\"ImageObject\",\"inLanguage\":\"mk-MK\",\"@id\":\"https:\/\/epi.org.mk\/#\/schema\/logo\/image\/\",\"url\":\"https:\/\/epi.org.mk\/wp-content\/uploads\/epi-logo.jpg\",\"contentUrl\":\"https:\/\/epi.org.mk\/wp-content\/uploads\/epi-logo.jpg\",\"width\":909,\"height\":909,\"caption\":\"European Policy Institute - Skopje\"},\"image\":{\"@id\":\"https:\/\/epi.org.mk\/#\/schema\/logo\/image\/\"},\"sameAs\":[\"https:\/\/www.facebook.com\/EPI.Skopje\/\",\"https:\/\/x.com\/epi_skopje\",\"https:\/\/www.instagram.com\/epi.skopje\/\",\"https:\/\/www.linkedin.com\/company\/epi-skopje\"]},{\"@type\":\"Person\",\"@id\":\"https:\/\/epi.org.mk\/#\/schema\/person\/43b3da0531e062aae50b26e7d0c8ab94\",\"name\":\"epiadmin\",\"image\":{\"@type\":\"ImageObject\",\"inLanguage\":\"mk-MK\",\"@id\":\"https:\/\/epi.org.mk\/#\/schema\/person\/image\/\",\"url\":\"https:\/\/secure.gravatar.com\/avatar\/b2eac948da9f4d92d87cb5f38df0ae7816d0197d69078f44687f2f91fc97296d?s=96&d=mm&r=g\",\"contentUrl\":\"https:\/\/secure.gravatar.com\/avatar\/b2eac948da9f4d92d87cb5f38df0ae7816d0197d69078f44687f2f91fc97296d?s=96&d=mm&r=g\",\"caption\":\"epiadmin\"},\"url\":\"https:\/\/epi.org.mk\/sq\/post\/author\/epiadmin\"}]}<\/script>\n<!-- \/ Yoast SEO plugin. -->","yoast_head_json":{"title":"Koment i Institutit p\u00ebr Politik\u00eb Evropiane p\u00ebr referendumin e ardhsh\u00ebm - EPI","robots":{"index":"index","follow":"follow","max-snippet":"max-snippet:-1","max-image-preview":"max-image-preview:large","max-video-preview":"max-video-preview:-1"},"canonical":"https:\/\/epi.org.mk\/sq\/post\/8184\/","og_locale":"mk_MK","og_type":"article","og_title":"Koment i Institutit p\u00ebr Politik\u00eb Evropiane p\u00ebr referendumin e ardhsh\u00ebm - EPI","og_description":"K\u00ebt\u00eb jav\u00eb qytetar\u00ebt e Republik\u00ebs s\u00eb Maqedonis\u00eb i pret referendum p\u00ebr pyetjet m\u00eb t\u00eb r\u00ebnd\u00ebsishme q\u00eb nga pavar\u00ebsia. Pyetja e referendumit lidh pranimin e Marr\u00ebveshjes s\u00eb Presp\u00ebs me avancimin e m\u00eb tutjesh\u00ebm n\u00eb integrimet evropiane. P\u00ebrmes k\u00ebsaj fitojm\u00eb mund\u00ebsin\u00eb e kthimit ton\u00eb n\u00eb rrug\u00ebtimin evropian. Si \u00e7do kompromis, kjo marr\u00ebveshje nuk \u00ebsht\u00eb e p\u00ebrkryer, por [&hellip;]","og_url":"https:\/\/epi.org.mk\/sq\/post\/8184\/","og_site_name":"EPI","article_publisher":"https:\/\/www.facebook.com\/EPI.Skopje\/","article_published_time":"2018-09-27T11:24:49+00:00","article_modified_time":"2019-02-20T09:42:36+00:00","og_image":[{"width":1200,"height":808,"url":"https:\/\/epi.org.mk\/wp-content\/uploads\/2018\/10\/0-2.png","type":"image\/png"}],"author":"epiadmin","twitter_card":"summary_large_image","twitter_creator":"@epi_skopje","twitter_site":"@epi_skopje","twitter_misc":{"Written by":"epiadmin","Est. reading time":"3 minutes"},"schema":{"@context":"https:\/\/schema.org","@graph":[{"@type":"Article","@id":"https:\/\/epi.org.mk\/post\/8184#article","isPartOf":{"@id":"https:\/\/epi.org.mk\/post\/8184"},"author":{"name":"epiadmin","@id":"https:\/\/epi.org.mk\/#\/schema\/person\/43b3da0531e062aae50b26e7d0c8ab94"},"headline":"Koment i Institutit p\u00ebr Politik\u00eb Evropiane p\u00ebr referendumin e ardhsh\u00ebm","datePublished":"2018-09-27T11:24:49+00:00","dateModified":"2019-02-20T09:42:36+00:00","mainEntityOfPage":{"@id":"https:\/\/epi.org.mk\/post\/8184"},"wordCount":697,"publisher":{"@id":"https:\/\/epi.org.mk\/#organization"},"image":{"@id":"https:\/\/epi.org.mk\/post\/8184#primaryimage"},"thumbnailUrl":"https:\/\/epi.org.mk\/wp-content\/uploads\/2018\/10\/0-2.png","articleSection":["\u041d\u043e\u0432\u043e\u0441\u0442\u0438"],"inLanguage":"mk-MK"},{"@type":"WebPage","@id":"https:\/\/epi.org.mk\/post\/8184","url":"https:\/\/epi.org.mk\/post\/8184","name":"Koment i Institutit p\u00ebr Politik\u00eb Evropiane p\u00ebr referendumin e ardhsh\u00ebm - EPI","isPartOf":{"@id":"https:\/\/epi.org.mk\/#website"},"primaryImageOfPage":{"@id":"https:\/\/epi.org.mk\/post\/8184#primaryimage"},"image":{"@id":"https:\/\/epi.org.mk\/post\/8184#primaryimage"},"thumbnailUrl":"https:\/\/epi.org.mk\/wp-content\/uploads\/2018\/10\/0-2.png","datePublished":"2018-09-27T11:24:49+00:00","dateModified":"2019-02-20T09:42:36+00:00","breadcrumb":{"@id":"https:\/\/epi.org.mk\/post\/8184#breadcrumb"},"inLanguage":"mk-MK","potentialAction":[{"@type":"ReadAction","target":["https:\/\/epi.org.mk\/post\/8184"]}]},{"@type":"ImageObject","inLanguage":"mk-MK","@id":"https:\/\/epi.org.mk\/post\/8184#primaryimage","url":"https:\/\/epi.org.mk\/wp-content\/uploads\/2018\/10\/0-2.png","contentUrl":"https:\/\/epi.org.mk\/wp-content\/uploads\/2018\/10\/0-2.png","width":1200,"height":808},{"@type":"BreadcrumbList","@id":"https:\/\/epi.org.mk\/post\/8184#breadcrumb","itemListElement":[{"@type":"ListItem","position":1,"name":"Home","item":"https:\/\/epi.org.mk\/"},{"@type":"ListItem","position":2,"name":"Koment i Institutit p\u00ebr Politik\u00eb Evropiane p\u00ebr referendumin e ardhsh\u00ebm"}]},{"@type":"WebSite","@id":"https:\/\/epi.org.mk\/#website","url":"https:\/\/epi.org.mk\/","name":"EPI","description":"\u0418\u043d\u0441\u0442\u0438\u0442\u0443\u0442 \u0437\u0430 \u0435\u0432\u0440\u043e\u043f\u0441\u043a\u0430 \u043f\u043e\u043b\u0438\u0442\u0438\u043a\u0430","publisher":{"@id":"https:\/\/epi.org.mk\/#organization"},"potentialAction":[{"@type":"SearchAction","target":{"@type":"EntryPoint","urlTemplate":"https:\/\/epi.org.mk\/?s={search_term_string}"},"query-input":{"@type":"PropertyValueSpecification","valueRequired":true,"valueName":"search_term_string"}}],"inLanguage":"mk-MK"},{"@type":"Organization","@id":"https:\/\/epi.org.mk\/#organization","name":"European Policy Institute - Skopje","alternateName":"EPI Skopje","url":"https:\/\/epi.org.mk\/","logo":{"@type":"ImageObject","inLanguage":"mk-MK","@id":"https:\/\/epi.org.mk\/#\/schema\/logo\/image\/","url":"https:\/\/epi.org.mk\/wp-content\/uploads\/epi-logo.jpg","contentUrl":"https:\/\/epi.org.mk\/wp-content\/uploads\/epi-logo.jpg","width":909,"height":909,"caption":"European Policy Institute - Skopje"},"image":{"@id":"https:\/\/epi.org.mk\/#\/schema\/logo\/image\/"},"sameAs":["https:\/\/www.facebook.com\/EPI.Skopje\/","https:\/\/x.com\/epi_skopje","https:\/\/www.instagram.com\/epi.skopje\/","https:\/\/www.linkedin.com\/company\/epi-skopje"]},{"@type":"Person","@id":"https:\/\/epi.org.mk\/#\/schema\/person\/43b3da0531e062aae50b26e7d0c8ab94","name":"epiadmin","image":{"@type":"ImageObject","inLanguage":"mk-MK","@id":"https:\/\/epi.org.mk\/#\/schema\/person\/image\/","url":"https:\/\/secure.gravatar.com\/avatar\/b2eac948da9f4d92d87cb5f38df0ae7816d0197d69078f44687f2f91fc97296d?s=96&d=mm&r=g","contentUrl":"https:\/\/secure.gravatar.com\/avatar\/b2eac948da9f4d92d87cb5f38df0ae7816d0197d69078f44687f2f91fc97296d?s=96&d=mm&r=g","caption":"epiadmin"},"url":"https:\/\/epi.org.mk\/sq\/post\/author\/epiadmin"}]}},"_links":{"self":[{"href":"https:\/\/epi.org.mk\/sq\/wp-json\/wp\/v2\/posts\/9563","targetHints":{"allow":["GET"]}}],"collection":[{"href":"https:\/\/epi.org.mk\/sq\/wp-json\/wp\/v2\/posts"}],"about":[{"href":"https:\/\/epi.org.mk\/sq\/wp-json\/wp\/v2\/types\/post"}],"author":[{"embeddable":true,"href":"https:\/\/epi.org.mk\/sq\/wp-json\/wp\/v2\/users\/1"}],"replies":[{"embeddable":true,"href":"https:\/\/epi.org.mk\/sq\/wp-json\/wp\/v2\/comments?post=9563"}],"version-history":[{"count":0,"href":"https:\/\/epi.org.mk\/sq\/wp-json\/wp\/v2\/posts\/9563\/revisions"}],"wp:featuredmedia":[{"embeddable":true,"href":"https:\/\/epi.org.mk\/sq\/wp-json\/wp\/v2\/media\/8463"}],"wp:attachment":[{"href":"https:\/\/epi.org.mk\/sq\/wp-json\/wp\/v2\/media?parent=9563"}],"wp:term":[{"taxonomy":"category","embeddable":true,"href":"https:\/\/epi.org.mk\/sq\/wp-json\/wp\/v2\/categories?post=9563"},{"taxonomy":"post_tag","embeddable":true,"href":"https:\/\/epi.org.mk\/sq\/wp-json\/wp\/v2\/tags?post=9563"}],"curies":[{"name":"wp","href":"https:\/\/api.w.org\/{rel}","templated":true}]}}