{"id":33139,"date":"2026-04-27T12:00:20","date_gmt":"2026-04-27T10:00:20","guid":{"rendered":"https:\/\/epi.org.mk\/post\/33139"},"modified":"2026-04-27T12:28:12","modified_gmt":"2026-04-27T10:28:12","slug":"%d0%bd%d0%b0%d0%b4-140-%d0%b3%d1%80%d0%b0%d1%93%d0%b0%d0%bd%d0%b8-%d0%b4%d0%b2%d0%b0-%d0%b4%d0%b5%d0%bd%d0%b0-%d0%b4%d0%b5%d0%b1%d0%b0%d1%82%d0%b8%d1%80%d0%b0%d0%b0-%d0%b7%d0%b0-%d1%83%d0%bb%d0%be","status":"publish","type":"post","link":"https:\/\/epi.org.mk\/sq\/post\/33139?lang=sq","title":{"rendered":"Mbi 140 qytetar\u00eb debatuan p\u00ebr dy dit\u00eb mbi rolin e Kuvendit n\u00eb procesin e aderimit n\u00eb BE"},"content":{"rendered":"<p>Anketa e pest\u00eb Nacionale Debatuese, e organizuar nga Instituti p\u00ebr politik\u00eb evropiane (EPI) n\u00eb bashk\u00ebpunim me Qendr\u00ebn p\u00ebr demokraci deliberative pran\u00eb Universitetit Stanford nga SHBA, mblodhi bashk\u00eb mbi 140 qytetar\u00eb t\u00eb cil\u00ebt gjat\u00eb dy dit\u00ebve u informuan dhe debatuan p\u00ebr rolin e Kuvendit n\u00eb procesin e aderimit n\u00eb BE. Ata i parashtruan pyetjet e tyre n\u00eb panele t\u00eb p\u00ebrb\u00ebra nga aktor\u00eb shoq\u00ebror dhe ekspert\u00eb, pik\u00ebrisht n\u00eb ambientet e Kuvendit.<\/p>\n<p><img fetchpriority=\"high\" decoding=\"async\" class=\"size-large wp-image-33113 aligncenter\" src=\"https:\/\/epi.org.mk\/wp-content\/uploads\/debatna-anketa-1-1024x683.jpg\" alt=\"\" width=\"800\" height=\"534\" srcset=\"https:\/\/epi.org.mk\/wp-content\/uploads\/debatna-anketa-1-1024x683.jpg 1024w, https:\/\/epi.org.mk\/wp-content\/uploads\/debatna-anketa-1-300x200.jpg 300w, https:\/\/epi.org.mk\/wp-content\/uploads\/debatna-anketa-1-768x512.jpg 768w, https:\/\/epi.org.mk\/wp-content\/uploads\/debatna-anketa-1-1536x1024.jpg 1536w, https:\/\/epi.org.mk\/wp-content\/uploads\/debatna-anketa-1-18x12.jpg 18w, https:\/\/epi.org.mk\/wp-content\/uploads\/debatna-anketa-1.jpg 1620w\" sizes=\"(max-width: 800px) 100vw, 800px\" \/><\/p>\n<p>Nga anketa fillestare e realizuar me nj\u00eb most\u00ebr p\u00ebrfaq\u00ebsuese prej 1200 qytetar\u00eb nga mbar\u00eb vendi, mbi 140 qytetar\u00eb erdh\u00ebn n\u00eb Shkup p\u00ebr t\u00eb p\u00ebrfaq\u00ebsuar t\u00eb gjith\u00eb shtetin n\u00eb nj\u00eb dhom\u00eb t\u00eb vetme. T\u00eb ndar\u00eb n\u00eb 11 grupe, qytetar\u00ebt u informuan dhe debatuan me nj\u00ebri-tjetrin p\u00ebr dy dit\u00eb mbi k\u00ebt\u00eb tem\u00eb, e m\u00eb pas u drejtuan n\u00eb Kuvendin e Republik\u00ebs s\u00eb Maqedonis\u00eb s\u00eb Veriut, ku pyetjeve t\u00eb dala nga debatet e tyre u dhan\u00eb p\u00ebrgjigje aktor\u00ebt kryesor\u00eb shoq\u00ebror.<\/p>\n<p>Dit\u00ebn e par\u00eb u diskutua p\u00ebr modelin e p\u00ebrfshirjes s\u00eb Kuvendit t\u00eb Republik\u00ebs s\u00eb Maqedonis\u00eb s\u00eb Veriut n\u00eb procesin e aderimit n\u00eb BE. Pyetjeve t\u00eb qytetar\u00ebve u\u00a0 iu p\u00ebrgjigj\u00ebn kryetari i Kuvendit t\u00eb Republik\u00ebs s\u00eb Maqedonis\u00eb s\u00eb Veriut, Afrim Gashi, z\u00ebvend\u00ebsministri i Pun\u00ebve t\u00eb Jashtme dhe Tregtis\u00eb s\u00eb Jashtme, Zoran Dimitrovski, n\u00ebnkryetarja e LSDM-s\u00eb, Fani Karanfillova-Panovska, drejtoresha ekzekutive e Qendr\u00ebs p\u00ebr K\u00ebrkim dhe Krijim t\u00eb Politikave, Marija Ristevska dhe ish-deputeti dhe kryetari i Forumit p\u00ebr Politika t\u00eb Arsyeshme, Gordan Georgiev.<\/p>\n<p><img decoding=\"async\" class=\"size-large wp-image-33110 aligncenter\" src=\"https:\/\/epi.org.mk\/wp-content\/uploads\/ned263-1-1024x683.jpg\" alt=\"\" width=\"800\" height=\"534\" srcset=\"https:\/\/epi.org.mk\/wp-content\/uploads\/ned263-1-1024x683.jpg 1024w, https:\/\/epi.org.mk\/wp-content\/uploads\/ned263-1-300x200.jpg 300w, https:\/\/epi.org.mk\/wp-content\/uploads\/ned263-1-768x512.jpg 768w, https:\/\/epi.org.mk\/wp-content\/uploads\/ned263-1-1536x1024.jpg 1536w, https:\/\/epi.org.mk\/wp-content\/uploads\/ned263-1-18x12.jpg 18w, https:\/\/epi.org.mk\/wp-content\/uploads\/ned263-1.jpg 1620w\" sizes=\"(max-width: 800px) 100vw, 800px\" \/><\/p>\n<p>Tema e diskutimit n\u00eb dit\u00ebn e dyt\u00eb iu kushtua trupave punues t\u00eb Kuvendit t\u00eb Republik\u00ebs s\u00eb Maqedonis\u00eb s\u00eb Veriut dhe procesit t\u00eb aderimit n\u00eb BE. P\u00ebrgjigje dhan\u00eb deputeti dhe kryetari i K\u00ebshillit Nacional p\u00ebr Eurointegrime, Venko Filip\u00e7e, deputetja dhe an\u00ebtarja e Komisionit p\u00ebr \u00c7\u00ebshtje Evropiane, Eli Panova, ish-ministri i Pun\u00ebve t\u00eb Jashtme, Bujar Osmani dhe ish-sekretarja e p\u00ebrgjithshme e Kuvendit t\u00eb Republik\u00ebs s\u00eb Maqedonis\u00eb s\u00eb Veriut, Cvetanka Ivanova.<\/p>\n<p><img decoding=\"async\" class=\"size-large wp-image-33128 aligncenter\" src=\"https:\/\/epi.org.mk\/wp-content\/uploads\/ned265-1-1024x683.jpg\" alt=\"\" width=\"800\" height=\"534\" srcset=\"https:\/\/epi.org.mk\/wp-content\/uploads\/ned265-1-1024x683.jpg 1024w, https:\/\/epi.org.mk\/wp-content\/uploads\/ned265-1-300x200.jpg 300w, https:\/\/epi.org.mk\/wp-content\/uploads\/ned265-1-768x512.jpg 768w, https:\/\/epi.org.mk\/wp-content\/uploads\/ned265-1-1536x1024.jpg 1536w, https:\/\/epi.org.mk\/wp-content\/uploads\/ned265-1-18x12.jpg 18w, https:\/\/epi.org.mk\/wp-content\/uploads\/ned265-1.jpg 1620w\" sizes=\"(max-width: 800px) 100vw, 800px\" \/><\/p>\n<p>Anketa debatuese \u00ebsht\u00eb nj\u00eb form\u00eb unike e konsultimit politik q\u00eb kombinon teknikat e hulumtimit t\u00eb opinionit publik dhe diskutimit publik. Ajo synon t\u00eb paraqes\u00eb se si do t\u00eb dukej opinioni publik p\u00ebr nj\u00eb tem\u00eb t\u00eb caktuar, n\u00ebse qytetar\u00ebt do t\u00eb kishin mund\u00ebsin\u00eb t\u00eb njiheshin m\u00eb holl\u00ebsisht me tem\u00ebn. Anketa debatuese shfaq preferencat dhe mendimet e qytetar\u00ebve si para, ashtu edhe pas njohjes s\u00eb detajuar me tem\u00ebn.<\/p>\n<p><img loading=\"lazy\" decoding=\"async\" class=\"size-large wp-image-33125 aligncenter\" src=\"https:\/\/epi.org.mk\/wp-content\/uploads\/ned264-1-1024x683.jpg\" alt=\"\" width=\"800\" height=\"534\" srcset=\"https:\/\/epi.org.mk\/wp-content\/uploads\/ned264-1-1024x683.jpg 1024w, https:\/\/epi.org.mk\/wp-content\/uploads\/ned264-1-300x200.jpg 300w, https:\/\/epi.org.mk\/wp-content\/uploads\/ned264-1-768x512.jpg 768w, https:\/\/epi.org.mk\/wp-content\/uploads\/ned264-1-1536x1024.jpg 1536w, https:\/\/epi.org.mk\/wp-content\/uploads\/ned264-1-18x12.jpg 18w, https:\/\/epi.org.mk\/wp-content\/uploads\/ned264-1.jpg 1620w\" sizes=\"(max-width: 800px) 100vw, 800px\" \/><\/p>\n<p>Anketa debatuese mat rezultatet, por edhe ndryshimet n\u00eb q\u00ebndrimet e qytetar\u00ebve para dhe pas ngjarjes debatuese.<\/p>\n<p><img loading=\"lazy\" decoding=\"async\" class=\"size-large wp-image-33131 aligncenter\" src=\"https:\/\/epi.org.mk\/wp-content\/uploads\/ned267-1-1024x683.jpg\" alt=\"\" width=\"800\" height=\"534\" srcset=\"https:\/\/epi.org.mk\/wp-content\/uploads\/ned267-1-1024x683.jpg 1024w, https:\/\/epi.org.mk\/wp-content\/uploads\/ned267-1-300x200.jpg 300w, https:\/\/epi.org.mk\/wp-content\/uploads\/ned267-1-768x512.jpg 768w, https:\/\/epi.org.mk\/wp-content\/uploads\/ned267-1-1536x1024.jpg 1536w, https:\/\/epi.org.mk\/wp-content\/uploads\/ned267-1-18x12.jpg 18w, https:\/\/epi.org.mk\/wp-content\/uploads\/ned267-1.jpg 1620w\" sizes=\"(max-width: 800px) 100vw, 800px\" \/><\/p>\n<p>Ngjarja u organizua n\u00eb kuad\u00ebr t\u00eb projektit &#8220;Nxitja e pjes\u00ebmarrjes publike n\u00eb dialog konstruktiv politik&#8221;, i zbatuar nga EPI dhe i financuar nga Fondacioni Komb\u00ebtar p\u00ebr Demokraci i SHBA-s\u00eb (NED).<\/p>\n<p><img loading=\"lazy\" decoding=\"async\" class=\"size-large wp-image-33122 aligncenter\" src=\"https:\/\/epi.org.mk\/wp-content\/uploads\/ned262-1024x683.jpg\" alt=\"\" width=\"800\" height=\"534\" srcset=\"https:\/\/epi.org.mk\/wp-content\/uploads\/ned262-1024x683.jpg 1024w, https:\/\/epi.org.mk\/wp-content\/uploads\/ned262-300x200.jpg 300w, https:\/\/epi.org.mk\/wp-content\/uploads\/ned262-768x512.jpg 768w, https:\/\/epi.org.mk\/wp-content\/uploads\/ned262-1536x1024.jpg 1536w, https:\/\/epi.org.mk\/wp-content\/uploads\/ned262-18x12.jpg 18w, https:\/\/epi.org.mk\/wp-content\/uploads\/ned262.jpg 1620w\" sizes=\"(max-width: 800px) 100vw, 800px\" \/><\/p>","protected":false},"excerpt":{"rendered":"<p>Anketa e pest\u00eb Nacionale Debatuese, e organizuar nga Instituti p\u00ebr politik\u00eb evropiane (EPI) n\u00eb bashk\u00ebpunim me Qendr\u00ebn p\u00ebr demokraci deliberative pran\u00eb Universitetit Stanford nga SHBA, mblodhi bashk\u00eb mbi 140 qytetar\u00eb t\u00eb cil\u00ebt gjat\u00eb dy dit\u00ebve u informuan dhe debatuan p\u00ebr rolin e Kuvendit n\u00eb procesin e aderimit n\u00eb BE. Ata i parashtruan pyetjet e tyre [&hellip;]<\/p>","protected":false},"author":4,"featured_media":33114,"comment_status":"closed","ping_status":"open","sticky":false,"template":"","format":"standard","meta":{"_acf_changed":false,"footnotes":""},"categories":[106,114],"tags":[358,321],"class_list":["post-33139","post","type-post","status-publish","format-standard","has-post-thumbnail","hentry","category-106","category-114","tag-358","tag-slajder-al"],"acf":[],"yoast_head":"<!-- This site is optimized with the Yoast SEO plugin v24.4 - https:\/\/yoast.com\/wordpress\/plugins\/seo\/ -->\n<title>Mbi 140 qytetar\u00eb debatuan p\u00ebr dy dit\u00eb mbi rolin e Kuvendit n\u00eb procesin e aderimit n\u00eb BE - EPI<\/title>\n<meta name=\"robots\" content=\"index, follow, max-snippet:-1, max-image-preview:large, max-video-preview:-1\" \/>\n<link rel=\"canonical\" href=\"https:\/\/epi.org.mk\/sq\/post\/33139\/?lang=sq\" \/>\n<meta property=\"og:locale\" content=\"mk_MK\" \/>\n<meta property=\"og:type\" content=\"article\" \/>\n<meta property=\"og:title\" content=\"Mbi 140 qytetar\u00eb debatuan p\u00ebr dy dit\u00eb mbi rolin e Kuvendit n\u00eb procesin e aderimit n\u00eb BE - EPI\" \/>\n<meta property=\"og:description\" content=\"Anketa e pest\u00eb Nacionale Debatuese, e organizuar nga Instituti p\u00ebr politik\u00eb evropiane (EPI) n\u00eb bashk\u00ebpunim me Qendr\u00ebn p\u00ebr demokraci deliberative pran\u00eb Universitetit Stanford nga SHBA, mblodhi bashk\u00eb mbi 140 qytetar\u00eb t\u00eb cil\u00ebt gjat\u00eb dy dit\u00ebve u informuan dhe debatuan p\u00ebr rolin e Kuvendit n\u00eb procesin e aderimit n\u00eb BE. Ata i parashtruan pyetjet e tyre [&hellip;]\" \/>\n<meta property=\"og:url\" content=\"https:\/\/epi.org.mk\/sq\/post\/33139\/?lang=sq\" \/>\n<meta property=\"og:site_name\" content=\"EPI\" \/>\n<meta property=\"article:publisher\" content=\"https:\/\/www.facebook.com\/EPI.Skopje\/\" \/>\n<meta property=\"article:published_time\" content=\"2026-04-27T10:00:20+00:00\" \/>\n<meta property=\"article:modified_time\" content=\"2026-04-27T10:28:12+00:00\" \/>\n<meta property=\"og:image\" content=\"https:\/\/epi.org.mk\/wp-content\/uploads\/debatna-anketa-1.jpg\" \/>\n\t<meta property=\"og:image:width\" content=\"1620\" \/>\n\t<meta property=\"og:image:height\" content=\"1080\" \/>\n\t<meta property=\"og:image:type\" content=\"image\/jpeg\" \/>\n<meta name=\"author\" content=\"\u041d\u0430\u0443\u043c \u041b\u043e\u043a\u043e\u0441\u043a\u0438\" \/>\n<meta name=\"twitter:card\" content=\"summary_large_image\" \/>\n<meta name=\"twitter:creator\" content=\"@epi_skopje\" \/>\n<meta name=\"twitter:site\" content=\"@epi_skopje\" \/>\n<meta name=\"twitter:label1\" content=\"Written by\" \/>\n\t<meta name=\"twitter:data1\" content=\"\u041d\u0430\u0443\u043c \u041b\u043e\u043a\u043e\u0441\u043a\u0438\" \/>\n\t<meta name=\"twitter:label2\" content=\"Est. reading time\" \/>\n\t<meta name=\"twitter:data2\" content=\"4 minutes\" \/>\n<script type=\"application\/ld+json\" class=\"yoast-schema-graph\">{\"@context\":\"https:\/\/schema.org\",\"@graph\":[{\"@type\":\"Article\",\"@id\":\"https:\/\/epi.org.mk\/post\/33139?lang=sq#article\",\"isPartOf\":{\"@id\":\"https:\/\/epi.org.mk\/post\/33139?lang=sq\"},\"author\":{\"name\":\"\u041d\u0430\u0443\u043c \u041b\u043e\u043a\u043e\u0441\u043a\u0438\",\"@id\":\"https:\/\/epi.org.mk\/#\/schema\/person\/d3bccda7c7052a8ff666427b79e54a83\"},\"headline\":\"Mbi 140 qytetar\u00eb debatuan p\u00ebr dy dit\u00eb mbi rolin e Kuvendit n\u00eb procesin e aderimit n\u00eb BE\",\"datePublished\":\"2026-04-27T10:00:20+00:00\",\"dateModified\":\"2026-04-27T10:28:12+00:00\",\"mainEntityOfPage\":{\"@id\":\"https:\/\/epi.org.mk\/post\/33139?lang=sq\"},\"wordCount\":486,\"publisher\":{\"@id\":\"https:\/\/epi.org.mk\/#organization\"},\"image\":{\"@id\":\"https:\/\/epi.org.mk\/post\/33139?lang=sq#primaryimage\"},\"thumbnailUrl\":\"https:\/\/epi.org.mk\/wp-content\/uploads\/debatna-anketa-1.jpg\",\"keywords\":[\"\u0414\u0435\u043c\u043e\u043a\u0440\u0430\u0442\u0438\u0458\u0430 \u0438 \u0432\u043b\u0430\u0434\u0435\u0435\u045a\u0435 \u043d\u0430 \u043f\u0440\u0430\u0432\u043e\",\"slajder-al\"],\"articleSection\":[\"\u041d\u043e\u0432\u043e\u0441\u0442\u0438\",\"\u041d\u0430\u0441\u0442\u0430\u043d\u0438\"],\"inLanguage\":\"mk-MK\"},{\"@type\":\"WebPage\",\"@id\":\"https:\/\/epi.org.mk\/post\/33139?lang=sq\",\"url\":\"https:\/\/epi.org.mk\/post\/33139?lang=sq\",\"name\":\"Mbi 140 qytetar\u00eb debatuan p\u00ebr dy dit\u00eb mbi rolin e Kuvendit n\u00eb procesin e aderimit n\u00eb BE - EPI\",\"isPartOf\":{\"@id\":\"https:\/\/epi.org.mk\/#website\"},\"primaryImageOfPage\":{\"@id\":\"https:\/\/epi.org.mk\/post\/33139?lang=sq#primaryimage\"},\"image\":{\"@id\":\"https:\/\/epi.org.mk\/post\/33139?lang=sq#primaryimage\"},\"thumbnailUrl\":\"https:\/\/epi.org.mk\/wp-content\/uploads\/debatna-anketa-1.jpg\",\"datePublished\":\"2026-04-27T10:00:20+00:00\",\"dateModified\":\"2026-04-27T10:28:12+00:00\",\"breadcrumb\":{\"@id\":\"https:\/\/epi.org.mk\/post\/33139?lang=sq#breadcrumb\"},\"inLanguage\":\"mk-MK\",\"potentialAction\":[{\"@type\":\"ReadAction\",\"target\":[\"https:\/\/epi.org.mk\/post\/33139?lang=sq\"]}]},{\"@type\":\"ImageObject\",\"inLanguage\":\"mk-MK\",\"@id\":\"https:\/\/epi.org.mk\/post\/33139?lang=sq#primaryimage\",\"url\":\"https:\/\/epi.org.mk\/wp-content\/uploads\/debatna-anketa-1.jpg\",\"contentUrl\":\"https:\/\/epi.org.mk\/wp-content\/uploads\/debatna-anketa-1.jpg\",\"width\":1620,\"height\":1080},{\"@type\":\"BreadcrumbList\",\"@id\":\"https:\/\/epi.org.mk\/post\/33139?lang=sq#breadcrumb\",\"itemListElement\":[{\"@type\":\"ListItem\",\"position\":1,\"name\":\"Home\",\"item\":\"https:\/\/epi.org.mk\/\"},{\"@type\":\"ListItem\",\"position\":2,\"name\":\"Mbi 140 qytetar\u00eb debatuan p\u00ebr dy dit\u00eb mbi rolin e Kuvendit n\u00eb procesin e aderimit n\u00eb BE\"}]},{\"@type\":\"WebSite\",\"@id\":\"https:\/\/epi.org.mk\/#website\",\"url\":\"https:\/\/epi.org.mk\/\",\"name\":\"EPI\",\"description\":\"\u0418\u043d\u0441\u0442\u0438\u0442\u0443\u0442 \u0437\u0430 \u0435\u0432\u0440\u043e\u043f\u0441\u043a\u0430 \u043f\u043e\u043b\u0438\u0442\u0438\u043a\u0430\",\"publisher\":{\"@id\":\"https:\/\/epi.org.mk\/#organization\"},\"potentialAction\":[{\"@type\":\"SearchAction\",\"target\":{\"@type\":\"EntryPoint\",\"urlTemplate\":\"https:\/\/epi.org.mk\/?s={search_term_string}\"},\"query-input\":{\"@type\":\"PropertyValueSpecification\",\"valueRequired\":true,\"valueName\":\"search_term_string\"}}],\"inLanguage\":\"mk-MK\"},{\"@type\":\"Organization\",\"@id\":\"https:\/\/epi.org.mk\/#organization\",\"name\":\"European Policy Institute - Skopje\",\"alternateName\":\"EPI Skopje\",\"url\":\"https:\/\/epi.org.mk\/\",\"logo\":{\"@type\":\"ImageObject\",\"inLanguage\":\"mk-MK\",\"@id\":\"https:\/\/epi.org.mk\/#\/schema\/logo\/image\/\",\"url\":\"https:\/\/epi.org.mk\/wp-content\/uploads\/epi-logo.jpg\",\"contentUrl\":\"https:\/\/epi.org.mk\/wp-content\/uploads\/epi-logo.jpg\",\"width\":909,\"height\":909,\"caption\":\"European Policy Institute - Skopje\"},\"image\":{\"@id\":\"https:\/\/epi.org.mk\/#\/schema\/logo\/image\/\"},\"sameAs\":[\"https:\/\/www.facebook.com\/EPI.Skopje\/\",\"https:\/\/x.com\/epi_skopje\",\"https:\/\/www.instagram.com\/epi.skopje\/\",\"https:\/\/www.linkedin.com\/company\/epi-skopje\"]},{\"@type\":\"Person\",\"@id\":\"https:\/\/epi.org.mk\/#\/schema\/person\/d3bccda7c7052a8ff666427b79e54a83\",\"name\":\"\u041d\u0430\u0443\u043c \u041b\u043e\u043a\u043e\u0441\u043a\u0438\",\"image\":{\"@type\":\"ImageObject\",\"inLanguage\":\"mk-MK\",\"@id\":\"https:\/\/epi.org.mk\/#\/schema\/person\/image\/\",\"url\":\"https:\/\/secure.gravatar.com\/avatar\/f9e8b68f998732685ae37ad350a11a67233e1bf00791e498034822ca264146d6?s=96&d=mm&r=g\",\"contentUrl\":\"https:\/\/secure.gravatar.com\/avatar\/f9e8b68f998732685ae37ad350a11a67233e1bf00791e498034822ca264146d6?s=96&d=mm&r=g\",\"caption\":\"\u041d\u0430\u0443\u043c \u041b\u043e\u043a\u043e\u0441\u043a\u0438\"},\"url\":\"https:\/\/epi.org.mk\/sq\/post\/author\/naum-lokoski\"}]}<\/script>\n<!-- \/ Yoast SEO plugin. -->","yoast_head_json":{"title":"Mbi 140 qytetar\u00eb debatuan p\u00ebr dy dit\u00eb mbi rolin e Kuvendit n\u00eb procesin e aderimit n\u00eb BE - EPI","robots":{"index":"index","follow":"follow","max-snippet":"max-snippet:-1","max-image-preview":"max-image-preview:large","max-video-preview":"max-video-preview:-1"},"canonical":"https:\/\/epi.org.mk\/sq\/post\/33139\/?lang=sq","og_locale":"mk_MK","og_type":"article","og_title":"Mbi 140 qytetar\u00eb debatuan p\u00ebr dy dit\u00eb mbi rolin e Kuvendit n\u00eb procesin e aderimit n\u00eb BE - EPI","og_description":"Anketa e pest\u00eb Nacionale Debatuese, e organizuar nga Instituti p\u00ebr politik\u00eb evropiane (EPI) n\u00eb bashk\u00ebpunim me Qendr\u00ebn p\u00ebr demokraci deliberative pran\u00eb Universitetit Stanford nga SHBA, mblodhi bashk\u00eb mbi 140 qytetar\u00eb t\u00eb cil\u00ebt gjat\u00eb dy dit\u00ebve u informuan dhe debatuan p\u00ebr rolin e Kuvendit n\u00eb procesin e aderimit n\u00eb BE. Ata i parashtruan pyetjet e tyre [&hellip;]","og_url":"https:\/\/epi.org.mk\/sq\/post\/33139\/?lang=sq","og_site_name":"EPI","article_publisher":"https:\/\/www.facebook.com\/EPI.Skopje\/","article_published_time":"2026-04-27T10:00:20+00:00","article_modified_time":"2026-04-27T10:28:12+00:00","og_image":[{"width":1620,"height":1080,"url":"https:\/\/epi.org.mk\/wp-content\/uploads\/debatna-anketa-1.jpg","type":"image\/jpeg"}],"author":"\u041d\u0430\u0443\u043c \u041b\u043e\u043a\u043e\u0441\u043a\u0438","twitter_card":"summary_large_image","twitter_creator":"@epi_skopje","twitter_site":"@epi_skopje","twitter_misc":{"Written by":"\u041d\u0430\u0443\u043c \u041b\u043e\u043a\u043e\u0441\u043a\u0438","Est. reading time":"4 minutes"},"schema":{"@context":"https:\/\/schema.org","@graph":[{"@type":"Article","@id":"https:\/\/epi.org.mk\/post\/33139?lang=sq#article","isPartOf":{"@id":"https:\/\/epi.org.mk\/post\/33139?lang=sq"},"author":{"name":"\u041d\u0430\u0443\u043c \u041b\u043e\u043a\u043e\u0441\u043a\u0438","@id":"https:\/\/epi.org.mk\/#\/schema\/person\/d3bccda7c7052a8ff666427b79e54a83"},"headline":"Mbi 140 qytetar\u00eb debatuan p\u00ebr dy dit\u00eb mbi rolin e Kuvendit n\u00eb procesin e aderimit n\u00eb BE","datePublished":"2026-04-27T10:00:20+00:00","dateModified":"2026-04-27T10:28:12+00:00","mainEntityOfPage":{"@id":"https:\/\/epi.org.mk\/post\/33139?lang=sq"},"wordCount":486,"publisher":{"@id":"https:\/\/epi.org.mk\/#organization"},"image":{"@id":"https:\/\/epi.org.mk\/post\/33139?lang=sq#primaryimage"},"thumbnailUrl":"https:\/\/epi.org.mk\/wp-content\/uploads\/debatna-anketa-1.jpg","keywords":["\u0414\u0435\u043c\u043e\u043a\u0440\u0430\u0442\u0438\u0458\u0430 \u0438 \u0432\u043b\u0430\u0434\u0435\u0435\u045a\u0435 \u043d\u0430 \u043f\u0440\u0430\u0432\u043e","slajder-al"],"articleSection":["\u041d\u043e\u0432\u043e\u0441\u0442\u0438","\u041d\u0430\u0441\u0442\u0430\u043d\u0438"],"inLanguage":"mk-MK"},{"@type":"WebPage","@id":"https:\/\/epi.org.mk\/post\/33139?lang=sq","url":"https:\/\/epi.org.mk\/post\/33139?lang=sq","name":"Mbi 140 qytetar\u00eb debatuan p\u00ebr dy dit\u00eb mbi rolin e Kuvendit n\u00eb procesin e aderimit n\u00eb BE - EPI","isPartOf":{"@id":"https:\/\/epi.org.mk\/#website"},"primaryImageOfPage":{"@id":"https:\/\/epi.org.mk\/post\/33139?lang=sq#primaryimage"},"image":{"@id":"https:\/\/epi.org.mk\/post\/33139?lang=sq#primaryimage"},"thumbnailUrl":"https:\/\/epi.org.mk\/wp-content\/uploads\/debatna-anketa-1.jpg","datePublished":"2026-04-27T10:00:20+00:00","dateModified":"2026-04-27T10:28:12+00:00","breadcrumb":{"@id":"https:\/\/epi.org.mk\/post\/33139?lang=sq#breadcrumb"},"inLanguage":"mk-MK","potentialAction":[{"@type":"ReadAction","target":["https:\/\/epi.org.mk\/post\/33139?lang=sq"]}]},{"@type":"ImageObject","inLanguage":"mk-MK","@id":"https:\/\/epi.org.mk\/post\/33139?lang=sq#primaryimage","url":"https:\/\/epi.org.mk\/wp-content\/uploads\/debatna-anketa-1.jpg","contentUrl":"https:\/\/epi.org.mk\/wp-content\/uploads\/debatna-anketa-1.jpg","width":1620,"height":1080},{"@type":"BreadcrumbList","@id":"https:\/\/epi.org.mk\/post\/33139?lang=sq#breadcrumb","itemListElement":[{"@type":"ListItem","position":1,"name":"Home","item":"https:\/\/epi.org.mk\/"},{"@type":"ListItem","position":2,"name":"Mbi 140 qytetar\u00eb debatuan p\u00ebr dy dit\u00eb mbi rolin e Kuvendit n\u00eb procesin e aderimit n\u00eb BE"}]},{"@type":"WebSite","@id":"https:\/\/epi.org.mk\/#website","url":"https:\/\/epi.org.mk\/","name":"EPI","description":"\u0418\u043d\u0441\u0442\u0438\u0442\u0443\u0442 \u0437\u0430 \u0435\u0432\u0440\u043e\u043f\u0441\u043a\u0430 \u043f\u043e\u043b\u0438\u0442\u0438\u043a\u0430","publisher":{"@id":"https:\/\/epi.org.mk\/#organization"},"potentialAction":[{"@type":"SearchAction","target":{"@type":"EntryPoint","urlTemplate":"https:\/\/epi.org.mk\/?s={search_term_string}"},"query-input":{"@type":"PropertyValueSpecification","valueRequired":true,"valueName":"search_term_string"}}],"inLanguage":"mk-MK"},{"@type":"Organization","@id":"https:\/\/epi.org.mk\/#organization","name":"European Policy Institute - Skopje","alternateName":"EPI Skopje","url":"https:\/\/epi.org.mk\/","logo":{"@type":"ImageObject","inLanguage":"mk-MK","@id":"https:\/\/epi.org.mk\/#\/schema\/logo\/image\/","url":"https:\/\/epi.org.mk\/wp-content\/uploads\/epi-logo.jpg","contentUrl":"https:\/\/epi.org.mk\/wp-content\/uploads\/epi-logo.jpg","width":909,"height":909,"caption":"European Policy Institute - Skopje"},"image":{"@id":"https:\/\/epi.org.mk\/#\/schema\/logo\/image\/"},"sameAs":["https:\/\/www.facebook.com\/EPI.Skopje\/","https:\/\/x.com\/epi_skopje","https:\/\/www.instagram.com\/epi.skopje\/","https:\/\/www.linkedin.com\/company\/epi-skopje"]},{"@type":"Person","@id":"https:\/\/epi.org.mk\/#\/schema\/person\/d3bccda7c7052a8ff666427b79e54a83","name":"\u041d\u0430\u0443\u043c \u041b\u043e\u043a\u043e\u0441\u043a\u0438","image":{"@type":"ImageObject","inLanguage":"mk-MK","@id":"https:\/\/epi.org.mk\/#\/schema\/person\/image\/","url":"https:\/\/secure.gravatar.com\/avatar\/f9e8b68f998732685ae37ad350a11a67233e1bf00791e498034822ca264146d6?s=96&d=mm&r=g","contentUrl":"https:\/\/secure.gravatar.com\/avatar\/f9e8b68f998732685ae37ad350a11a67233e1bf00791e498034822ca264146d6?s=96&d=mm&r=g","caption":"\u041d\u0430\u0443\u043c \u041b\u043e\u043a\u043e\u0441\u043a\u0438"},"url":"https:\/\/epi.org.mk\/sq\/post\/author\/naum-lokoski"}]}},"_links":{"self":[{"href":"https:\/\/epi.org.mk\/sq\/wp-json\/wp\/v2\/posts\/33139","targetHints":{"allow":["GET"]}}],"collection":[{"href":"https:\/\/epi.org.mk\/sq\/wp-json\/wp\/v2\/posts"}],"about":[{"href":"https:\/\/epi.org.mk\/sq\/wp-json\/wp\/v2\/types\/post"}],"author":[{"embeddable":true,"href":"https:\/\/epi.org.mk\/sq\/wp-json\/wp\/v2\/users\/4"}],"replies":[{"embeddable":true,"href":"https:\/\/epi.org.mk\/sq\/wp-json\/wp\/v2\/comments?post=33139"}],"version-history":[{"count":2,"href":"https:\/\/epi.org.mk\/sq\/wp-json\/wp\/v2\/posts\/33139\/revisions"}],"predecessor-version":[{"id":33141,"href":"https:\/\/epi.org.mk\/sq\/wp-json\/wp\/v2\/posts\/33139\/revisions\/33141"}],"wp:featuredmedia":[{"embeddable":true,"href":"https:\/\/epi.org.mk\/sq\/wp-json\/wp\/v2\/media\/33114"}],"wp:attachment":[{"href":"https:\/\/epi.org.mk\/sq\/wp-json\/wp\/v2\/media?parent=33139"}],"wp:term":[{"taxonomy":"category","embeddable":true,"href":"https:\/\/epi.org.mk\/sq\/wp-json\/wp\/v2\/categories?post=33139"},{"taxonomy":"post_tag","embeddable":true,"href":"https:\/\/epi.org.mk\/sq\/wp-json\/wp\/v2\/tags?post=33139"}],"curies":[{"name":"wp","href":"https:\/\/api.w.org\/{rel}","templated":true}]}}