{"id":33084,"date":"2026-04-25T11:21:09","date_gmt":"2026-04-25T09:21:09","guid":{"rendered":"https:\/\/epi.org.mk\/post\/33084"},"modified":"2026-04-27T11:29:57","modified_gmt":"2026-04-27T09:29:57","slug":"%d0%bc%d0%b0%d1%82%d0%b5%d1%80%d0%b8%d1%98%d0%b0%d0%bb%d0%b8-%d0%b7%d0%b0-%d0%b8%d0%bd%d1%84%d0%be%d1%80%d0%bc%d0%b8%d1%80%d0%b0%d1%9a%d0%b5-%d0%b3%d0%bb%d0%b0%d1%81%d0%be%d1%82-%d0%bd%d0%b0-%d0%b3","status":"publish","type":"post","link":"https:\/\/epi.org.mk\/sq\/post\/33084?lang=sq","title":{"rendered":"[Materiale p\u00ebr informim] Z\u00ebri i qytetar\u00ebve n\u00eb Kuvend: Debat Nacional p\u00ebr rolin e Kuvendit n\u00eb procesin e aderimit n\u00eb BE"},"content":{"rendered":"<p><a href=\"https:\/\/epi.org.mk\/wp-content\/uploads\/Zeri-i-qytetareve-ne-Kuvend_Debat-nacional-per-rolin-e-Kuvendit-ne-procesin-e-negociatave-me-BE-ne.pdf\"><img fetchpriority=\"high\" decoding=\"async\" class=\"alignright wp-image-33089\" src=\"https:\/\/epi.org.mk\/wp-content\/uploads\/brifing-al-724x1024.jpg\" alt=\"\" width=\"500\" height=\"707\" srcset=\"https:\/\/epi.org.mk\/wp-content\/uploads\/brifing-al-724x1024.jpg 724w, https:\/\/epi.org.mk\/wp-content\/uploads\/brifing-al-212x300.jpg 212w, https:\/\/epi.org.mk\/wp-content\/uploads\/brifing-al-768x1087.jpg 768w, https:\/\/epi.org.mk\/wp-content\/uploads\/brifing-al-8x12.jpg 8w, https:\/\/epi.org.mk\/wp-content\/uploads\/brifing-al.jpg 1058w\" sizes=\"(max-width: 500px) 100vw, 500px\" \/><\/a><\/p>\n<p><strong>Anket\u00eb debative mbi p\u00ebrpar\u00ebsit\u00eb dhe mang\u00ebsit\u00eb e rolit dhe modeleve t\u00eb p\u00ebrfshirjes s\u00eb Kuvendit n\u00eb procesin e an\u00ebtar\u00ebsimit n\u00eb Bashkimin Evropian<\/strong><\/p>\n<p>Ky dokument synon t\u00eb ofroj\u00eb nj\u00eb baz\u00eb t\u00eb qart\u00eb dhe t\u00eb strukturuar p\u00ebr reflektim dhe diskutim mbi rolin dhe funksionimin e Kuvendit, me theks t\u00eb ve\u00e7ant\u00eb n\u00eb procesin e an\u00ebtar\u00ebsimit t\u00eb shtetit n\u00eb Bashkimin Evropian.<\/p>\n<p><strong>M\u00eb konkretisht, dokumenti:<\/strong><\/p>\n<ul>\n<li>shpjegon funksionet themelore t\u00eb Kuvendit n\u00eb sistemin kushtetues dhe politik;<\/li>\n<li>identifikon sfidat strukturore n\u00eb funksionimin e tij;<\/li>\n<li>shqyrton argumentet \u201cpro\u201d dhe \u201ckund\u00ebr\u201d t\u00eb interpretimeve t\u00eb ndryshme t\u00eb rolit t\u00eb tij;<\/li>\n<li>mund\u00ebson hap\u00ebsir\u00eb p\u00ebr rishqyrtim kritik t\u00eb marr\u00ebdh\u00ebnies nd\u00ebrmjet pushtetit legjislativ dhe atij ekzekutiv;<\/li>\n<li>nxit debat publik t\u00eb informuar, t\u00eb argumentuar dhe gjith\u00ebp\u00ebrfshir\u00ebs.<\/li>\n<\/ul>","protected":false},"excerpt":{"rendered":"<p>Anket\u00eb debative mbi p\u00ebrpar\u00ebsit\u00eb dhe mang\u00ebsit\u00eb e rolit dhe modeleve t\u00eb p\u00ebrfshirjes s\u00eb Kuvendit n\u00eb procesin e an\u00ebtar\u00ebsimit n\u00eb Bashkimin Evropian Ky dokument synon t\u00eb ofroj\u00eb nj\u00eb baz\u00eb t\u00eb qart\u00eb dhe t\u00eb strukturuar p\u00ebr reflektim dhe diskutim mbi rolin dhe funksionimin e Kuvendit, me theks t\u00eb ve\u00e7ant\u00eb n\u00eb procesin e an\u00ebtar\u00ebsimit t\u00eb shtetit n\u00eb Bashkimin [&hellip;]<\/p>","protected":false},"author":4,"featured_media":33081,"comment_status":"closed","ping_status":"open","sticky":false,"template":"","format":"standard","meta":{"_acf_changed":false,"footnotes":""},"categories":[119,156],"tags":[393,358],"class_list":["post-33084","post","type-post","status-publish","format-standard","has-post-thumbnail","hentry","category-119","category-test","tag-393","tag-358"],"acf":[],"yoast_head":"<!-- This site is optimized with the Yoast SEO plugin v24.4 - https:\/\/yoast.com\/wordpress\/plugins\/seo\/ -->\n<title>[Materiale p\u00ebr informim] Z\u00ebri i qytetar\u00ebve n\u00eb Kuvend: Debat Nacional p\u00ebr rolin e Kuvendit n\u00eb procesin e aderimit n\u00eb BE - EPI<\/title>\n<meta name=\"robots\" content=\"index, follow, max-snippet:-1, max-image-preview:large, max-video-preview:-1\" \/>\n<link rel=\"canonical\" href=\"https:\/\/epi.org.mk\/sq\/post\/33084\/?lang=sq\" \/>\n<meta property=\"og:locale\" content=\"mk_MK\" \/>\n<meta property=\"og:type\" content=\"article\" \/>\n<meta property=\"og:title\" content=\"[Materiale p\u00ebr informim] Z\u00ebri i qytetar\u00ebve n\u00eb Kuvend: Debat Nacional p\u00ebr rolin e Kuvendit n\u00eb procesin e aderimit n\u00eb BE - EPI\" \/>\n<meta property=\"og:description\" content=\"Anket\u00eb debative mbi p\u00ebrpar\u00ebsit\u00eb dhe mang\u00ebsit\u00eb e rolit dhe modeleve t\u00eb p\u00ebrfshirjes s\u00eb Kuvendit n\u00eb procesin e an\u00ebtar\u00ebsimit n\u00eb Bashkimin Evropian Ky dokument synon t\u00eb ofroj\u00eb nj\u00eb baz\u00eb t\u00eb qart\u00eb dhe t\u00eb strukturuar p\u00ebr reflektim dhe diskutim mbi rolin dhe funksionimin e Kuvendit, me theks t\u00eb ve\u00e7ant\u00eb n\u00eb procesin e an\u00ebtar\u00ebsimit t\u00eb shtetit n\u00eb Bashkimin [&hellip;]\" \/>\n<meta property=\"og:url\" content=\"https:\/\/epi.org.mk\/sq\/post\/33084\/?lang=sq\" \/>\n<meta property=\"og:site_name\" content=\"EPI\" \/>\n<meta property=\"article:publisher\" content=\"https:\/\/www.facebook.com\/EPI.Skopje\/\" \/>\n<meta property=\"article:published_time\" content=\"2026-04-25T09:21:09+00:00\" \/>\n<meta property=\"article:modified_time\" content=\"2026-04-27T09:29:57+00:00\" \/>\n<meta property=\"og:image\" content=\"https:\/\/epi.org.mk\/wp-content\/uploads\/mockup-briefing-mk.jpg\" \/>\n\t<meta property=\"og:image:width\" content=\"1000\" \/>\n\t<meta property=\"og:image:height\" content=\"750\" \/>\n\t<meta property=\"og:image:type\" content=\"image\/jpeg\" \/>\n<meta name=\"author\" content=\"\u041d\u0430\u0443\u043c \u041b\u043e\u043a\u043e\u0441\u043a\u0438\" \/>\n<meta name=\"twitter:card\" content=\"summary_large_image\" \/>\n<meta name=\"twitter:creator\" content=\"@epi_skopje\" \/>\n<meta name=\"twitter:site\" content=\"@epi_skopje\" \/>\n<meta name=\"twitter:label1\" content=\"Written by\" \/>\n\t<meta name=\"twitter:data1\" content=\"\u041d\u0430\u0443\u043c \u041b\u043e\u043a\u043e\u0441\u043a\u0438\" \/>\n\t<meta name=\"twitter:label2\" content=\"Est. reading time\" \/>\n\t<meta name=\"twitter:data2\" content=\"2 minutes\" \/>\n<script type=\"application\/ld+json\" class=\"yoast-schema-graph\">{\"@context\":\"https:\/\/schema.org\",\"@graph\":[{\"@type\":\"Article\",\"@id\":\"https:\/\/epi.org.mk\/post\/33084?lang=sq#article\",\"isPartOf\":{\"@id\":\"https:\/\/epi.org.mk\/post\/33084?lang=sq\"},\"author\":{\"name\":\"\u041d\u0430\u0443\u043c \u041b\u043e\u043a\u043e\u0441\u043a\u0438\",\"@id\":\"https:\/\/epi.org.mk\/#\/schema\/person\/d3bccda7c7052a8ff666427b79e54a83\"},\"headline\":\"[Materiale p\u00ebr informim] Z\u00ebri i qytetar\u00ebve n\u00eb Kuvend: Debat Nacional p\u00ebr rolin e Kuvendit n\u00eb procesin e aderimit n\u00eb BE\",\"datePublished\":\"2026-04-25T09:21:09+00:00\",\"dateModified\":\"2026-04-27T09:29:57+00:00\",\"mainEntityOfPage\":{\"@id\":\"https:\/\/epi.org.mk\/post\/33084?lang=sq\"},\"wordCount\":155,\"publisher\":{\"@id\":\"https:\/\/epi.org.mk\/#organization\"},\"image\":{\"@id\":\"https:\/\/epi.org.mk\/post\/33084?lang=sq#primaryimage\"},\"thumbnailUrl\":\"https:\/\/epi.org.mk\/wp-content\/uploads\/mockup-briefing-mk.jpg\",\"keywords\":[\"2026\",\"\u0414\u0435\u043c\u043e\u043a\u0440\u0430\u0442\u0438\u0458\u0430 \u0438 \u0432\u043b\u0430\u0434\u0435\u0435\u045a\u0435 \u043d\u0430 \u043f\u0440\u0430\u0432\u043e\"],\"articleSection\":[\"\u041a\u0440\u0430\u0442\u043a\u0438 \u0434\u043e\u043a\u0443\u043c\u0435\u043d\u0442\u0438 \u0437\u0430 \u043f\u043e\u043b\u0438\u0442\u0438\u043a\u0430\",\"\u0418\u0437\u0434\u0430\u043d\u0438\u0458\u0430\"],\"inLanguage\":\"mk-MK\"},{\"@type\":\"WebPage\",\"@id\":\"https:\/\/epi.org.mk\/post\/33084?lang=sq\",\"url\":\"https:\/\/epi.org.mk\/post\/33084?lang=sq\",\"name\":\"[Materiale p\u00ebr informim] Z\u00ebri i qytetar\u00ebve n\u00eb Kuvend: Debat Nacional p\u00ebr rolin e Kuvendit n\u00eb procesin e aderimit n\u00eb BE - EPI\",\"isPartOf\":{\"@id\":\"https:\/\/epi.org.mk\/#website\"},\"primaryImageOfPage\":{\"@id\":\"https:\/\/epi.org.mk\/post\/33084?lang=sq#primaryimage\"},\"image\":{\"@id\":\"https:\/\/epi.org.mk\/post\/33084?lang=sq#primaryimage\"},\"thumbnailUrl\":\"https:\/\/epi.org.mk\/wp-content\/uploads\/mockup-briefing-mk.jpg\",\"datePublished\":\"2026-04-25T09:21:09+00:00\",\"dateModified\":\"2026-04-27T09:29:57+00:00\",\"breadcrumb\":{\"@id\":\"https:\/\/epi.org.mk\/post\/33084?lang=sq#breadcrumb\"},\"inLanguage\":\"mk-MK\",\"potentialAction\":[{\"@type\":\"ReadAction\",\"target\":[\"https:\/\/epi.org.mk\/post\/33084?lang=sq\"]}]},{\"@type\":\"ImageObject\",\"inLanguage\":\"mk-MK\",\"@id\":\"https:\/\/epi.org.mk\/post\/33084?lang=sq#primaryimage\",\"url\":\"https:\/\/epi.org.mk\/wp-content\/uploads\/mockup-briefing-mk.jpg\",\"contentUrl\":\"https:\/\/epi.org.mk\/wp-content\/uploads\/mockup-briefing-mk.jpg\",\"width\":1000,\"height\":750},{\"@type\":\"BreadcrumbList\",\"@id\":\"https:\/\/epi.org.mk\/post\/33084?lang=sq#breadcrumb\",\"itemListElement\":[{\"@type\":\"ListItem\",\"position\":1,\"name\":\"Home\",\"item\":\"https:\/\/epi.org.mk\/\"},{\"@type\":\"ListItem\",\"position\":2,\"name\":\"[Materiale p\u00ebr informim] Z\u00ebri i qytetar\u00ebve n\u00eb Kuvend: Debat Nacional p\u00ebr rolin e Kuvendit n\u00eb procesin e aderimit n\u00eb BE\"}]},{\"@type\":\"WebSite\",\"@id\":\"https:\/\/epi.org.mk\/#website\",\"url\":\"https:\/\/epi.org.mk\/\",\"name\":\"EPI\",\"description\":\"\u0418\u043d\u0441\u0442\u0438\u0442\u0443\u0442 \u0437\u0430 \u0435\u0432\u0440\u043e\u043f\u0441\u043a\u0430 \u043f\u043e\u043b\u0438\u0442\u0438\u043a\u0430\",\"publisher\":{\"@id\":\"https:\/\/epi.org.mk\/#organization\"},\"potentialAction\":[{\"@type\":\"SearchAction\",\"target\":{\"@type\":\"EntryPoint\",\"urlTemplate\":\"https:\/\/epi.org.mk\/?s={search_term_string}\"},\"query-input\":{\"@type\":\"PropertyValueSpecification\",\"valueRequired\":true,\"valueName\":\"search_term_string\"}}],\"inLanguage\":\"mk-MK\"},{\"@type\":\"Organization\",\"@id\":\"https:\/\/epi.org.mk\/#organization\",\"name\":\"European Policy Institute - Skopje\",\"alternateName\":\"EPI Skopje\",\"url\":\"https:\/\/epi.org.mk\/\",\"logo\":{\"@type\":\"ImageObject\",\"inLanguage\":\"mk-MK\",\"@id\":\"https:\/\/epi.org.mk\/#\/schema\/logo\/image\/\",\"url\":\"https:\/\/epi.org.mk\/wp-content\/uploads\/epi-logo.jpg\",\"contentUrl\":\"https:\/\/epi.org.mk\/wp-content\/uploads\/epi-logo.jpg\",\"width\":909,\"height\":909,\"caption\":\"European Policy Institute - Skopje\"},\"image\":{\"@id\":\"https:\/\/epi.org.mk\/#\/schema\/logo\/image\/\"},\"sameAs\":[\"https:\/\/www.facebook.com\/EPI.Skopje\/\",\"https:\/\/x.com\/epi_skopje\",\"https:\/\/www.instagram.com\/epi.skopje\/\",\"https:\/\/www.linkedin.com\/company\/epi-skopje\"]},{\"@type\":\"Person\",\"@id\":\"https:\/\/epi.org.mk\/#\/schema\/person\/d3bccda7c7052a8ff666427b79e54a83\",\"name\":\"\u041d\u0430\u0443\u043c \u041b\u043e\u043a\u043e\u0441\u043a\u0438\",\"image\":{\"@type\":\"ImageObject\",\"inLanguage\":\"mk-MK\",\"@id\":\"https:\/\/epi.org.mk\/#\/schema\/person\/image\/\",\"url\":\"https:\/\/secure.gravatar.com\/avatar\/f9e8b68f998732685ae37ad350a11a67233e1bf00791e498034822ca264146d6?s=96&d=mm&r=g\",\"contentUrl\":\"https:\/\/secure.gravatar.com\/avatar\/f9e8b68f998732685ae37ad350a11a67233e1bf00791e498034822ca264146d6?s=96&d=mm&r=g\",\"caption\":\"\u041d\u0430\u0443\u043c \u041b\u043e\u043a\u043e\u0441\u043a\u0438\"},\"url\":\"https:\/\/epi.org.mk\/sq\/post\/author\/naum-lokoski\"}]}<\/script>\n<!-- \/ Yoast SEO plugin. -->","yoast_head_json":{"title":"[Materiale p\u00ebr informim] Z\u00ebri i qytetar\u00ebve n\u00eb Kuvend: Debat Nacional p\u00ebr rolin e Kuvendit n\u00eb procesin e aderimit n\u00eb BE - EPI","robots":{"index":"index","follow":"follow","max-snippet":"max-snippet:-1","max-image-preview":"max-image-preview:large","max-video-preview":"max-video-preview:-1"},"canonical":"https:\/\/epi.org.mk\/sq\/post\/33084\/?lang=sq","og_locale":"mk_MK","og_type":"article","og_title":"[Materiale p\u00ebr informim] Z\u00ebri i qytetar\u00ebve n\u00eb Kuvend: Debat Nacional p\u00ebr rolin e Kuvendit n\u00eb procesin e aderimit n\u00eb BE - EPI","og_description":"Anket\u00eb debative mbi p\u00ebrpar\u00ebsit\u00eb dhe mang\u00ebsit\u00eb e rolit dhe modeleve t\u00eb p\u00ebrfshirjes s\u00eb Kuvendit n\u00eb procesin e an\u00ebtar\u00ebsimit n\u00eb Bashkimin Evropian Ky dokument synon t\u00eb ofroj\u00eb nj\u00eb baz\u00eb t\u00eb qart\u00eb dhe t\u00eb strukturuar p\u00ebr reflektim dhe diskutim mbi rolin dhe funksionimin e Kuvendit, me theks t\u00eb ve\u00e7ant\u00eb n\u00eb procesin e an\u00ebtar\u00ebsimit t\u00eb shtetit n\u00eb Bashkimin [&hellip;]","og_url":"https:\/\/epi.org.mk\/sq\/post\/33084\/?lang=sq","og_site_name":"EPI","article_publisher":"https:\/\/www.facebook.com\/EPI.Skopje\/","article_published_time":"2026-04-25T09:21:09+00:00","article_modified_time":"2026-04-27T09:29:57+00:00","og_image":[{"width":1000,"height":750,"url":"https:\/\/epi.org.mk\/wp-content\/uploads\/mockup-briefing-mk.jpg","type":"image\/jpeg"}],"author":"\u041d\u0430\u0443\u043c \u041b\u043e\u043a\u043e\u0441\u043a\u0438","twitter_card":"summary_large_image","twitter_creator":"@epi_skopje","twitter_site":"@epi_skopje","twitter_misc":{"Written by":"\u041d\u0430\u0443\u043c \u041b\u043e\u043a\u043e\u0441\u043a\u0438","Est. reading time":"2 minutes"},"schema":{"@context":"https:\/\/schema.org","@graph":[{"@type":"Article","@id":"https:\/\/epi.org.mk\/post\/33084?lang=sq#article","isPartOf":{"@id":"https:\/\/epi.org.mk\/post\/33084?lang=sq"},"author":{"name":"\u041d\u0430\u0443\u043c \u041b\u043e\u043a\u043e\u0441\u043a\u0438","@id":"https:\/\/epi.org.mk\/#\/schema\/person\/d3bccda7c7052a8ff666427b79e54a83"},"headline":"[Materiale p\u00ebr informim] Z\u00ebri i qytetar\u00ebve n\u00eb Kuvend: Debat Nacional p\u00ebr rolin e Kuvendit n\u00eb procesin e aderimit n\u00eb BE","datePublished":"2026-04-25T09:21:09+00:00","dateModified":"2026-04-27T09:29:57+00:00","mainEntityOfPage":{"@id":"https:\/\/epi.org.mk\/post\/33084?lang=sq"},"wordCount":155,"publisher":{"@id":"https:\/\/epi.org.mk\/#organization"},"image":{"@id":"https:\/\/epi.org.mk\/post\/33084?lang=sq#primaryimage"},"thumbnailUrl":"https:\/\/epi.org.mk\/wp-content\/uploads\/mockup-briefing-mk.jpg","keywords":["2026","\u0414\u0435\u043c\u043e\u043a\u0440\u0430\u0442\u0438\u0458\u0430 \u0438 \u0432\u043b\u0430\u0434\u0435\u0435\u045a\u0435 \u043d\u0430 \u043f\u0440\u0430\u0432\u043e"],"articleSection":["\u041a\u0440\u0430\u0442\u043a\u0438 \u0434\u043e\u043a\u0443\u043c\u0435\u043d\u0442\u0438 \u0437\u0430 \u043f\u043e\u043b\u0438\u0442\u0438\u043a\u0430","\u0418\u0437\u0434\u0430\u043d\u0438\u0458\u0430"],"inLanguage":"mk-MK"},{"@type":"WebPage","@id":"https:\/\/epi.org.mk\/post\/33084?lang=sq","url":"https:\/\/epi.org.mk\/post\/33084?lang=sq","name":"[Materiale p\u00ebr informim] Z\u00ebri i qytetar\u00ebve n\u00eb Kuvend: Debat Nacional p\u00ebr rolin e Kuvendit n\u00eb procesin e aderimit n\u00eb BE - EPI","isPartOf":{"@id":"https:\/\/epi.org.mk\/#website"},"primaryImageOfPage":{"@id":"https:\/\/epi.org.mk\/post\/33084?lang=sq#primaryimage"},"image":{"@id":"https:\/\/epi.org.mk\/post\/33084?lang=sq#primaryimage"},"thumbnailUrl":"https:\/\/epi.org.mk\/wp-content\/uploads\/mockup-briefing-mk.jpg","datePublished":"2026-04-25T09:21:09+00:00","dateModified":"2026-04-27T09:29:57+00:00","breadcrumb":{"@id":"https:\/\/epi.org.mk\/post\/33084?lang=sq#breadcrumb"},"inLanguage":"mk-MK","potentialAction":[{"@type":"ReadAction","target":["https:\/\/epi.org.mk\/post\/33084?lang=sq"]}]},{"@type":"ImageObject","inLanguage":"mk-MK","@id":"https:\/\/epi.org.mk\/post\/33084?lang=sq#primaryimage","url":"https:\/\/epi.org.mk\/wp-content\/uploads\/mockup-briefing-mk.jpg","contentUrl":"https:\/\/epi.org.mk\/wp-content\/uploads\/mockup-briefing-mk.jpg","width":1000,"height":750},{"@type":"BreadcrumbList","@id":"https:\/\/epi.org.mk\/post\/33084?lang=sq#breadcrumb","itemListElement":[{"@type":"ListItem","position":1,"name":"Home","item":"https:\/\/epi.org.mk\/"},{"@type":"ListItem","position":2,"name":"[Materiale p\u00ebr informim] Z\u00ebri i qytetar\u00ebve n\u00eb Kuvend: Debat Nacional p\u00ebr rolin e Kuvendit n\u00eb procesin e aderimit n\u00eb BE"}]},{"@type":"WebSite","@id":"https:\/\/epi.org.mk\/#website","url":"https:\/\/epi.org.mk\/","name":"EPI","description":"\u0418\u043d\u0441\u0442\u0438\u0442\u0443\u0442 \u0437\u0430 \u0435\u0432\u0440\u043e\u043f\u0441\u043a\u0430 \u043f\u043e\u043b\u0438\u0442\u0438\u043a\u0430","publisher":{"@id":"https:\/\/epi.org.mk\/#organization"},"potentialAction":[{"@type":"SearchAction","target":{"@type":"EntryPoint","urlTemplate":"https:\/\/epi.org.mk\/?s={search_term_string}"},"query-input":{"@type":"PropertyValueSpecification","valueRequired":true,"valueName":"search_term_string"}}],"inLanguage":"mk-MK"},{"@type":"Organization","@id":"https:\/\/epi.org.mk\/#organization","name":"European Policy Institute - Skopje","alternateName":"EPI Skopje","url":"https:\/\/epi.org.mk\/","logo":{"@type":"ImageObject","inLanguage":"mk-MK","@id":"https:\/\/epi.org.mk\/#\/schema\/logo\/image\/","url":"https:\/\/epi.org.mk\/wp-content\/uploads\/epi-logo.jpg","contentUrl":"https:\/\/epi.org.mk\/wp-content\/uploads\/epi-logo.jpg","width":909,"height":909,"caption":"European Policy Institute - Skopje"},"image":{"@id":"https:\/\/epi.org.mk\/#\/schema\/logo\/image\/"},"sameAs":["https:\/\/www.facebook.com\/EPI.Skopje\/","https:\/\/x.com\/epi_skopje","https:\/\/www.instagram.com\/epi.skopje\/","https:\/\/www.linkedin.com\/company\/epi-skopje"]},{"@type":"Person","@id":"https:\/\/epi.org.mk\/#\/schema\/person\/d3bccda7c7052a8ff666427b79e54a83","name":"\u041d\u0430\u0443\u043c \u041b\u043e\u043a\u043e\u0441\u043a\u0438","image":{"@type":"ImageObject","inLanguage":"mk-MK","@id":"https:\/\/epi.org.mk\/#\/schema\/person\/image\/","url":"https:\/\/secure.gravatar.com\/avatar\/f9e8b68f998732685ae37ad350a11a67233e1bf00791e498034822ca264146d6?s=96&d=mm&r=g","contentUrl":"https:\/\/secure.gravatar.com\/avatar\/f9e8b68f998732685ae37ad350a11a67233e1bf00791e498034822ca264146d6?s=96&d=mm&r=g","caption":"\u041d\u0430\u0443\u043c \u041b\u043e\u043a\u043e\u0441\u043a\u0438"},"url":"https:\/\/epi.org.mk\/sq\/post\/author\/naum-lokoski"}]}},"_links":{"self":[{"href":"https:\/\/epi.org.mk\/sq\/wp-json\/wp\/v2\/posts\/33084","targetHints":{"allow":["GET"]}}],"collection":[{"href":"https:\/\/epi.org.mk\/sq\/wp-json\/wp\/v2\/posts"}],"about":[{"href":"https:\/\/epi.org.mk\/sq\/wp-json\/wp\/v2\/types\/post"}],"author":[{"embeddable":true,"href":"https:\/\/epi.org.mk\/sq\/wp-json\/wp\/v2\/users\/4"}],"replies":[{"embeddable":true,"href":"https:\/\/epi.org.mk\/sq\/wp-json\/wp\/v2\/comments?post=33084"}],"version-history":[{"count":2,"href":"https:\/\/epi.org.mk\/sq\/wp-json\/wp\/v2\/posts\/33084\/revisions"}],"predecessor-version":[{"id":33092,"href":"https:\/\/epi.org.mk\/sq\/wp-json\/wp\/v2\/posts\/33084\/revisions\/33092"}],"wp:featuredmedia":[{"embeddable":true,"href":"https:\/\/epi.org.mk\/sq\/wp-json\/wp\/v2\/media\/33081"}],"wp:attachment":[{"href":"https:\/\/epi.org.mk\/sq\/wp-json\/wp\/v2\/media?parent=33084"}],"wp:term":[{"taxonomy":"category","embeddable":true,"href":"https:\/\/epi.org.mk\/sq\/wp-json\/wp\/v2\/categories?post=33084"},{"taxonomy":"post_tag","embeddable":true,"href":"https:\/\/epi.org.mk\/sq\/wp-json\/wp\/v2\/tags?post=33084"}],"curies":[{"name":"wp","href":"https:\/\/api.w.org\/{rel}","templated":true}]}}