{"id":32997,"date":"2026-03-13T16:36:25","date_gmt":"2026-03-13T15:36:25","guid":{"rendered":"https:\/\/epi.org.mk\/post\/32997"},"modified":"2026-03-13T16:38:56","modified_gmt":"2026-03-13T15:38:56","slug":"reforma-per-rritje-skema-e-granteve-te-vogla","status":"publish","type":"post","link":"https:\/\/epi.org.mk\/sq\/post\/32997?lang=sq","title":{"rendered":"Reforma p\u00ebr Rritje: Skema e Granteve t\u00eb Vogla"},"content":{"rendered":"<div data-elementor-type=\"wp-post\" data-elementor-id=\"32997\" class=\"elementor elementor-32997 elementor-32987\" data-elementor-post-type=\"post\">\n\t\t\t\t\t\t<section class=\"elementor-section elementor-top-section elementor-element elementor-element-b7abe5a elementor-section-boxed elementor-section-height-default elementor-section-height-default\" data-id=\"b7abe5a\" data-element_type=\"section\">\n\t\t\t\t\t\t<div class=\"elementor-container elementor-column-gap-default\">\n\t\t\t\t\t<div class=\"elementor-column elementor-col-100 elementor-top-column elementor-element elementor-element-de633e6\" data-id=\"de633e6\" data-element_type=\"column\">\n\t\t\t<div class=\"elementor-widget-wrap elementor-element-populated\">\n\t\t\t\t\t\t<div class=\"elementor-element elementor-element-f2ff60d elementor-widget elementor-widget-text-editor\" data-id=\"f2ff60d\" data-element_type=\"widget\" data-widget_type=\"text-editor.default\">\n\t\t\t\t<div class=\"elementor-widget-container\">\n\t\t\t\t\t\t\t<p><span style=\"font-weight: 400;\">Projekti \u201c<\/span><b>WB Reform and Growth Monitor\u201d,<\/b><span style=\"font-weight: 400;\"> i zbatuar nga an\u00ebtar\u00ebt e <\/span><b>Think for Europe Network (TEN) <\/b><span style=\"font-weight: 400;\">dhe <\/span><b>Transparency International n\u00eb Bosnje dhe Hercegovin\u00eb (TI BiH),<\/b> <span style=\"font-weight: 400;\">me mb\u00ebshtetjen e Bashkimit Evropian, shpall Thirrjen p\u00ebr Propozime n\u00eb kuad\u00ebr t\u00eb Skem\u00ebs s\u00eb Granteve t\u00eb Vogla \u201cRe-form for Growth\u201d (Small Grant Facility \u2013 SGF).<\/span><\/p>\n<p><span style=\"font-weight: 400;\">Q\u00ebllimi i k\u00ebsaj thirrjeje \u00ebsht\u00eb fuqizimi i organizatave t\u00eb shoq\u00ebris\u00eb civile p\u00ebr t\u00eb ofruar monitorim t\u00eb pavarur, advokim dhe perspektiva sektoriale lidhur me zbatimin e Planit t\u00eb Rritjes p\u00ebr Ballkanin Per\u00ebndimor (Growth Plan for the Western Balkans \u2013 GPWB).<\/span><\/p>\n<p><span style=\"font-weight: 400;\">Nj\u00eb shum\u00eb totale prej <\/span><b>314,620 euro<\/b><span style=\"font-weight: 400;\"> \u00ebsht\u00eb ndar\u00eb p\u00ebr k\u00ebt\u00eb Skem\u00eb t\u00eb Granteve t\u00eb Vogla, p\u00ebr t\u00eb mb\u00ebshtetur deri n\u00eb 20 grante, me nj\u00eb periudh\u00eb zbatimi prej <\/span><span style=\"font-weight: 400;\">10 deri n\u00eb 12 muaj p\u00ebr secilin projekt.<\/span><\/p>\n<p><span style=\"font-weight: 400;\">Korniza financiare p\u00ebr grantet \u00ebsht\u00eb si n\u00eb vijim:<\/span><\/p>\n<table>\n<tbody>\n<tr>\n<td><b>Shteti<\/b><\/td>\n<td><b>Numri i Granteve<\/b><\/td>\n<\/tr>\n<tr>\n<td><span style=\"font-weight: 400;\">Serbia<\/span><\/td>\n<td><span style=\"font-weight: 400;\">4<\/span><\/td>\n<\/tr>\n<tr>\n<td><span style=\"font-weight: 400;\">Bosnja dhe Hercegovina<\/span><\/td>\n<td><span style=\"font-weight: 400;\">4<\/span><\/td>\n<\/tr>\n<tr>\n<td><span style=\"font-weight: 400;\">Maqedonia e Veriut<\/span><\/td>\n<td><span style=\"font-weight: 400;\">3<\/span><\/td>\n<\/tr>\n<tr>\n<td><span style=\"font-weight: 400;\">Shqip\u00ebria<\/span><span style=\"font-weight: 400;\"> \u00a0 <\/span><\/td>\n<td><span style=\"font-weight: 400;\">3<\/span><\/td>\n<\/tr>\n<tr>\n<td><span style=\"font-weight: 400;\">Kosovo<\/span><span style=\"font-weight: 400;\">\u00a0\u00a0\u00a0\u00a0\u00a0<\/span><\/td>\n<td><span style=\"font-weight: 400;\">3<\/span><\/td>\n<\/tr>\n<tr>\n<td><span style=\"font-weight: 400;\">Mali i Zi<\/span><\/td>\n<td><span style=\"font-weight: 400;\">3<\/span><\/td>\n<\/tr>\n<tr>\n<td><span style=\"font-weight: 400;\">TOTALI<\/span><\/td>\n<td><span style=\"font-weight: 400;\">20<\/span><\/td>\n<\/tr>\n<\/tbody>\n<\/table>\n<p><span style=\"font-weight: 400;\">P\u00ebr t&#8217;u kualifikuar p\u00ebr grant, aplikanti duhet:<\/span><\/p>\n<ul>\n<li style=\"font-weight: 400;\" aria-level=\"1\"><span style=\"font-weight: 400;\">T\u00eb jet\u00eb <\/span><b>subjekt juridik<\/b><span style=\"font-weight: 400;\">;<\/span><\/li>\n<li style=\"font-weight: 400;\" aria-level=\"1\"><span style=\"font-weight: 400;\">T\u00eb jet\u00eb <\/span><b>subjekt<\/b> <b>jofitimprur\u00ebs<\/b><span style=\"font-weight: 400;\">;<\/span><\/li>\n<li style=\"font-weight: 400;\" aria-level=\"1\"><span style=\"font-weight: 400;\">T\u00eb jet\u00eb <\/span><b>organizat\u00eb e shoq\u00ebris\u00eb civile<\/b><span style=\"font-weight: 400;\">, aktivitetet e s\u00eb cil\u00ebs zbatohen <\/span><b>n\u00eb nivel komb\u00ebtar dhe\/ose lokal<\/b><span style=\"font-weight: 400;\"> (dometh\u00ebn\u00eb brenda nj\u00eb ose m\u00eb shum\u00eb nj\u00ebsive t\u00eb vet\u00ebqeverisjes lokale);<\/span><\/li>\n<li style=\"font-weight: 400;\" aria-level=\"1\"><span style=\"font-weight: 400;\">T\u00eb demonstroj\u00eb angazhim aktiv dhe p\u00ebrvoj\u00eb <\/span><b>n\u00eb nj\u00eb ose m\u00eb shum\u00eb fusha tematike relevante<\/b> <b>p\u00ebr k\u00ebt\u00eb Thirrje p\u00ebr Propozime<\/b><span style=\"font-weight: 400;\">, n\u00ebp\u00ebrmjet mandatit t\u00eb saj, aktiviteteve t\u00eb m\u00ebparshme ose t\u00eb vazhdueshme, pun\u00ebs k\u00ebrkimore, monitoruese ose avokuese;<\/span><\/li>\n<li style=\"font-weight: 400;\" aria-level=\"1\"><span style=\"font-weight: 400;\">T\u00eb <\/span><b>jet\u00eb i regjistruar n\u00eb nj\u00eb nga vendet e m\u00ebposhtme<\/b><span style=\"font-weight: 400;\">: Maqedonia e Veriut, Serbia, Mali i Zi, Shqip\u00ebria, Bosnja dhe Hercegovina, ose Kosova, t\u00eb pakt\u00ebn gjasht\u00eb (6) muaj para publikimit t\u00eb k\u00ebsaj Thirrjeje p\u00ebr Propozime;<\/span><\/li>\n<li style=\"font-weight: 400;\" aria-level=\"1\"><span style=\"font-weight: 400;\">T\u00eb jet\u00eb <\/span><b>p\u00ebrgjegj\u00ebs drejtp\u00ebrdrejt<\/b><span style=\"font-weight: 400;\"> p\u00ebr p\u00ebrgatitjen dhe menaxhimin e veprimit, dhe <\/span><b>t\u00eb mos veproj\u00eb si nd\u00ebrmjet\u00ebs<\/b><span style=\"font-weight: 400;\">;<\/span><\/li>\n<li style=\"font-weight: 400;\" aria-level=\"1\"><span style=\"font-weight: 400;\">T\u00eb ket\u00eb <\/span><b>kapacitet t\u00eb mjaftuesh\u00ebm operativ dhe financiar<\/b><span style=\"font-weight: 400;\"> p\u00ebr ta zbatuar veprimin e propozuar;<\/span><\/li>\n<li style=\"font-weight: 400;\" aria-level=\"1\"><b>T\u00eb mos jet\u00eb p\u00ebrfitues i fondeve n\u00eb kuad\u00ebr t\u00eb Programit t\u00eb BE-s\u00eb p\u00ebr Shoq\u00ebrin\u00eb Civile (CSF) dhe Mediat (Nr. i Referenc\u00ebs EuropeAid\/179703\/DH\/ACT\/Multi) <\/b>p\u00ebr t\u00eb nj\u00ebjt\u00ebn periudh\u00eb zbatimi t\u00eb veprimit t\u00eb propozuar.<\/li>\n<\/ul>\n<h3><b>Prioritetet Tematike t\u00eb Thirrjes p\u00ebr Aplikim:\u00a0<\/b><\/h3>\n<ol>\n<li style=\"font-weight: 400;\" aria-level=\"1\"><b>Integrimi me Tregun e p\u00ebrbashk\u00ebt t\u00eb Bashkimit Evropian;<\/b><\/li>\n<li style=\"font-weight: 400;\" aria-level=\"1\"><b>Integrimi rajonal p\u00ebrmes Tregut t\u00eb P\u00ebrbashk\u00ebt Rajonal;<\/b><\/li>\n<li style=\"font-weight: 400;\" aria-level=\"1\"><b>Fushat prioritare t\u00eb Agjendave t\u00eb Reform\u00ebs;<\/b><\/li>\n<li style=\"font-weight: 400;\" aria-level=\"1\"><b>Zbatimi i Mekanizmit p\u00ebr Reform\u00eb dhe Rritje;<\/b><\/li>\n<\/ol>\n<p><span style=\"font-weight: 400;\">P\u00ebr m\u00eb shum\u00eb detaje rreth k\u00ebsaj thirrjeje, ju lutemi lexoni me kujdes <\/span><a style=\"color: red; font-weight: bold;\" href=\"https:\/\/drive.google.com\/file\/d\/1x2SEMzZqpm5C6DZAmTOR1H5orDhipPYR\/view?usp=sharing\">UDH\u00cbZUESIN P\u00cbR APLIKIM<span style=\"font-weight: 400;\">.<\/span><\/a><\/p>\n<h3>Dor\u00ebzimi dhe Afati i Fundit<\/h3>\n<p><span style=\"font-weight: 400;\">Aplikimet duhet t\u00eb dor\u00ebzohen n\u00eb m\u00ebnyr\u00eb elektronike duke p\u00ebrfshir\u00eb dokumentet e m\u00ebposhtme t\u00eb plot\u00ebsuara:<\/span><\/p>\n<ul>\n<li><b><\/b><b> Shtojca 1: <\/b><a href=\"https:\/\/docs.google.com\/document\/d\/1UAOfmJbhFvAA2ndSqX8uGQ69DiyDollK\/edit?usp=drive_link&amp;ouid=108602744755180467947&amp;rtpof=true&amp;sd=true\" target=\"_blank\" rel=\"noopener\"><span style=\"font-weight: 400;\">Formulari i Aplikimit<\/span><\/a><\/li>\n<li><b><\/b><b> Shtojca 2: <\/b><a href=\"https:\/\/docs.google.com\/spreadsheets\/d\/1hM_8veVK70VKxHNuXsM6AQosGd7qbTif\/edit?usp=drive_link&amp;ouid=108602744755180467947&amp;rtpof=true&amp;sd=true\" target=\"_blank\" rel=\"noopener\"><span style=\"font-weight: 400;\">Buxheti i Projektit (Excel)<\/span><\/a><\/li>\n<li><b><\/b><b> Shtojca 3: <\/b><a href=\"https:\/\/docs.google.com\/document\/d\/1fSl9R8mxqIi0-BuI99thYd3jAz4DD_Wn\/edit?usp=drive_link&amp;ouid=108602744755180467947&amp;rtpof=true&amp;sd=true\" target=\"_blank\" rel=\"noopener\"><span style=\"font-weight: 400;\">P\u00ebrmbledhja e Propozimit n\u00eb gjuh\u00ebn angleze<\/span><\/a><\/li>\n<\/ul>\n<p><b>Afati i dor\u00ebzimit: 6 Maj 2026 deri n\u00eb ora 17:00 CEST<\/b><\/p>\n<p><span style=\"font-weight: 400;\">Aplikimet duhen t\u00eb d\u00ebrgohen n\u00eb: <\/span><a href=\"mailto:reform-monitor@epi.org.mk\"><b>reform-monitor@epi.org.mk<\/b><\/a><b>; <\/b><span style=\"font-weight: 400;\">cc:<\/span><a href=\"mailto:angela.delevska@epi.org.mk\"><b>angela.delevska@epi.org.mk<\/b><\/a> <span style=\"font-weight: 400;\">me subjektin: <\/span><b>\u201cCfP: Re-form for Growth \u2013 (Country)_Application\u201d<\/b><span style=\"font-weight: 400;\">.<\/span><\/p>\n\t\t\t\t\t\t<\/div>\n\t\t\t\t<\/div>\n\t\t\t\t<div class=\"elementor-element elementor-element-0075e82 elementor-align-justify elementor-widget elementor-widget-button\" data-id=\"0075e82\" data-element_type=\"widget\" data-widget_type=\"button.default\">\n\t\t\t\t<div class=\"elementor-widget-container\">\n\t\t\t\t\t<div class=\"elementor-button-wrapper\">\n\t\t\t<a class=\"elementor-button elementor-button-link elementor-size-sm\" href=\"https:\/\/drive.google.com\/drive\/folders\/1yU0gFDbtwQW29wFWh9eWg2VyKhJGDsqm?usp=drive_link\" target=\"_blank\">\n\t\t\t\t\t\t<span class=\"elementor-button-content-wrapper\">\n\t\t\t\t\t\t\t\t\t<span class=\"elementor-button-text\">Dokumentacioni p\u00ebr aplikim<\/span>\n\t\t\t\t\t<\/span>\n\t\t\t\t\t<\/a>\n\t\t<\/div>\n\t\t\t\t<\/div>\n\t\t\t\t<\/div>\n\t\t\t\t<div class=\"elementor-element elementor-element-e52820c elementor-widget elementor-widget-text-editor\" data-id=\"e52820c\" data-element_type=\"widget\" data-widget_type=\"text-editor.default\">\n\t\t\t\t<div class=\"elementor-widget-container\">\n\t\t\t\t\t\t\t<div style=\"background-color: #eeeeee; padding: 20px;\">\n<h3>Sesionet e Informimit<\/h3>\n<p><span style=\"font-weight: 400;\">Sesione informuese p\u00ebr aplikant\u00ebt e interesuar do t\u00eb organizohen online (p\u00ebrmes Google Meet ose Zoom) gjat\u00eb jav\u00ebs <\/span><b>25 mars \u2013 1 prill 2026<\/b><span style=\"font-weight: 400;\">.<\/span><\/p>\n<p><span style=\"font-weight: 400;\">Sesioni do t\u00eb organizohet nga partneri p\u00ebrkat\u00ebs zbatues n\u00eb secilin vend:<\/span><\/p>\n<ul>\n<li><b>Maqedonia e Veriut<\/b><span style=\"font-weight: 400;\"> \u2013 Instituti p\u00ebr Politika Evropiane (EPI), Shkup<\/span><\/li>\n<li><b> Serbia<\/b><span style=\"font-weight: 400;\"> \u2013 Qendra p\u00ebr Politika Evropiane (CEP), Beograd<\/span><\/li>\n<li><b>Mali i Zi \u2013<\/b><span style=\"font-weight: 400;\"> Instituti Alternativa (IA), Podgoric\u00eb<\/span><\/li>\n<li><b>Shqip\u00ebria<\/b><span style=\"font-weight: 400;\"> \u2013 Instituti p\u00ebr Demokraci dhe Nd\u00ebrmjet\u00ebsim (IDM), Tiran\u00eb<\/span><\/li>\n<li><b><\/b><b> Kosova<\/b><span style=\"font-weight: 400;\"> \u2013 Grupi p\u00ebr Studime Juridike dhe Politike (GLPS), Prishtin\u00eb<\/span><\/li>\n<li><b>Bosnja dhe Hercegovina<\/b><span style=\"font-weight: 400;\"> \u2013 Transparency International n\u00eb Bosnje dhe Hercegovin\u00eb (TI BiH)<\/span><\/li>\n<\/ul>\n<p><span style=\"font-weight: 400;\">Sesionet do t\u00eb ofrojn\u00eb udh\u00ebzime lidhur me prioritetet tematike, kriteret e pranueshm\u00ebris\u00eb, k\u00ebrkesat e aplikimit dhe procesin e vler\u00ebsimit.<\/span><\/p>\n<p><span style=\"font-weight: 400;\">Informacion i detajuar p\u00ebr datat e sakta, oraret dhe procesin e regjistrimit do t\u00eb publikohet me koh\u00eb n\u00eb: <\/span><a href=\"http:\/\/www.reform-monitor.org\"><span style=\"font-weight: 400;\">\u00a0<\/span><b>www.reform-monitor.org<\/b><\/a><\/p>\n<p><span style=\"font-weight: 400;\">N\u00ebse \u00ebsht\u00eb e nevojshme, informata shtes\u00eb mund t\u00eb merren duke d\u00ebrguar pyetje n\u00eb adresat e emailit m\u00eb posht\u00eb, jo m\u00eb von\u00eb se <\/span><b>6 prill 2026.<\/b><\/p>\n<\/div>\n\t\t\t\t\t\t<\/div>\n\t\t\t\t<\/div>\n\t\t\t\t\t<\/div>\n\t\t<\/div>\n\t\t\t\t\t<\/div>\n\t\t<\/section>\n\t\t\t\t<\/div>","protected":false},"excerpt":{"rendered":"<p>Projekti \u201cWB Reform and Growth Monitor\u201d, i zbatuar nga an\u00ebtar\u00ebt e Think for Europe Network (TEN) dhe Transparency International n\u00eb Bosnje dhe Hercegovin\u00eb (TI BiH), me mb\u00ebshtetjen e Bashkimit Evropian, shpall Thirrjen p\u00ebr Propozime n\u00eb kuad\u00ebr t\u00eb Skem\u00ebs s\u00eb Granteve t\u00eb Vogla \u201cRe-form for Growth\u201d (Small Grant Facility \u2013 SGF). Q\u00ebllimi i k\u00ebsaj thirrjeje \u00ebsht\u00eb [&hellip;]<\/p>","protected":false},"author":4,"featured_media":32989,"comment_status":"closed","ping_status":"closed","sticky":false,"template":"","format":"standard","meta":{"_acf_changed":false,"footnotes":""},"categories":[106,115],"tags":[359,321,383],"class_list":["post-32997","post","type-post","status-publish","format-standard","has-post-thumbnail","hentry","category-106","category-115","tag-359","tag-slajder-al","tag-slajder-en-3"],"acf":[],"yoast_head":"<!-- This site is optimized with the Yoast SEO plugin v24.4 - https:\/\/yoast.com\/wordpress\/plugins\/seo\/ -->\n<title>Reforma p\u00ebr Rritje: Skema e Granteve t\u00eb Vogla - EPI<\/title>\n<meta name=\"robots\" content=\"index, follow, max-snippet:-1, max-image-preview:large, max-video-preview:-1\" \/>\n<link rel=\"canonical\" href=\"https:\/\/epi.org.mk\/sq\/post\/32997\/?lang=sq\" \/>\n<meta property=\"og:locale\" content=\"mk_MK\" \/>\n<meta property=\"og:type\" content=\"article\" \/>\n<meta property=\"og:title\" content=\"Reforma p\u00ebr Rritje: Skema e Granteve t\u00eb Vogla - EPI\" \/>\n<meta property=\"og:description\" content=\"Projekti \u201cWB Reform and Growth Monitor\u201d, i zbatuar nga an\u00ebtar\u00ebt e Think for Europe Network (TEN) dhe Transparency International n\u00eb Bosnje dhe Hercegovin\u00eb (TI BiH), me mb\u00ebshtetjen e Bashkimit Evropian, shpall Thirrjen p\u00ebr Propozime n\u00eb kuad\u00ebr t\u00eb Skem\u00ebs s\u00eb Granteve t\u00eb Vogla \u201cRe-form for Growth\u201d (Small Grant Facility \u2013 SGF). Q\u00ebllimi i k\u00ebsaj thirrjeje \u00ebsht\u00eb [&hellip;]\" \/>\n<meta property=\"og:url\" content=\"https:\/\/epi.org.mk\/sq\/post\/32997\/?lang=sq\" \/>\n<meta property=\"og:site_name\" content=\"EPI\" \/>\n<meta property=\"article:publisher\" content=\"https:\/\/www.facebook.com\/EPI.Skopje\/\" \/>\n<meta property=\"article:published_time\" content=\"2026-03-13T15:36:25+00:00\" \/>\n<meta property=\"article:modified_time\" content=\"2026-03-13T15:38:56+00:00\" \/>\n<meta property=\"og:image\" content=\"https:\/\/epi.org.mk\/wp-content\/uploads\/re-form.jpg\" \/>\n\t<meta property=\"og:image:width\" content=\"1181\" \/>\n\t<meta property=\"og:image:height\" content=\"1181\" \/>\n\t<meta property=\"og:image:type\" content=\"image\/jpeg\" \/>\n<meta name=\"author\" content=\"\u041d\u0430\u0443\u043c \u041b\u043e\u043a\u043e\u0441\u043a\u0438\" \/>\n<meta name=\"twitter:card\" content=\"summary_large_image\" \/>\n<meta name=\"twitter:creator\" content=\"@epi_skopje\" \/>\n<meta name=\"twitter:site\" content=\"@epi_skopje\" \/>\n<meta name=\"twitter:label1\" content=\"Written by\" \/>\n\t<meta name=\"twitter:data1\" content=\"\u041d\u0430\u0443\u043c \u041b\u043e\u043a\u043e\u0441\u043a\u0438\" \/>\n\t<meta name=\"twitter:label2\" content=\"Est. reading time\" \/>\n\t<meta name=\"twitter:data2\" content=\"3 minutes\" \/>\n<script type=\"application\/ld+json\" class=\"yoast-schema-graph\">{\"@context\":\"https:\/\/schema.org\",\"@graph\":[{\"@type\":\"Article\",\"@id\":\"https:\/\/epi.org.mk\/post\/32997?lang=sq#article\",\"isPartOf\":{\"@id\":\"https:\/\/epi.org.mk\/post\/32997?lang=sq\"},\"author\":{\"name\":\"\u041d\u0430\u0443\u043c \u041b\u043e\u043a\u043e\u0441\u043a\u0438\",\"@id\":\"https:\/\/epi.org.mk\/#\/schema\/person\/d3bccda7c7052a8ff666427b79e54a83\"},\"headline\":\"Reforma p\u00ebr Rritje: Skema e Granteve t\u00eb Vogla\",\"datePublished\":\"2026-03-13T15:36:25+00:00\",\"dateModified\":\"2026-03-13T15:38:56+00:00\",\"mainEntityOfPage\":{\"@id\":\"https:\/\/epi.org.mk\/post\/32997?lang=sq\"},\"wordCount\":694,\"publisher\":{\"@id\":\"https:\/\/epi.org.mk\/#organization\"},\"image\":{\"@id\":\"https:\/\/epi.org.mk\/post\/32997?lang=sq#primaryimage\"},\"thumbnailUrl\":\"https:\/\/epi.org.mk\/wp-content\/uploads\/re-form.jpg\",\"keywords\":[\"\u0415\u043a\u043e\u043d\u043e\u043c\u0438\u0458\u0430\",\"slajder-al\",\"slajder-en\"],\"articleSection\":[\"\u041d\u043e\u0432\u043e\u0441\u0442\u0438\",\"\u041e\u0442\u0432\u043e\u0440\u0435\u043d\u0438 \u043f\u043e\u0432\u0438\u0446\u0438\"],\"inLanguage\":\"mk-MK\"},{\"@type\":\"WebPage\",\"@id\":\"https:\/\/epi.org.mk\/post\/32997?lang=sq\",\"url\":\"https:\/\/epi.org.mk\/post\/32997?lang=sq\",\"name\":\"Reforma p\u00ebr Rritje: Skema e Granteve t\u00eb Vogla - EPI\",\"isPartOf\":{\"@id\":\"https:\/\/epi.org.mk\/#website\"},\"primaryImageOfPage\":{\"@id\":\"https:\/\/epi.org.mk\/post\/32997?lang=sq#primaryimage\"},\"image\":{\"@id\":\"https:\/\/epi.org.mk\/post\/32997?lang=sq#primaryimage\"},\"thumbnailUrl\":\"https:\/\/epi.org.mk\/wp-content\/uploads\/re-form.jpg\",\"datePublished\":\"2026-03-13T15:36:25+00:00\",\"dateModified\":\"2026-03-13T15:38:56+00:00\",\"breadcrumb\":{\"@id\":\"https:\/\/epi.org.mk\/post\/32997?lang=sq#breadcrumb\"},\"inLanguage\":\"mk-MK\",\"potentialAction\":[{\"@type\":\"ReadAction\",\"target\":[\"https:\/\/epi.org.mk\/post\/32997?lang=sq\"]}]},{\"@type\":\"ImageObject\",\"inLanguage\":\"mk-MK\",\"@id\":\"https:\/\/epi.org.mk\/post\/32997?lang=sq#primaryimage\",\"url\":\"https:\/\/epi.org.mk\/wp-content\/uploads\/re-form.jpg\",\"contentUrl\":\"https:\/\/epi.org.mk\/wp-content\/uploads\/re-form.jpg\",\"width\":1181,\"height\":1181},{\"@type\":\"BreadcrumbList\",\"@id\":\"https:\/\/epi.org.mk\/post\/32997?lang=sq#breadcrumb\",\"itemListElement\":[{\"@type\":\"ListItem\",\"position\":1,\"name\":\"Home\",\"item\":\"https:\/\/epi.org.mk\/\"},{\"@type\":\"ListItem\",\"position\":2,\"name\":\"Reforma p\u00ebr Rritje: Skema e Granteve t\u00eb Vogla\"}]},{\"@type\":\"WebSite\",\"@id\":\"https:\/\/epi.org.mk\/#website\",\"url\":\"https:\/\/epi.org.mk\/\",\"name\":\"EPI\",\"description\":\"\u0418\u043d\u0441\u0442\u0438\u0442\u0443\u0442 \u0437\u0430 \u0435\u0432\u0440\u043e\u043f\u0441\u043a\u0430 \u043f\u043e\u043b\u0438\u0442\u0438\u043a\u0430\",\"publisher\":{\"@id\":\"https:\/\/epi.org.mk\/#organization\"},\"potentialAction\":[{\"@type\":\"SearchAction\",\"target\":{\"@type\":\"EntryPoint\",\"urlTemplate\":\"https:\/\/epi.org.mk\/?s={search_term_string}\"},\"query-input\":{\"@type\":\"PropertyValueSpecification\",\"valueRequired\":true,\"valueName\":\"search_term_string\"}}],\"inLanguage\":\"mk-MK\"},{\"@type\":\"Organization\",\"@id\":\"https:\/\/epi.org.mk\/#organization\",\"name\":\"European Policy Institute - Skopje\",\"alternateName\":\"EPI Skopje\",\"url\":\"https:\/\/epi.org.mk\/\",\"logo\":{\"@type\":\"ImageObject\",\"inLanguage\":\"mk-MK\",\"@id\":\"https:\/\/epi.org.mk\/#\/schema\/logo\/image\/\",\"url\":\"https:\/\/epi.org.mk\/wp-content\/uploads\/epi-logo.jpg\",\"contentUrl\":\"https:\/\/epi.org.mk\/wp-content\/uploads\/epi-logo.jpg\",\"width\":909,\"height\":909,\"caption\":\"European Policy Institute - Skopje\"},\"image\":{\"@id\":\"https:\/\/epi.org.mk\/#\/schema\/logo\/image\/\"},\"sameAs\":[\"https:\/\/www.facebook.com\/EPI.Skopje\/\",\"https:\/\/x.com\/epi_skopje\",\"https:\/\/www.instagram.com\/epi.skopje\/\",\"https:\/\/www.linkedin.com\/company\/epi-skopje\"]},{\"@type\":\"Person\",\"@id\":\"https:\/\/epi.org.mk\/#\/schema\/person\/d3bccda7c7052a8ff666427b79e54a83\",\"name\":\"\u041d\u0430\u0443\u043c \u041b\u043e\u043a\u043e\u0441\u043a\u0438\",\"image\":{\"@type\":\"ImageObject\",\"inLanguage\":\"mk-MK\",\"@id\":\"https:\/\/epi.org.mk\/#\/schema\/person\/image\/\",\"url\":\"https:\/\/secure.gravatar.com\/avatar\/f9e8b68f998732685ae37ad350a11a67233e1bf00791e498034822ca264146d6?s=96&d=mm&r=g\",\"contentUrl\":\"https:\/\/secure.gravatar.com\/avatar\/f9e8b68f998732685ae37ad350a11a67233e1bf00791e498034822ca264146d6?s=96&d=mm&r=g\",\"caption\":\"\u041d\u0430\u0443\u043c \u041b\u043e\u043a\u043e\u0441\u043a\u0438\"},\"url\":\"https:\/\/epi.org.mk\/sq\/post\/author\/naum-lokoski\"}]}<\/script>\n<!-- \/ Yoast SEO plugin. -->","yoast_head_json":{"title":"Reforma p\u00ebr Rritje: Skema e Granteve t\u00eb Vogla - EPI","robots":{"index":"index","follow":"follow","max-snippet":"max-snippet:-1","max-image-preview":"max-image-preview:large","max-video-preview":"max-video-preview:-1"},"canonical":"https:\/\/epi.org.mk\/sq\/post\/32997\/?lang=sq","og_locale":"mk_MK","og_type":"article","og_title":"Reforma p\u00ebr Rritje: Skema e Granteve t\u00eb Vogla - EPI","og_description":"Projekti \u201cWB Reform and Growth Monitor\u201d, i zbatuar nga an\u00ebtar\u00ebt e Think for Europe Network (TEN) dhe Transparency International n\u00eb Bosnje dhe Hercegovin\u00eb (TI BiH), me mb\u00ebshtetjen e Bashkimit Evropian, shpall Thirrjen p\u00ebr Propozime n\u00eb kuad\u00ebr t\u00eb Skem\u00ebs s\u00eb Granteve t\u00eb Vogla \u201cRe-form for Growth\u201d (Small Grant Facility \u2013 SGF). Q\u00ebllimi i k\u00ebsaj thirrjeje \u00ebsht\u00eb [&hellip;]","og_url":"https:\/\/epi.org.mk\/sq\/post\/32997\/?lang=sq","og_site_name":"EPI","article_publisher":"https:\/\/www.facebook.com\/EPI.Skopje\/","article_published_time":"2026-03-13T15:36:25+00:00","article_modified_time":"2026-03-13T15:38:56+00:00","og_image":[{"width":1181,"height":1181,"url":"https:\/\/epi.org.mk\/wp-content\/uploads\/re-form.jpg","type":"image\/jpeg"}],"author":"\u041d\u0430\u0443\u043c \u041b\u043e\u043a\u043e\u0441\u043a\u0438","twitter_card":"summary_large_image","twitter_creator":"@epi_skopje","twitter_site":"@epi_skopje","twitter_misc":{"Written by":"\u041d\u0430\u0443\u043c \u041b\u043e\u043a\u043e\u0441\u043a\u0438","Est. reading time":"3 minutes"},"schema":{"@context":"https:\/\/schema.org","@graph":[{"@type":"Article","@id":"https:\/\/epi.org.mk\/post\/32997?lang=sq#article","isPartOf":{"@id":"https:\/\/epi.org.mk\/post\/32997?lang=sq"},"author":{"name":"\u041d\u0430\u0443\u043c \u041b\u043e\u043a\u043e\u0441\u043a\u0438","@id":"https:\/\/epi.org.mk\/#\/schema\/person\/d3bccda7c7052a8ff666427b79e54a83"},"headline":"Reforma p\u00ebr Rritje: Skema e Granteve t\u00eb Vogla","datePublished":"2026-03-13T15:36:25+00:00","dateModified":"2026-03-13T15:38:56+00:00","mainEntityOfPage":{"@id":"https:\/\/epi.org.mk\/post\/32997?lang=sq"},"wordCount":694,"publisher":{"@id":"https:\/\/epi.org.mk\/#organization"},"image":{"@id":"https:\/\/epi.org.mk\/post\/32997?lang=sq#primaryimage"},"thumbnailUrl":"https:\/\/epi.org.mk\/wp-content\/uploads\/re-form.jpg","keywords":["\u0415\u043a\u043e\u043d\u043e\u043c\u0438\u0458\u0430","slajder-al","slajder-en"],"articleSection":["\u041d\u043e\u0432\u043e\u0441\u0442\u0438","\u041e\u0442\u0432\u043e\u0440\u0435\u043d\u0438 \u043f\u043e\u0432\u0438\u0446\u0438"],"inLanguage":"mk-MK"},{"@type":"WebPage","@id":"https:\/\/epi.org.mk\/post\/32997?lang=sq","url":"https:\/\/epi.org.mk\/post\/32997?lang=sq","name":"Reforma p\u00ebr Rritje: Skema e Granteve t\u00eb Vogla - EPI","isPartOf":{"@id":"https:\/\/epi.org.mk\/#website"},"primaryImageOfPage":{"@id":"https:\/\/epi.org.mk\/post\/32997?lang=sq#primaryimage"},"image":{"@id":"https:\/\/epi.org.mk\/post\/32997?lang=sq#primaryimage"},"thumbnailUrl":"https:\/\/epi.org.mk\/wp-content\/uploads\/re-form.jpg","datePublished":"2026-03-13T15:36:25+00:00","dateModified":"2026-03-13T15:38:56+00:00","breadcrumb":{"@id":"https:\/\/epi.org.mk\/post\/32997?lang=sq#breadcrumb"},"inLanguage":"mk-MK","potentialAction":[{"@type":"ReadAction","target":["https:\/\/epi.org.mk\/post\/32997?lang=sq"]}]},{"@type":"ImageObject","inLanguage":"mk-MK","@id":"https:\/\/epi.org.mk\/post\/32997?lang=sq#primaryimage","url":"https:\/\/epi.org.mk\/wp-content\/uploads\/re-form.jpg","contentUrl":"https:\/\/epi.org.mk\/wp-content\/uploads\/re-form.jpg","width":1181,"height":1181},{"@type":"BreadcrumbList","@id":"https:\/\/epi.org.mk\/post\/32997?lang=sq#breadcrumb","itemListElement":[{"@type":"ListItem","position":1,"name":"Home","item":"https:\/\/epi.org.mk\/"},{"@type":"ListItem","position":2,"name":"Reforma p\u00ebr Rritje: Skema e Granteve t\u00eb Vogla"}]},{"@type":"WebSite","@id":"https:\/\/epi.org.mk\/#website","url":"https:\/\/epi.org.mk\/","name":"EPI","description":"\u0418\u043d\u0441\u0442\u0438\u0442\u0443\u0442 \u0437\u0430 \u0435\u0432\u0440\u043e\u043f\u0441\u043a\u0430 \u043f\u043e\u043b\u0438\u0442\u0438\u043a\u0430","publisher":{"@id":"https:\/\/epi.org.mk\/#organization"},"potentialAction":[{"@type":"SearchAction","target":{"@type":"EntryPoint","urlTemplate":"https:\/\/epi.org.mk\/?s={search_term_string}"},"query-input":{"@type":"PropertyValueSpecification","valueRequired":true,"valueName":"search_term_string"}}],"inLanguage":"mk-MK"},{"@type":"Organization","@id":"https:\/\/epi.org.mk\/#organization","name":"European Policy Institute - Skopje","alternateName":"EPI Skopje","url":"https:\/\/epi.org.mk\/","logo":{"@type":"ImageObject","inLanguage":"mk-MK","@id":"https:\/\/epi.org.mk\/#\/schema\/logo\/image\/","url":"https:\/\/epi.org.mk\/wp-content\/uploads\/epi-logo.jpg","contentUrl":"https:\/\/epi.org.mk\/wp-content\/uploads\/epi-logo.jpg","width":909,"height":909,"caption":"European Policy Institute - Skopje"},"image":{"@id":"https:\/\/epi.org.mk\/#\/schema\/logo\/image\/"},"sameAs":["https:\/\/www.facebook.com\/EPI.Skopje\/","https:\/\/x.com\/epi_skopje","https:\/\/www.instagram.com\/epi.skopje\/","https:\/\/www.linkedin.com\/company\/epi-skopje"]},{"@type":"Person","@id":"https:\/\/epi.org.mk\/#\/schema\/person\/d3bccda7c7052a8ff666427b79e54a83","name":"\u041d\u0430\u0443\u043c \u041b\u043e\u043a\u043e\u0441\u043a\u0438","image":{"@type":"ImageObject","inLanguage":"mk-MK","@id":"https:\/\/epi.org.mk\/#\/schema\/person\/image\/","url":"https:\/\/secure.gravatar.com\/avatar\/f9e8b68f998732685ae37ad350a11a67233e1bf00791e498034822ca264146d6?s=96&d=mm&r=g","contentUrl":"https:\/\/secure.gravatar.com\/avatar\/f9e8b68f998732685ae37ad350a11a67233e1bf00791e498034822ca264146d6?s=96&d=mm&r=g","caption":"\u041d\u0430\u0443\u043c \u041b\u043e\u043a\u043e\u0441\u043a\u0438"},"url":"https:\/\/epi.org.mk\/sq\/post\/author\/naum-lokoski"}]}},"_links":{"self":[{"href":"https:\/\/epi.org.mk\/sq\/wp-json\/wp\/v2\/posts\/32997","targetHints":{"allow":["GET"]}}],"collection":[{"href":"https:\/\/epi.org.mk\/sq\/wp-json\/wp\/v2\/posts"}],"about":[{"href":"https:\/\/epi.org.mk\/sq\/wp-json\/wp\/v2\/types\/post"}],"author":[{"embeddable":true,"href":"https:\/\/epi.org.mk\/sq\/wp-json\/wp\/v2\/users\/4"}],"replies":[{"embeddable":true,"href":"https:\/\/epi.org.mk\/sq\/wp-json\/wp\/v2\/comments?post=32997"}],"version-history":[{"count":1,"href":"https:\/\/epi.org.mk\/sq\/wp-json\/wp\/v2\/posts\/32997\/revisions"}],"predecessor-version":[{"id":32998,"href":"https:\/\/epi.org.mk\/sq\/wp-json\/wp\/v2\/posts\/32997\/revisions\/32998"}],"wp:featuredmedia":[{"embeddable":true,"href":"https:\/\/epi.org.mk\/sq\/wp-json\/wp\/v2\/media\/32989"}],"wp:attachment":[{"href":"https:\/\/epi.org.mk\/sq\/wp-json\/wp\/v2\/media?parent=32997"}],"wp:term":[{"taxonomy":"category","embeddable":true,"href":"https:\/\/epi.org.mk\/sq\/wp-json\/wp\/v2\/categories?post=32997"},{"taxonomy":"post_tag","embeddable":true,"href":"https:\/\/epi.org.mk\/sq\/wp-json\/wp\/v2\/tags?post=32997"}],"curies":[{"name":"wp","href":"https:\/\/api.w.org\/{rel}","templated":true}]}}