{"id":26912,"date":"2024-10-25T14:51:07","date_gmt":"2024-10-25T12:51:07","guid":{"rendered":"http:\/\/epi.org.mk\/post\/26912"},"modified":"2025-01-10T13:33:19","modified_gmt":"2025-01-10T12:33:19","slug":"%d0%bd%d0%b0%d1%86%d0%b8%d0%be%d0%bd%d0%b0%d0%bb%d0%bd%d0%b0-%d0%b4%d0%b5%d0%b1%d0%b0%d1%82%d0%b0-%d0%b7%d0%b0-%d0%b4%d1%80%d0%b6%d0%b0%d0%b2%d0%bd%d0%b8%d1%82%d0%b5-%d0%bf%d0%be%d0%b7%d0%b8%d1%86-2","status":"publish","type":"post","link":"https:\/\/epi.org.mk\/sq\/post\/26912?lang=sq","title":{"rendered":"Debati komb\u00ebtar p\u00ebr q\u00ebndrimet shtet\u00ebrore n\u00eb marr\u00ebdh\u00ebniet nd\u00ebrkomb\u00ebtare: Perspektivat e qytetar\u00ebve p\u00ebr integrimin euroatlantik t\u00eb Maqedonis\u00eb s\u00eb Veriut"},"content":{"rendered":"<div class=\"wpb-content-wrapper\"><div class=\"vc_row wpb_row vc_row-fluid\"><div class=\"wpb_column vc_column_container vc_col-sm-8\"><div class=\"vc_column-inner\"><div class=\"wpb_wrapper\">\n\t<div class=\"wpb_text_column wpb_content_element\" >\n\t\t<div class=\"wpb_wrapper\">\n\t\t\t<p>Kjo p\u00ebrmbledhje e politikave p\u00ebrmbledh gjetjet nga anketa debatuese, duke ofruar nj\u00eb pamje gjith\u00ebp\u00ebrfshir\u00ebse se si evoluon opinioni publik kur qytetar\u00ebt p\u00ebrfshihen n\u00eb diskutime t\u00eb informuara mbi tema komplekse t\u00eb politik\u00ebs s\u00eb jashtme. Bazuar n\u00eb k\u00ebto njohuri, p\u00ebrmbledhja ofron rekomandime t\u00eb zbatueshme q\u00eb synojn\u00eb t\u00eb harmonizojn\u00eb strategjit\u00eb nd\u00ebrkomb\u00ebtare t\u00eb Maqedonis\u00eb s\u00eb Veriut me pik\u00ebpamjet publike dhe t\u00eb nxisin njohurit\u00eb rreth tyre tek qytetar\u00ebt.<\/p>\n\n\t\t<\/div>\n\t<\/div>\n<div class=\"vc_btn3-container vc_btn3-inline vc_do_btn\" ><a class=\"vc_general vc_btn3 vc_btn3-size-md vc_btn3-shape-rounded vc_btn3-style-3d vc_btn3-color-purple\" href=\"http:\/\/epi.org.mk\/wp-content\/uploads\/P\u00ebrmbledhje-e-politikave_Debati-komb\u00ebtar-p\u00ebr-q\u00ebndrimet-shtet\u00ebrore-n\u00eb-marr\u00ebdh\u00ebniet-nd\u00ebrkomb\u00ebtare.pdf\" title=\"\">DOWNLOAD PDF<\/a><\/div><\/div><\/div><\/div><div class=\"wpb_column vc_column_container vc_col-sm-4\"><div class=\"vc_column-inner\"><div class=\"wpb_wrapper\">\n\t<div  class=\"wpb_single_image wpb_content_element vc_align_left wpb_content_element\">\n\t\t\n\t\t<figure class=\"wpb_wrapper vc_figure\">\n\t\t\t<a href=\"https:\/\/epi.org.mk\/wp-content\/uploads\/P\u00ebrmbledhje-e-politikave_Debati-komb\u00ebtar-p\u00ebr-q\u00ebndrimet-shtet\u00ebrore-n\u00eb-marr\u00ebdh\u00ebniet-nd\u00ebrkomb\u00ebtare.pdf\" target=\"_self\" class=\"vc_single_image-wrapper vc_box_shadow_3d  vc_box_border_grey\"><img decoding=\"async\" class=\"vc_single_image-img\"  src=\"https:\/\/epi.org.mk\/wp-content\/uploads\/P%C3%ABrmbledhje-e-politikave_Debati-komb%C3%ABtar-p%C3%ABr-q%C3%ABndrimet-shtet%C3%ABrore-n%C3%AB-marr%C3%ABdh%C3%ABniet-nd%C3%ABrkomb%C3%ABtare-pdf.jpg\" \/><\/a>\n\t\t<\/figure>\n\t<\/div>\n<\/div><\/div><\/div><\/div>\n<\/div>","protected":false},"excerpt":{"rendered":"Kjo p\u00ebrmbledhje e politikave p\u00ebrmbledh gjetjet nga anketa debatuese, duke ofruar nj\u00eb pamje gjith\u00ebp\u00ebrfshir\u00ebse se si evoluon opinioni publik kur qytetar\u00ebt p\u00ebrfshihen n\u00eb diskutime t\u00eb informuara mbi tema komplekse t\u00eb politik\u00ebs s\u00eb jashtme. Bazuar n\u00eb k\u00ebto njohuri, p\u00ebrmbledhja ofron rekomandime t\u00eb zbatueshme q\u00eb synojn\u00eb t\u00eb harmonizojn\u00eb strategjit\u00eb nd\u00ebrkomb\u00ebtare t\u00eb Maqedonis\u00eb s\u00eb Veriut me pik\u00ebpamjet publike [...]","protected":false},"author":4,"featured_media":29743,"comment_status":"closed","ping_status":"closed","sticky":false,"template":"","format":"standard","meta":{"_acf_changed":false,"footnotes":""},"categories":[156,117],"tags":[],"class_list":["post-26912","post","type-post","status-publish","format-standard","has-post-thumbnail","hentry","category-test","category-117"],"acf":[],"yoast_head":"<!-- This site is optimized with the Yoast SEO plugin v24.4 - https:\/\/yoast.com\/wordpress\/plugins\/seo\/ -->\n<title>Debati komb\u00ebtar p\u00ebr q\u00ebndrimet shtet\u00ebrore n\u00eb marr\u00ebdh\u00ebniet nd\u00ebrkomb\u00ebtare: Perspektivat e qytetar\u00ebve p\u00ebr integrimin euroatlantik t\u00eb Maqedonis\u00eb s\u00eb Veriut - EPI<\/title>\n<meta name=\"robots\" content=\"index, follow, max-snippet:-1, max-image-preview:large, max-video-preview:-1\" \/>\n<link rel=\"canonical\" href=\"https:\/\/epi.org.mk\/sq\/post\/26892\/\" \/>\n<meta property=\"og:locale\" content=\"mk_MK\" \/>\n<meta property=\"og:type\" content=\"article\" \/>\n<meta property=\"og:title\" content=\"Debati komb\u00ebtar p\u00ebr q\u00ebndrimet shtet\u00ebrore n\u00eb marr\u00ebdh\u00ebniet nd\u00ebrkomb\u00ebtare: Perspektivat e qytetar\u00ebve p\u00ebr integrimin euroatlantik t\u00eb Maqedonis\u00eb s\u00eb Veriut - EPI\" \/>\n<meta property=\"og:url\" content=\"https:\/\/epi.org.mk\/sq\/post\/26892\/\" \/>\n<meta property=\"og:site_name\" content=\"EPI\" \/>\n<meta property=\"article:publisher\" content=\"https:\/\/www.facebook.com\/EPI.Skopje\/\" \/>\n<meta property=\"article:published_time\" content=\"2024-10-25T12:51:07+00:00\" \/>\n<meta property=\"article:modified_time\" content=\"2025-01-10T12:33:19+00:00\" \/>\n<meta property=\"og:image\" content=\"https:\/\/epi.org.mk\/wp-content\/uploads\/Ned_brief_mockup_mk.png\" \/>\n\t<meta property=\"og:image:width\" content=\"3000\" \/>\n\t<meta property=\"og:image:height\" content=\"2000\" \/>\n\t<meta property=\"og:image:type\" content=\"image\/png\" \/>\n<meta name=\"author\" content=\"\u041d\u0430\u0443\u043c \u041b\u043e\u043a\u043e\u0441\u043a\u0438\" \/>\n<meta name=\"twitter:card\" content=\"summary_large_image\" \/>\n<meta name=\"twitter:creator\" content=\"@epi_skopje\" \/>\n<meta name=\"twitter:site\" content=\"@epi_skopje\" \/>\n<meta name=\"twitter:label1\" content=\"Written by\" \/>\n\t<meta name=\"twitter:data1\" content=\"\u041d\u0430\u0443\u043c \u041b\u043e\u043a\u043e\u0441\u043a\u0438\" \/>\n\t<meta name=\"twitter:label2\" content=\"Est. reading time\" \/>\n\t<meta name=\"twitter:data2\" content=\"1 minute\" \/>\n<script type=\"application\/ld+json\" class=\"yoast-schema-graph\">{\"@context\":\"https:\/\/schema.org\",\"@graph\":[{\"@type\":\"Article\",\"@id\":\"https:\/\/epi.org.mk\/post\/26892#article\",\"isPartOf\":{\"@id\":\"https:\/\/epi.org.mk\/post\/26892\"},\"author\":{\"name\":\"\u041d\u0430\u0443\u043c \u041b\u043e\u043a\u043e\u0441\u043a\u0438\",\"@id\":\"https:\/\/epi.org.mk\/#\/schema\/person\/d3bccda7c7052a8ff666427b79e54a83\"},\"headline\":\"Debati komb\u00ebtar p\u00ebr q\u00ebndrimet shtet\u00ebrore n\u00eb marr\u00ebdh\u00ebniet nd\u00ebrkomb\u00ebtare: Perspektivat e qytetar\u00ebve p\u00ebr integrimin euroatlantik t\u00eb Maqedonis\u00eb s\u00eb Veriut\",\"datePublished\":\"2024-10-25T12:51:07+00:00\",\"dateModified\":\"2025-01-10T12:33:19+00:00\",\"mainEntityOfPage\":{\"@id\":\"https:\/\/epi.org.mk\/post\/26892\"},\"wordCount\":237,\"publisher\":{\"@id\":\"https:\/\/epi.org.mk\/#organization\"},\"image\":{\"@id\":\"https:\/\/epi.org.mk\/post\/26892#primaryimage\"},\"thumbnailUrl\":\"https:\/\/epi.org.mk\/wp-content\/uploads\/Ned_brief_mockup_mk.png\",\"articleSection\":[\"\u0418\u0437\u0434\u0430\u043d\u0438\u0458\u0430\",\"\u0418\u0437\u0432\u0435\u0448\u0442\u0430\u0438\"],\"inLanguage\":\"mk-MK\"},{\"@type\":\"WebPage\",\"@id\":\"https:\/\/epi.org.mk\/post\/26892\",\"url\":\"https:\/\/epi.org.mk\/post\/26892\",\"name\":\"Debati komb\u00ebtar p\u00ebr q\u00ebndrimet shtet\u00ebrore n\u00eb marr\u00ebdh\u00ebniet nd\u00ebrkomb\u00ebtare: Perspektivat e qytetar\u00ebve p\u00ebr integrimin euroatlantik t\u00eb Maqedonis\u00eb s\u00eb Veriut - EPI\",\"isPartOf\":{\"@id\":\"https:\/\/epi.org.mk\/#website\"},\"primaryImageOfPage\":{\"@id\":\"https:\/\/epi.org.mk\/post\/26892#primaryimage\"},\"image\":{\"@id\":\"https:\/\/epi.org.mk\/post\/26892#primaryimage\"},\"thumbnailUrl\":\"https:\/\/epi.org.mk\/wp-content\/uploads\/Ned_brief_mockup_mk.png\",\"datePublished\":\"2024-10-25T12:51:07+00:00\",\"dateModified\":\"2025-01-10T12:33:19+00:00\",\"breadcrumb\":{\"@id\":\"https:\/\/epi.org.mk\/post\/26892#breadcrumb\"},\"inLanguage\":\"mk-MK\",\"potentialAction\":[{\"@type\":\"ReadAction\",\"target\":[\"https:\/\/epi.org.mk\/post\/26892\"]}]},{\"@type\":\"ImageObject\",\"inLanguage\":\"mk-MK\",\"@id\":\"https:\/\/epi.org.mk\/post\/26892#primaryimage\",\"url\":\"https:\/\/epi.org.mk\/wp-content\/uploads\/Ned_brief_mockup_mk.png\",\"contentUrl\":\"https:\/\/epi.org.mk\/wp-content\/uploads\/Ned_brief_mockup_mk.png\",\"width\":3000,\"height\":2000},{\"@type\":\"BreadcrumbList\",\"@id\":\"https:\/\/epi.org.mk\/post\/26892#breadcrumb\",\"itemListElement\":[{\"@type\":\"ListItem\",\"position\":1,\"name\":\"Home\",\"item\":\"https:\/\/epi.org.mk\/\"},{\"@type\":\"ListItem\",\"position\":2,\"name\":\"Debati komb\u00ebtar p\u00ebr q\u00ebndrimet shtet\u00ebrore n\u00eb marr\u00ebdh\u00ebniet nd\u00ebrkomb\u00ebtare: Perspektivat e qytetar\u00ebve p\u00ebr integrimin euroatlantik t\u00eb Maqedonis\u00eb s\u00eb Veriut\"}]},{\"@type\":\"WebSite\",\"@id\":\"https:\/\/epi.org.mk\/#website\",\"url\":\"https:\/\/epi.org.mk\/\",\"name\":\"EPI\",\"description\":\"\u0418\u043d\u0441\u0442\u0438\u0442\u0443\u0442 \u0437\u0430 \u0435\u0432\u0440\u043e\u043f\u0441\u043a\u0430 \u043f\u043e\u043b\u0438\u0442\u0438\u043a\u0430\",\"publisher\":{\"@id\":\"https:\/\/epi.org.mk\/#organization\"},\"potentialAction\":[{\"@type\":\"SearchAction\",\"target\":{\"@type\":\"EntryPoint\",\"urlTemplate\":\"https:\/\/epi.org.mk\/?s={search_term_string}\"},\"query-input\":{\"@type\":\"PropertyValueSpecification\",\"valueRequired\":true,\"valueName\":\"search_term_string\"}}],\"inLanguage\":\"mk-MK\"},{\"@type\":\"Organization\",\"@id\":\"https:\/\/epi.org.mk\/#organization\",\"name\":\"European Policy Institute - Skopje\",\"alternateName\":\"EPI Skopje\",\"url\":\"https:\/\/epi.org.mk\/\",\"logo\":{\"@type\":\"ImageObject\",\"inLanguage\":\"mk-MK\",\"@id\":\"https:\/\/epi.org.mk\/#\/schema\/logo\/image\/\",\"url\":\"https:\/\/epi.org.mk\/wp-content\/uploads\/epi-logo.jpg\",\"contentUrl\":\"https:\/\/epi.org.mk\/wp-content\/uploads\/epi-logo.jpg\",\"width\":909,\"height\":909,\"caption\":\"European Policy Institute - Skopje\"},\"image\":{\"@id\":\"https:\/\/epi.org.mk\/#\/schema\/logo\/image\/\"},\"sameAs\":[\"https:\/\/www.facebook.com\/EPI.Skopje\/\",\"https:\/\/x.com\/epi_skopje\",\"https:\/\/www.instagram.com\/epi.skopje\/\",\"https:\/\/www.linkedin.com\/company\/epi-skopje\"]},{\"@type\":\"Person\",\"@id\":\"https:\/\/epi.org.mk\/#\/schema\/person\/d3bccda7c7052a8ff666427b79e54a83\",\"name\":\"\u041d\u0430\u0443\u043c \u041b\u043e\u043a\u043e\u0441\u043a\u0438\",\"image\":{\"@type\":\"ImageObject\",\"inLanguage\":\"mk-MK\",\"@id\":\"https:\/\/epi.org.mk\/#\/schema\/person\/image\/\",\"url\":\"https:\/\/secure.gravatar.com\/avatar\/f9e8b68f998732685ae37ad350a11a67233e1bf00791e498034822ca264146d6?s=96&d=mm&r=g\",\"contentUrl\":\"https:\/\/secure.gravatar.com\/avatar\/f9e8b68f998732685ae37ad350a11a67233e1bf00791e498034822ca264146d6?s=96&d=mm&r=g\",\"caption\":\"\u041d\u0430\u0443\u043c \u041b\u043e\u043a\u043e\u0441\u043a\u0438\"},\"url\":\"https:\/\/epi.org.mk\/sq\/post\/author\/naum-lokoski\"}]}<\/script>\n<!-- \/ Yoast SEO plugin. -->","yoast_head_json":{"title":"Debati komb\u00ebtar p\u00ebr q\u00ebndrimet shtet\u00ebrore n\u00eb marr\u00ebdh\u00ebniet nd\u00ebrkomb\u00ebtare: Perspektivat e qytetar\u00ebve p\u00ebr integrimin euroatlantik t\u00eb Maqedonis\u00eb s\u00eb Veriut - EPI","robots":{"index":"index","follow":"follow","max-snippet":"max-snippet:-1","max-image-preview":"max-image-preview:large","max-video-preview":"max-video-preview:-1"},"canonical":"https:\/\/epi.org.mk\/sq\/post\/26892\/","og_locale":"mk_MK","og_type":"article","og_title":"Debati komb\u00ebtar p\u00ebr q\u00ebndrimet shtet\u00ebrore n\u00eb marr\u00ebdh\u00ebniet nd\u00ebrkomb\u00ebtare: Perspektivat e qytetar\u00ebve p\u00ebr integrimin euroatlantik t\u00eb Maqedonis\u00eb s\u00eb Veriut - EPI","og_url":"https:\/\/epi.org.mk\/sq\/post\/26892\/","og_site_name":"EPI","article_publisher":"https:\/\/www.facebook.com\/EPI.Skopje\/","article_published_time":"2024-10-25T12:51:07+00:00","article_modified_time":"2025-01-10T12:33:19+00:00","og_image":[{"width":3000,"height":2000,"url":"https:\/\/epi.org.mk\/wp-content\/uploads\/Ned_brief_mockup_mk.png","type":"image\/png"}],"author":"\u041d\u0430\u0443\u043c \u041b\u043e\u043a\u043e\u0441\u043a\u0438","twitter_card":"summary_large_image","twitter_creator":"@epi_skopje","twitter_site":"@epi_skopje","twitter_misc":{"Written by":"\u041d\u0430\u0443\u043c \u041b\u043e\u043a\u043e\u0441\u043a\u0438","Est. reading time":"1 minute"},"schema":{"@context":"https:\/\/schema.org","@graph":[{"@type":"Article","@id":"https:\/\/epi.org.mk\/post\/26892#article","isPartOf":{"@id":"https:\/\/epi.org.mk\/post\/26892"},"author":{"name":"\u041d\u0430\u0443\u043c \u041b\u043e\u043a\u043e\u0441\u043a\u0438","@id":"https:\/\/epi.org.mk\/#\/schema\/person\/d3bccda7c7052a8ff666427b79e54a83"},"headline":"Debati komb\u00ebtar p\u00ebr q\u00ebndrimet shtet\u00ebrore n\u00eb marr\u00ebdh\u00ebniet nd\u00ebrkomb\u00ebtare: Perspektivat e qytetar\u00ebve p\u00ebr integrimin euroatlantik t\u00eb Maqedonis\u00eb s\u00eb Veriut","datePublished":"2024-10-25T12:51:07+00:00","dateModified":"2025-01-10T12:33:19+00:00","mainEntityOfPage":{"@id":"https:\/\/epi.org.mk\/post\/26892"},"wordCount":237,"publisher":{"@id":"https:\/\/epi.org.mk\/#organization"},"image":{"@id":"https:\/\/epi.org.mk\/post\/26892#primaryimage"},"thumbnailUrl":"https:\/\/epi.org.mk\/wp-content\/uploads\/Ned_brief_mockup_mk.png","articleSection":["\u0418\u0437\u0434\u0430\u043d\u0438\u0458\u0430","\u0418\u0437\u0432\u0435\u0448\u0442\u0430\u0438"],"inLanguage":"mk-MK"},{"@type":"WebPage","@id":"https:\/\/epi.org.mk\/post\/26892","url":"https:\/\/epi.org.mk\/post\/26892","name":"Debati komb\u00ebtar p\u00ebr q\u00ebndrimet shtet\u00ebrore n\u00eb marr\u00ebdh\u00ebniet nd\u00ebrkomb\u00ebtare: Perspektivat e qytetar\u00ebve p\u00ebr integrimin euroatlantik t\u00eb Maqedonis\u00eb s\u00eb Veriut - EPI","isPartOf":{"@id":"https:\/\/epi.org.mk\/#website"},"primaryImageOfPage":{"@id":"https:\/\/epi.org.mk\/post\/26892#primaryimage"},"image":{"@id":"https:\/\/epi.org.mk\/post\/26892#primaryimage"},"thumbnailUrl":"https:\/\/epi.org.mk\/wp-content\/uploads\/Ned_brief_mockup_mk.png","datePublished":"2024-10-25T12:51:07+00:00","dateModified":"2025-01-10T12:33:19+00:00","breadcrumb":{"@id":"https:\/\/epi.org.mk\/post\/26892#breadcrumb"},"inLanguage":"mk-MK","potentialAction":[{"@type":"ReadAction","target":["https:\/\/epi.org.mk\/post\/26892"]}]},{"@type":"ImageObject","inLanguage":"mk-MK","@id":"https:\/\/epi.org.mk\/post\/26892#primaryimage","url":"https:\/\/epi.org.mk\/wp-content\/uploads\/Ned_brief_mockup_mk.png","contentUrl":"https:\/\/epi.org.mk\/wp-content\/uploads\/Ned_brief_mockup_mk.png","width":3000,"height":2000},{"@type":"BreadcrumbList","@id":"https:\/\/epi.org.mk\/post\/26892#breadcrumb","itemListElement":[{"@type":"ListItem","position":1,"name":"Home","item":"https:\/\/epi.org.mk\/"},{"@type":"ListItem","position":2,"name":"Debati komb\u00ebtar p\u00ebr q\u00ebndrimet shtet\u00ebrore n\u00eb marr\u00ebdh\u00ebniet nd\u00ebrkomb\u00ebtare: Perspektivat e qytetar\u00ebve p\u00ebr integrimin euroatlantik t\u00eb Maqedonis\u00eb s\u00eb Veriut"}]},{"@type":"WebSite","@id":"https:\/\/epi.org.mk\/#website","url":"https:\/\/epi.org.mk\/","name":"EPI","description":"\u0418\u043d\u0441\u0442\u0438\u0442\u0443\u0442 \u0437\u0430 \u0435\u0432\u0440\u043e\u043f\u0441\u043a\u0430 \u043f\u043e\u043b\u0438\u0442\u0438\u043a\u0430","publisher":{"@id":"https:\/\/epi.org.mk\/#organization"},"potentialAction":[{"@type":"SearchAction","target":{"@type":"EntryPoint","urlTemplate":"https:\/\/epi.org.mk\/?s={search_term_string}"},"query-input":{"@type":"PropertyValueSpecification","valueRequired":true,"valueName":"search_term_string"}}],"inLanguage":"mk-MK"},{"@type":"Organization","@id":"https:\/\/epi.org.mk\/#organization","name":"European Policy Institute - Skopje","alternateName":"EPI Skopje","url":"https:\/\/epi.org.mk\/","logo":{"@type":"ImageObject","inLanguage":"mk-MK","@id":"https:\/\/epi.org.mk\/#\/schema\/logo\/image\/","url":"https:\/\/epi.org.mk\/wp-content\/uploads\/epi-logo.jpg","contentUrl":"https:\/\/epi.org.mk\/wp-content\/uploads\/epi-logo.jpg","width":909,"height":909,"caption":"European Policy Institute - Skopje"},"image":{"@id":"https:\/\/epi.org.mk\/#\/schema\/logo\/image\/"},"sameAs":["https:\/\/www.facebook.com\/EPI.Skopje\/","https:\/\/x.com\/epi_skopje","https:\/\/www.instagram.com\/epi.skopje\/","https:\/\/www.linkedin.com\/company\/epi-skopje"]},{"@type":"Person","@id":"https:\/\/epi.org.mk\/#\/schema\/person\/d3bccda7c7052a8ff666427b79e54a83","name":"\u041d\u0430\u0443\u043c \u041b\u043e\u043a\u043e\u0441\u043a\u0438","image":{"@type":"ImageObject","inLanguage":"mk-MK","@id":"https:\/\/epi.org.mk\/#\/schema\/person\/image\/","url":"https:\/\/secure.gravatar.com\/avatar\/f9e8b68f998732685ae37ad350a11a67233e1bf00791e498034822ca264146d6?s=96&d=mm&r=g","contentUrl":"https:\/\/secure.gravatar.com\/avatar\/f9e8b68f998732685ae37ad350a11a67233e1bf00791e498034822ca264146d6?s=96&d=mm&r=g","caption":"\u041d\u0430\u0443\u043c \u041b\u043e\u043a\u043e\u0441\u043a\u0438"},"url":"https:\/\/epi.org.mk\/sq\/post\/author\/naum-lokoski"}]}},"_links":{"self":[{"href":"https:\/\/epi.org.mk\/sq\/wp-json\/wp\/v2\/posts\/26912","targetHints":{"allow":["GET"]}}],"collection":[{"href":"https:\/\/epi.org.mk\/sq\/wp-json\/wp\/v2\/posts"}],"about":[{"href":"https:\/\/epi.org.mk\/sq\/wp-json\/wp\/v2\/types\/post"}],"author":[{"embeddable":true,"href":"https:\/\/epi.org.mk\/sq\/wp-json\/wp\/v2\/users\/4"}],"replies":[{"embeddable":true,"href":"https:\/\/epi.org.mk\/sq\/wp-json\/wp\/v2\/comments?post=26912"}],"version-history":[{"count":0,"href":"https:\/\/epi.org.mk\/sq\/wp-json\/wp\/v2\/posts\/26912\/revisions"}],"wp:featuredmedia":[{"embeddable":true,"href":"https:\/\/epi.org.mk\/sq\/wp-json\/wp\/v2\/media\/29743"}],"wp:attachment":[{"href":"https:\/\/epi.org.mk\/sq\/wp-json\/wp\/v2\/media?parent=26912"}],"wp:term":[{"taxonomy":"category","embeddable":true,"href":"https:\/\/epi.org.mk\/sq\/wp-json\/wp\/v2\/categories?post=26912"},{"taxonomy":"post_tag","embeddable":true,"href":"https:\/\/epi.org.mk\/sq\/wp-json\/wp\/v2\/tags?post=26912"}],"curies":[{"name":"wp","href":"https:\/\/api.w.org\/{rel}","templated":true}]}}