{"id":26365,"date":"2024-07-17T14:12:51","date_gmt":"2024-07-17T12:12:51","guid":{"rendered":"https:\/\/epi.org.mk\/post\/26365"},"modified":"2024-10-14T01:44:26","modified_gmt":"2024-10-13T23:44:26","slug":"%d0%b5%d0%bf%d0%b8-%d1%98%d0%b0-%d1%81%d0%bf%d1%80%d0%be%d0%b2%d0%b5%d0%b4%d0%b5-%d1%87%d0%b5%d1%82%d0%b2%d1%80%d1%82%d0%b0%d1%82%d0%b0-%d0%bd%d0%b0%d1%86%d0%b8%d0%be%d0%bd%d0%b0%d0%bb%d0%bd%d0%b0","status":"publish","type":"post","link":"https:\/\/epi.org.mk\/sq\/post\/26365?lang=sq","title":{"rendered":"EPI e implementoi me sukses debat\u00ebn e kat\u00ebrt nacionale anketuese"},"content":{"rendered":"<div class=\"xdj266r x11i5rnm xat24cr x1mh8g0r x1vvkbs x126k92a\">\n<div dir=\"auto\">M\u00eb 6 dhe 7 korrik, rreth 150 qytetar\u00eb diskutuan dhe b\u00ebn\u00eb pyetje lidhur me politik\u00ebn e jashtme t\u00eb Maqedonis\u00eb s\u00eb Veriut, p\u00ebrputhshm\u00ebrin\u00eb me Politik\u00ebn e P\u00ebrbashk\u00ebt t\u00eb Jashtme dhe t\u00eb Siguris\u00eb t\u00eb BE-s\u00eb, si dhe p\u00ebr marr\u00ebdh\u00ebniet e vendit me NATO-n n\u00eb kuad\u00ebr t\u00eb Anket\u00ebs s\u00eb kat\u00ebrt komb\u00ebtare debatuese, e organizuar nga EPI n\u00eb bashk\u00ebpunim me Deliberative Democracy Lab nga Universiteti Stanford, ShBA.<\/div>\n<div dir=\"auto\"><\/div>\n<\/div>\n<div class=\"x11i5rnm xat24cr x1mh8g0r x1vvkbs xtlvy1s x126k92a\">\n<div dir=\"auto\"><img fetchpriority=\"high\" decoding=\"async\" class=\"size-large wp-image-26353 aligncenter\" src=\"https:\/\/epi.org.mk\/wp-content\/uploads\/dp-3.jpg\" alt=\"\" width=\"1024\" height=\"683\" srcset=\"https:\/\/epi.org.mk\/wp-content\/uploads\/dp-3.jpg 300w, https:\/\/epi.org.mk\/wp-content\/uploads\/dp-3.jpg 768w, https:\/\/epi.org.mk\/wp-content\/uploads\/dp-3.jpg 1024w, https:\/\/epi.org.mk\/wp-content\/uploads\/dp-3.jpg 1600w\" sizes=\"(max-width: 1024px) 100vw, 1024px\" \/><\/div>\n<div dir=\"auto\"><\/div>\n<div dir=\"auto\">Pas diskutimeve t\u00eb qytetar\u00ebve n\u00eb 11 fokuse grupe, qytetar\u00ebt parashtruan pyetje n\u00eb panelet e p\u00ebrb\u00ebr\u00eb nga politikan\u00eb dhe ekspert\u00eb. N\u00eb dit\u00ebn e par\u00eb me tem\u00eb politika e jashtme dhe pajtueshm\u00ebria me PPJS , pyetjeve t\u00eb qytetar\u00ebve iu p\u00ebrgjigj\u00ebn Drita Abdiu Halili, Malinka Ristevska Jordanova, Marko Troshanovski dhe Ivica Bocevski. N\u00eb dit\u00ebn e dyt\u00eb, pyetjeve p\u00ebr marr\u00ebdh\u00ebniet e Maqedonis\u00eb s\u00eb Veriut me NATO-n iu p\u00ebrgjigj\u00ebn Ilina Mangova, Metodi Haxhi Janev, Pavle Arsoski, Nenad Markoviq dhe Albert Musliu.<\/div>\n<\/div>\n<div dir=\"auto\"><\/div>\n<div class=\"x11i5rnm xat24cr x1mh8g0r x1vvkbs xtlvy1s x126k92a\">\n<div dir=\"auto\"><img decoding=\"async\" class=\"size-large wp-image-26341 aligncenter\" src=\"https:\/\/epi.org.mk\/wp-content\/uploads\/dp-7.jpg\" alt=\"\" width=\"1024\" height=\"683\" srcset=\"https:\/\/epi.org.mk\/wp-content\/uploads\/dp-7.jpg 300w, https:\/\/epi.org.mk\/wp-content\/uploads\/dp-7.jpg 768w, https:\/\/epi.org.mk\/wp-content\/uploads\/dp-7.jpg 1024w, https:\/\/epi.org.mk\/wp-content\/uploads\/dp-7.jpg 1600w\" sizes=\"(max-width: 1024px) 100vw, 1024px\" \/><\/div>\n<div dir=\"auto\"><\/div>\n<div dir=\"auto\">Anketa debatuese \u00ebsht\u00eb nj\u00eb form\u00eb unike e konsultimit politik q\u00eb kombinon teknikat e anketimit t\u00eb mendimit publik dhe debatit publik. Ai synon t\u00eb paraqes\u00eb se si do t\u00eb dukej mendimi publik n\u00eb nj\u00eb tem\u00eb t\u00eb caktuar n\u00ebse qytetar\u00ebt do t\u00eb kishin mund\u00ebsi t\u00eb njiheshin m\u00eb shum\u00eb me tem\u00ebn. Anketa debatuese tregon preferencat dhe mendimet e qytetar\u00ebve para dhe pas njohjes s\u00eb detajuar me tem\u00ebn.<\/div>\n<\/div>\n<div class=\"x11i5rnm xat24cr x1mh8g0r x1vvkbs xtlvy1s x126k92a\">\n<div dir=\"auto\"><\/div>\n<div dir=\"auto\">\n<div class=\"x11i5rnm xat24cr x1mh8g0r x1vvkbs xtlvy1s x126k92a\">\n<div dir=\"auto\">Anketa debatuese mat rezultatet, por edhe ndryshimet n\u00eb q\u00ebndrimet e qytetar\u00ebve para dhe pas ngjarjes.<\/div>\n<div dir=\"auto\"><\/div>\n<\/div>\n<div class=\"x11i5rnm xat24cr x1mh8g0r x1vvkbs xtlvy1s x126k92a\">\n<div dir=\"auto\">Ky aktivitet u organizua n\u00eb kuad\u00ebr t\u00eb projektit \u201cInkurajimi i analiz\u00ebs s\u00eb politikave dhe debatit publik 3.0\u201d i financuar nga National Endowment for Democracy dhe n\u00eb bashk\u00ebpunim me Universitetin Stanford nga ShBA.<\/div>\n<\/div>\n<\/div>\n<\/div>","protected":false},"excerpt":{"rendered":"<p>M\u00eb 6 dhe 7 korrik, rreth 150 qytetar\u00eb diskutuan dhe b\u00ebn\u00eb pyetje lidhur me politik\u00ebn e jashtme t\u00eb Maqedonis\u00eb s\u00eb Veriut, p\u00ebrputhshm\u00ebrin\u00eb me Politik\u00ebn e P\u00ebrbashk\u00ebt t\u00eb Jashtme dhe t\u00eb Siguris\u00eb t\u00eb BE-s\u00eb, si dhe p\u00ebr marr\u00ebdh\u00ebniet e vendit me NATO-n n\u00eb kuad\u00ebr t\u00eb Anket\u00ebs s\u00eb kat\u00ebrt komb\u00ebtare debatuese, e organizuar nga EPI n\u00eb bashk\u00ebpunim [&hellip;]<\/p>","protected":false},"author":4,"featured_media":26347,"comment_status":"closed","ping_status":"closed","sticky":false,"template":"","format":"standard","meta":{"_acf_changed":false,"footnotes":""},"categories":[106,114],"tags":[319,321,358],"class_list":["post-26365","post","type-post","status-publish","format-standard","has-post-thumbnail","hentry","category-106","category-114","tag-slajder","tag-slajder-al","tag-358"],"acf":[],"yoast_head":"<!-- This site is optimized with the Yoast SEO plugin v24.4 - https:\/\/yoast.com\/wordpress\/plugins\/seo\/ -->\n<title>EPI e implementoi me sukses debat\u00ebn e kat\u00ebrt nacionale anketuese - EPI<\/title>\n<meta name=\"robots\" content=\"index, follow, max-snippet:-1, max-image-preview:large, max-video-preview:-1\" \/>\n<link rel=\"canonical\" href=\"https:\/\/epi.org.mk\/sq\/post\/26365\/?lang=sq\" \/>\n<meta property=\"og:locale\" content=\"mk_MK\" \/>\n<meta property=\"og:type\" content=\"article\" \/>\n<meta property=\"og:title\" content=\"EPI e implementoi me sukses debat\u00ebn e kat\u00ebrt nacionale anketuese - EPI\" \/>\n<meta property=\"og:description\" content=\"M\u00eb 6 dhe 7 korrik, rreth 150 qytetar\u00eb diskutuan dhe b\u00ebn\u00eb pyetje lidhur me politik\u00ebn e jashtme t\u00eb Maqedonis\u00eb s\u00eb Veriut, p\u00ebrputhshm\u00ebrin\u00eb me Politik\u00ebn e P\u00ebrbashk\u00ebt t\u00eb Jashtme dhe t\u00eb Siguris\u00eb t\u00eb BE-s\u00eb, si dhe p\u00ebr marr\u00ebdh\u00ebniet e vendit me NATO-n n\u00eb kuad\u00ebr t\u00eb Anket\u00ebs s\u00eb kat\u00ebrt komb\u00ebtare debatuese, e organizuar nga EPI n\u00eb bashk\u00ebpunim [&hellip;]\" \/>\n<meta property=\"og:url\" content=\"https:\/\/epi.org.mk\/sq\/post\/26365\/?lang=sq\" \/>\n<meta property=\"og:site_name\" content=\"EPI\" \/>\n<meta property=\"article:publisher\" content=\"https:\/\/www.facebook.com\/EPI.Skopje\/\" \/>\n<meta property=\"article:published_time\" content=\"2024-07-17T12:12:51+00:00\" \/>\n<meta property=\"article:modified_time\" content=\"2024-10-13T23:44:26+00:00\" \/>\n<meta property=\"og:image\" content=\"https:\/\/epi.org.mk\/wp-content\/uploads\/dp-5.jpg\" \/>\n\t<meta property=\"og:image:width\" content=\"2048\" \/>\n\t<meta property=\"og:image:height\" content=\"1365\" \/>\n\t<meta property=\"og:image:type\" content=\"image\/jpeg\" \/>\n<meta name=\"author\" content=\"\u041d\u0430\u0443\u043c \u041b\u043e\u043a\u043e\u0441\u043a\u0438\" \/>\n<meta name=\"twitter:card\" content=\"summary_large_image\" \/>\n<meta name=\"twitter:creator\" content=\"@epi_skopje\" \/>\n<meta name=\"twitter:site\" content=\"@epi_skopje\" \/>\n<meta name=\"twitter:label1\" content=\"Written by\" \/>\n\t<meta name=\"twitter:data1\" content=\"\u041d\u0430\u0443\u043c \u041b\u043e\u043a\u043e\u0441\u043a\u0438\" \/>\n\t<meta name=\"twitter:label2\" content=\"Est. reading time\" \/>\n\t<meta name=\"twitter:data2\" content=\"2 minutes\" \/>\n<script type=\"application\/ld+json\" class=\"yoast-schema-graph\">{\"@context\":\"https:\/\/schema.org\",\"@graph\":[{\"@type\":\"Article\",\"@id\":\"https:\/\/epi.org.mk\/post\/26365?lang=sq#article\",\"isPartOf\":{\"@id\":\"https:\/\/epi.org.mk\/post\/26365?lang=sq\"},\"author\":{\"name\":\"\u041d\u0430\u0443\u043c \u041b\u043e\u043a\u043e\u0441\u043a\u0438\",\"@id\":\"https:\/\/epi.org.mk\/#\/schema\/person\/d3bccda7c7052a8ff666427b79e54a83\"},\"headline\":\"EPI e implementoi me sukses debat\u00ebn e kat\u00ebrt nacionale anketuese\",\"datePublished\":\"2024-07-17T12:12:51+00:00\",\"dateModified\":\"2024-10-13T23:44:26+00:00\",\"mainEntityOfPage\":{\"@id\":\"https:\/\/epi.org.mk\/post\/26365?lang=sq\"},\"wordCount\":297,\"publisher\":{\"@id\":\"https:\/\/epi.org.mk\/#organization\"},\"image\":{\"@id\":\"https:\/\/epi.org.mk\/post\/26365?lang=sq#primaryimage\"},\"thumbnailUrl\":\"https:\/\/epi.org.mk\/wp-content\/uploads\/dp-5.jpg\",\"keywords\":[\"slajder\",\"slajder-al\",\"\u0414\u0435\u043c\u043e\u043a\u0440\u0430\u0442\u0438\u0458\u0430 \u0438 \u0432\u043b\u0430\u0434\u0435\u0435\u045a\u0435 \u043d\u0430 \u043f\u0440\u0430\u0432\u043e\"],\"articleSection\":[\"\u041d\u043e\u0432\u043e\u0441\u0442\u0438\",\"\u041d\u0430\u0441\u0442\u0430\u043d\u0438\"],\"inLanguage\":\"mk-MK\"},{\"@type\":\"WebPage\",\"@id\":\"https:\/\/epi.org.mk\/post\/26365?lang=sq\",\"url\":\"https:\/\/epi.org.mk\/post\/26365?lang=sq\",\"name\":\"EPI e implementoi me sukses debat\u00ebn e kat\u00ebrt nacionale anketuese - EPI\",\"isPartOf\":{\"@id\":\"https:\/\/epi.org.mk\/#website\"},\"primaryImageOfPage\":{\"@id\":\"https:\/\/epi.org.mk\/post\/26365?lang=sq#primaryimage\"},\"image\":{\"@id\":\"https:\/\/epi.org.mk\/post\/26365?lang=sq#primaryimage\"},\"thumbnailUrl\":\"https:\/\/epi.org.mk\/wp-content\/uploads\/dp-5.jpg\",\"datePublished\":\"2024-07-17T12:12:51+00:00\",\"dateModified\":\"2024-10-13T23:44:26+00:00\",\"breadcrumb\":{\"@id\":\"https:\/\/epi.org.mk\/post\/26365?lang=sq#breadcrumb\"},\"inLanguage\":\"mk-MK\",\"potentialAction\":[{\"@type\":\"ReadAction\",\"target\":[\"https:\/\/epi.org.mk\/post\/26365?lang=sq\"]}]},{\"@type\":\"ImageObject\",\"inLanguage\":\"mk-MK\",\"@id\":\"https:\/\/epi.org.mk\/post\/26365?lang=sq#primaryimage\",\"url\":\"https:\/\/epi.org.mk\/wp-content\/uploads\/dp-5.jpg\",\"contentUrl\":\"https:\/\/epi.org.mk\/wp-content\/uploads\/dp-5.jpg\",\"width\":2048,\"height\":1365},{\"@type\":\"BreadcrumbList\",\"@id\":\"https:\/\/epi.org.mk\/post\/26365?lang=sq#breadcrumb\",\"itemListElement\":[{\"@type\":\"ListItem\",\"position\":1,\"name\":\"Home\",\"item\":\"https:\/\/epi.org.mk\/\"},{\"@type\":\"ListItem\",\"position\":2,\"name\":\"EPI e implementoi me sukses debat\u00ebn e kat\u00ebrt nacionale anketuese\"}]},{\"@type\":\"WebSite\",\"@id\":\"https:\/\/epi.org.mk\/#website\",\"url\":\"https:\/\/epi.org.mk\/\",\"name\":\"EPI\",\"description\":\"\u0418\u043d\u0441\u0442\u0438\u0442\u0443\u0442 \u0437\u0430 \u0435\u0432\u0440\u043e\u043f\u0441\u043a\u0430 \u043f\u043e\u043b\u0438\u0442\u0438\u043a\u0430\",\"publisher\":{\"@id\":\"https:\/\/epi.org.mk\/#organization\"},\"potentialAction\":[{\"@type\":\"SearchAction\",\"target\":{\"@type\":\"EntryPoint\",\"urlTemplate\":\"https:\/\/epi.org.mk\/?s={search_term_string}\"},\"query-input\":{\"@type\":\"PropertyValueSpecification\",\"valueRequired\":true,\"valueName\":\"search_term_string\"}}],\"inLanguage\":\"mk-MK\"},{\"@type\":\"Organization\",\"@id\":\"https:\/\/epi.org.mk\/#organization\",\"name\":\"European Policy Institute - Skopje\",\"alternateName\":\"EPI Skopje\",\"url\":\"https:\/\/epi.org.mk\/\",\"logo\":{\"@type\":\"ImageObject\",\"inLanguage\":\"mk-MK\",\"@id\":\"https:\/\/epi.org.mk\/#\/schema\/logo\/image\/\",\"url\":\"https:\/\/epi.org.mk\/wp-content\/uploads\/epi-logo.jpg\",\"contentUrl\":\"https:\/\/epi.org.mk\/wp-content\/uploads\/epi-logo.jpg\",\"width\":909,\"height\":909,\"caption\":\"European Policy Institute - Skopje\"},\"image\":{\"@id\":\"https:\/\/epi.org.mk\/#\/schema\/logo\/image\/\"},\"sameAs\":[\"https:\/\/www.facebook.com\/EPI.Skopje\/\",\"https:\/\/x.com\/epi_skopje\",\"https:\/\/www.instagram.com\/epi.skopje\/\",\"https:\/\/www.linkedin.com\/company\/epi-skopje\"]},{\"@type\":\"Person\",\"@id\":\"https:\/\/epi.org.mk\/#\/schema\/person\/d3bccda7c7052a8ff666427b79e54a83\",\"name\":\"\u041d\u0430\u0443\u043c \u041b\u043e\u043a\u043e\u0441\u043a\u0438\",\"image\":{\"@type\":\"ImageObject\",\"inLanguage\":\"mk-MK\",\"@id\":\"https:\/\/epi.org.mk\/#\/schema\/person\/image\/\",\"url\":\"https:\/\/secure.gravatar.com\/avatar\/f9e8b68f998732685ae37ad350a11a67233e1bf00791e498034822ca264146d6?s=96&d=mm&r=g\",\"contentUrl\":\"https:\/\/secure.gravatar.com\/avatar\/f9e8b68f998732685ae37ad350a11a67233e1bf00791e498034822ca264146d6?s=96&d=mm&r=g\",\"caption\":\"\u041d\u0430\u0443\u043c \u041b\u043e\u043a\u043e\u0441\u043a\u0438\"},\"url\":\"https:\/\/epi.org.mk\/sq\/post\/author\/naum-lokoski\"}]}<\/script>\n<!-- \/ Yoast SEO plugin. -->","yoast_head_json":{"title":"EPI e implementoi me sukses debat\u00ebn e kat\u00ebrt nacionale anketuese - EPI","robots":{"index":"index","follow":"follow","max-snippet":"max-snippet:-1","max-image-preview":"max-image-preview:large","max-video-preview":"max-video-preview:-1"},"canonical":"https:\/\/epi.org.mk\/sq\/post\/26365\/?lang=sq","og_locale":"mk_MK","og_type":"article","og_title":"EPI e implementoi me sukses debat\u00ebn e kat\u00ebrt nacionale anketuese - EPI","og_description":"M\u00eb 6 dhe 7 korrik, rreth 150 qytetar\u00eb diskutuan dhe b\u00ebn\u00eb pyetje lidhur me politik\u00ebn e jashtme t\u00eb Maqedonis\u00eb s\u00eb Veriut, p\u00ebrputhshm\u00ebrin\u00eb me Politik\u00ebn e P\u00ebrbashk\u00ebt t\u00eb Jashtme dhe t\u00eb Siguris\u00eb t\u00eb BE-s\u00eb, si dhe p\u00ebr marr\u00ebdh\u00ebniet e vendit me NATO-n n\u00eb kuad\u00ebr t\u00eb Anket\u00ebs s\u00eb kat\u00ebrt komb\u00ebtare debatuese, e organizuar nga EPI n\u00eb bashk\u00ebpunim [&hellip;]","og_url":"https:\/\/epi.org.mk\/sq\/post\/26365\/?lang=sq","og_site_name":"EPI","article_publisher":"https:\/\/www.facebook.com\/EPI.Skopje\/","article_published_time":"2024-07-17T12:12:51+00:00","article_modified_time":"2024-10-13T23:44:26+00:00","og_image":[{"width":2048,"height":1365,"url":"https:\/\/epi.org.mk\/wp-content\/uploads\/dp-5.jpg","type":"image\/jpeg"}],"author":"\u041d\u0430\u0443\u043c \u041b\u043e\u043a\u043e\u0441\u043a\u0438","twitter_card":"summary_large_image","twitter_creator":"@epi_skopje","twitter_site":"@epi_skopje","twitter_misc":{"Written by":"\u041d\u0430\u0443\u043c \u041b\u043e\u043a\u043e\u0441\u043a\u0438","Est. reading time":"2 minutes"},"schema":{"@context":"https:\/\/schema.org","@graph":[{"@type":"Article","@id":"https:\/\/epi.org.mk\/post\/26365?lang=sq#article","isPartOf":{"@id":"https:\/\/epi.org.mk\/post\/26365?lang=sq"},"author":{"name":"\u041d\u0430\u0443\u043c \u041b\u043e\u043a\u043e\u0441\u043a\u0438","@id":"https:\/\/epi.org.mk\/#\/schema\/person\/d3bccda7c7052a8ff666427b79e54a83"},"headline":"EPI e implementoi me sukses debat\u00ebn e kat\u00ebrt nacionale anketuese","datePublished":"2024-07-17T12:12:51+00:00","dateModified":"2024-10-13T23:44:26+00:00","mainEntityOfPage":{"@id":"https:\/\/epi.org.mk\/post\/26365?lang=sq"},"wordCount":297,"publisher":{"@id":"https:\/\/epi.org.mk\/#organization"},"image":{"@id":"https:\/\/epi.org.mk\/post\/26365?lang=sq#primaryimage"},"thumbnailUrl":"https:\/\/epi.org.mk\/wp-content\/uploads\/dp-5.jpg","keywords":["slajder","slajder-al","\u0414\u0435\u043c\u043e\u043a\u0440\u0430\u0442\u0438\u0458\u0430 \u0438 \u0432\u043b\u0430\u0434\u0435\u0435\u045a\u0435 \u043d\u0430 \u043f\u0440\u0430\u0432\u043e"],"articleSection":["\u041d\u043e\u0432\u043e\u0441\u0442\u0438","\u041d\u0430\u0441\u0442\u0430\u043d\u0438"],"inLanguage":"mk-MK"},{"@type":"WebPage","@id":"https:\/\/epi.org.mk\/post\/26365?lang=sq","url":"https:\/\/epi.org.mk\/post\/26365?lang=sq","name":"EPI e implementoi me sukses debat\u00ebn e kat\u00ebrt nacionale anketuese - EPI","isPartOf":{"@id":"https:\/\/epi.org.mk\/#website"},"primaryImageOfPage":{"@id":"https:\/\/epi.org.mk\/post\/26365?lang=sq#primaryimage"},"image":{"@id":"https:\/\/epi.org.mk\/post\/26365?lang=sq#primaryimage"},"thumbnailUrl":"https:\/\/epi.org.mk\/wp-content\/uploads\/dp-5.jpg","datePublished":"2024-07-17T12:12:51+00:00","dateModified":"2024-10-13T23:44:26+00:00","breadcrumb":{"@id":"https:\/\/epi.org.mk\/post\/26365?lang=sq#breadcrumb"},"inLanguage":"mk-MK","potentialAction":[{"@type":"ReadAction","target":["https:\/\/epi.org.mk\/post\/26365?lang=sq"]}]},{"@type":"ImageObject","inLanguage":"mk-MK","@id":"https:\/\/epi.org.mk\/post\/26365?lang=sq#primaryimage","url":"https:\/\/epi.org.mk\/wp-content\/uploads\/dp-5.jpg","contentUrl":"https:\/\/epi.org.mk\/wp-content\/uploads\/dp-5.jpg","width":2048,"height":1365},{"@type":"BreadcrumbList","@id":"https:\/\/epi.org.mk\/post\/26365?lang=sq#breadcrumb","itemListElement":[{"@type":"ListItem","position":1,"name":"Home","item":"https:\/\/epi.org.mk\/"},{"@type":"ListItem","position":2,"name":"EPI e implementoi me sukses debat\u00ebn e kat\u00ebrt nacionale anketuese"}]},{"@type":"WebSite","@id":"https:\/\/epi.org.mk\/#website","url":"https:\/\/epi.org.mk\/","name":"EPI","description":"\u0418\u043d\u0441\u0442\u0438\u0442\u0443\u0442 \u0437\u0430 \u0435\u0432\u0440\u043e\u043f\u0441\u043a\u0430 \u043f\u043e\u043b\u0438\u0442\u0438\u043a\u0430","publisher":{"@id":"https:\/\/epi.org.mk\/#organization"},"potentialAction":[{"@type":"SearchAction","target":{"@type":"EntryPoint","urlTemplate":"https:\/\/epi.org.mk\/?s={search_term_string}"},"query-input":{"@type":"PropertyValueSpecification","valueRequired":true,"valueName":"search_term_string"}}],"inLanguage":"mk-MK"},{"@type":"Organization","@id":"https:\/\/epi.org.mk\/#organization","name":"European Policy Institute - Skopje","alternateName":"EPI Skopje","url":"https:\/\/epi.org.mk\/","logo":{"@type":"ImageObject","inLanguage":"mk-MK","@id":"https:\/\/epi.org.mk\/#\/schema\/logo\/image\/","url":"https:\/\/epi.org.mk\/wp-content\/uploads\/epi-logo.jpg","contentUrl":"https:\/\/epi.org.mk\/wp-content\/uploads\/epi-logo.jpg","width":909,"height":909,"caption":"European Policy Institute - Skopje"},"image":{"@id":"https:\/\/epi.org.mk\/#\/schema\/logo\/image\/"},"sameAs":["https:\/\/www.facebook.com\/EPI.Skopje\/","https:\/\/x.com\/epi_skopje","https:\/\/www.instagram.com\/epi.skopje\/","https:\/\/www.linkedin.com\/company\/epi-skopje"]},{"@type":"Person","@id":"https:\/\/epi.org.mk\/#\/schema\/person\/d3bccda7c7052a8ff666427b79e54a83","name":"\u041d\u0430\u0443\u043c \u041b\u043e\u043a\u043e\u0441\u043a\u0438","image":{"@type":"ImageObject","inLanguage":"mk-MK","@id":"https:\/\/epi.org.mk\/#\/schema\/person\/image\/","url":"https:\/\/secure.gravatar.com\/avatar\/f9e8b68f998732685ae37ad350a11a67233e1bf00791e498034822ca264146d6?s=96&d=mm&r=g","contentUrl":"https:\/\/secure.gravatar.com\/avatar\/f9e8b68f998732685ae37ad350a11a67233e1bf00791e498034822ca264146d6?s=96&d=mm&r=g","caption":"\u041d\u0430\u0443\u043c \u041b\u043e\u043a\u043e\u0441\u043a\u0438"},"url":"https:\/\/epi.org.mk\/sq\/post\/author\/naum-lokoski"}]}},"_links":{"self":[{"href":"https:\/\/epi.org.mk\/sq\/wp-json\/wp\/v2\/posts\/26365","targetHints":{"allow":["GET"]}}],"collection":[{"href":"https:\/\/epi.org.mk\/sq\/wp-json\/wp\/v2\/posts"}],"about":[{"href":"https:\/\/epi.org.mk\/sq\/wp-json\/wp\/v2\/types\/post"}],"author":[{"embeddable":true,"href":"https:\/\/epi.org.mk\/sq\/wp-json\/wp\/v2\/users\/4"}],"replies":[{"embeddable":true,"href":"https:\/\/epi.org.mk\/sq\/wp-json\/wp\/v2\/comments?post=26365"}],"version-history":[{"count":0,"href":"https:\/\/epi.org.mk\/sq\/wp-json\/wp\/v2\/posts\/26365\/revisions"}],"wp:featuredmedia":[{"embeddable":true,"href":"https:\/\/epi.org.mk\/sq\/wp-json\/wp\/v2\/media\/26347"}],"wp:attachment":[{"href":"https:\/\/epi.org.mk\/sq\/wp-json\/wp\/v2\/media?parent=26365"}],"wp:term":[{"taxonomy":"category","embeddable":true,"href":"https:\/\/epi.org.mk\/sq\/wp-json\/wp\/v2\/categories?post=26365"},{"taxonomy":"post_tag","embeddable":true,"href":"https:\/\/epi.org.mk\/sq\/wp-json\/wp\/v2\/tags?post=26365"}],"curies":[{"name":"wp","href":"https:\/\/api.w.org\/{rel}","templated":true}]}}