{"id":14622,"date":"2020-03-09T13:48:54","date_gmt":"2020-03-09T13:48:54","guid":{"rendered":"https:\/\/epi.org.mk\/post\/14622"},"modified":"2020-03-10T14:58:44","modified_gmt":"2020-03-10T14:58:44","slug":"%d0%b4%d0%b8%d1%98%d0%b0%d0%bb%d0%be%d0%b3-%d0%b7%d0%b0-%d0%bf%d0%be%d0%bb%d0%b8%d1%82%d0%b8%d0%ba%d0%b8-%d0%b2%d0%b5%d1%82%d0%b8%d0%bd%d0%b3%d0%be%d1%82-%d0%ba%d0%b0%d0%ba%d0%be-%d0%b2%d0%be%d0%bd","status":"publish","type":"post","link":"https:\/\/epi.org.mk\/sq\/post\/14622?lang=sq","title":{"rendered":"Dialog p\u00ebr politik\u00eb: Vetingu si mas\u00eb e jasht\u00ebzakonshme do t\u00eb krijon probleme t\u00eb jasht\u00ebzakonshme"},"content":{"rendered":"<p>Vetingu si mas\u00eb e jasht\u00ebzakonshme do t\u00eb krijon probleme t\u00eb jasht\u00ebzakonshme, ve\u00e7an\u00ebrisht q\u00eb tek ne u lajm\u00ebrua n\u00eb kontekst parazgjedhor, jo i definuar dhe p\u00ebr at\u00eb shkak nuk mund t\u00eb flitet p\u00ebr rezultate nga ky proces. P\u00ebrvojat nga rajoni lajm\u00ebrojn\u00eb p\u00ebr kujdes tejet t\u00eb ve\u00e7ant\u00eb dhe debat\u00eb gjith\u00ebp\u00ebrfshir\u00ebse p\u00ebr procesin e vetingut, derisa sipas ekspert\u00ebve zgjidhje m\u00eb e mir\u00eb p\u00ebr rrethanat tona do ishte t\u00eb shihet integriteti dhe kapaciteti i institucioneve egzistuese. K\u00ebto jan\u00eb pjes\u00eb e p\u00ebrfundimeve q\u00eb i deklaruan fol\u00ebsit n\u00eb dialogun p\u00ebr politik\u00eb \u201cVetingu\u00a0\u2013 nj\u00eb mund\u00ebsi e imponuar ose e mundshme p\u00ebr Republik\u00ebn e Maqedonis\u00eb s\u00eb Veriut\u201d q\u00eb u mbajt m\u00eb 6 mars n\u00eb Shkup.<\/p>\n<p>Dr. Ledi Bianku nga Shqip\u00ebria, ish gjykat\u00ebs n\u00eb Gjykat\u00ebn Evropiane p\u00ebr t\u00eb Drejtat e Njeriut theksoi q\u00eb gjykat\u00ebsit, si dhe t\u00eb gjith\u00eb funksionar\u00ebt e tjer\u00eb, duhet t\u00eb jen\u00eb t\u00eb p\u00ebrgjegjsh\u00ebm dhe se ajo q\u00eb vlen p\u00ebr ministrat dhe p\u00ebrfaq\u00ebsuesit politik duhet t\u00eb vlen edhe p\u00ebr gjykat\u00ebsit. Si\u00e7 theksoi ai, edhe gjykat\u00ebsit duhet t\u00eb p\u00ebrgjigjen para publikut. Bianku tha se vetingu n\u00eb Shqip\u00ebri \u00ebsht\u00eb parapar\u00eb si procedur\u00eb administrative, por n\u00ebse analizohet p\u00ebrmbajtja e procesit, analizat tregojn\u00eb q\u00eb procesi kund\u00ebr gjykat\u00ebsve \u00ebsht\u00eb proces penal.<\/p>\n<p><img fetchpriority=\"high\" decoding=\"async\" class=\"size-large wp-image-14612 aligncenter\" src=\"https:\/\/epi.org.mk\/wp-content\/uploads\/2020\/03\/nastan5-Large-1024x681.jpg\" alt=\"\" width=\"1024\" height=\"681\" srcset=\"https:\/\/epi.org.mk\/wp-content\/uploads\/2020\/03\/nastan5-Large-1024x681.jpg 1024w, https:\/\/epi.org.mk\/wp-content\/uploads\/2020\/03\/nastan5-Large-300x200.jpg 300w, https:\/\/epi.org.mk\/wp-content\/uploads\/2020\/03\/nastan5-Large-768x511.jpg 768w, https:\/\/epi.org.mk\/wp-content\/uploads\/2020\/03\/nastan5-Large.jpg 1600w\" sizes=\"(max-width: 1024px) 100vw, 1024px\" \/><\/p>\n<ul>\n<li>\n<blockquote><p>N\u00ebse i d\u00ebgjoni politikan\u00ebt, ato thon\u00eb q\u00eb luftojn\u00eb kund\u00ebr korrupsionit n\u00eb gjyq\u00ebsor. Por korrupsioni nuk luftohet me procedura adminisitrative por me procedura penale, theksoi Bianku.Dr. Bosa Nenadiq, ish kryetare e Gjykat\u00ebs kushtetuese t\u00eb S\u00ebrbis\u00eb potencoi q\u00eb pasojat nga ndryshimet n\u00eb politik\u00eb jan\u00eb m\u00eb t\u00eb vogla se reformat n\u00eb gjyq\u00ebsor.<\/p><\/blockquote>\n<\/li>\n<\/ul>\n<p>&nbsp;<\/p>\n<ul>\n<li>\n<blockquote><p>Pasojat jan\u00eb m\u00eb t\u00eb m\u00ebdha derisa reformat n\u00eb gjyq\u00ebsor nuk implementohen ashtu si\u00e7 duhet, theksoi Nenadiq si dhe ajo q\u00eb gjat\u00eb implementimit t\u00eb reformave, i r\u00ebnd\u00ebsish\u00ebm \u00ebsht\u00eb bashk\u00ebpunimi me bashk\u00ebsin\u00eb nd\u00ebrkomb\u00ebtare, por m\u00eb e r\u00ebnd\u00ebsishme \u00ebsht\u00eb p\u00ebrgatitja e mbrendshme p\u00ebr reforma.<\/p><\/blockquote>\n<\/li>\n<\/ul>\n<p>Dr. Mirjana Llazarovska Trajkovska, ish gjykat\u00ebse n\u00eb Gjykat\u00ebn Evropiane p\u00ebr t\u00eb Drejtat e Njeriut tha se tek ne flitet p\u00ebr veting por pa u dh\u00ebn\u00eb p\u00ebrgjigje se \u00e7far\u00eb vetingu do t\u00eb implementohet.<\/p>\n<p><img decoding=\"async\" class=\"size-large wp-image-14615 aligncenter\" src=\"https:\/\/epi.org.mk\/wp-content\/uploads\/2020\/03\/DSC_0313-Large-1024x681.jpg\" alt=\"\" width=\"1024\" height=\"681\" srcset=\"https:\/\/epi.org.mk\/wp-content\/uploads\/2020\/03\/DSC_0313-Large-1024x681.jpg 1024w, https:\/\/epi.org.mk\/wp-content\/uploads\/2020\/03\/DSC_0313-Large-300x200.jpg 300w, https:\/\/epi.org.mk\/wp-content\/uploads\/2020\/03\/DSC_0313-Large-768x511.jpg 768w, https:\/\/epi.org.mk\/wp-content\/uploads\/2020\/03\/DSC_0313-Large.jpg 1600w\" sizes=\"(max-width: 1024px) 100vw, 1024px\" \/><\/p>\n<ul>\n<li>\n<blockquote><p>Idea p\u00ebr veting , vet\u00ebvetiu, nuk ka q\u00ebllim t\u00eb keq. Por n\u00eb princip, vetingu si terminologji nuk p\u00ebrshtatet me at\u00eb q\u00eb duam ta arrijm\u00eb. Nuk mund t\u00eb themi se t\u00eb gjith\u00eb 530 gjykat\u00ebs n\u00eb Maqedoni nuk jan\u00eb t\u00eb mir\u00eb dhe duhet t\u00eb ju n\u00ebnshtrohen kontrollit dhe spastrimit, tha Llazarova Trajkovska.<\/p><\/blockquote>\n<\/li>\n<\/ul>\n<p>Ajo shtoi se p\u00ebrderisa implementohet vetingu, t\u00eb duhura jan\u00eb edhe ndryshime kushtetuese me q\u00ebllim rregullimin e q\u00ebndrueshm\u00ebris\u00eb s\u00eb mandatit t\u00eb gjykat\u00ebsve dhe pavar\u00ebsin\u00eb e gjyq\u00ebsorit.<\/p>\n<ul>\n<li>\n<blockquote><p>\u00c7far\u00ebdo komploti ose mendimi p\u00ebr vetingun, ashtu si\u00e7 ishte i prezentuar n\u00eb publik, pa ndryshime kushtetuese \u00ebsht\u00eb i pamundur. E vetmja gj\u00eb q\u00eb \u00ebsht\u00eb e mundur \u00ebsht\u00eb p\u00ebrforcimi i kapaciteteve t\u00eb institucioneve dhe implementi i ligjeve, tha Llazarova Trajkovska.<\/p><\/blockquote>\n<\/li>\n<\/ul>\n<p>Tatjana Vasiq Bozaxhieva nga Ministria e drejt\u00ebsis\u00eb theksoi se Komisioni Evropian n\u00eb raportin e fundit ka theksuar se Maqedonia e Veriut ka p\u00ebrparim t\u00eb zmadhuar n\u00eb harmonizimin me rregullativat e BE-s\u00eb. Gjithashtu, n\u00eb raport konstatohet se n\u00eb Maqedonin\u00eb e Veriut \u00ebsht\u00eb v\u00ebrejtur motivim dhe angazhim q\u00ebnj\u00ebsor p\u00ebr reforma, tha Tatjana Vasiq Bozaxhieva.<\/p>\n<p>Vlladimir Georgiev, an\u00ebtar i Komisionit shtet\u00ebror p\u00ebr parandalim t\u00eb korrupsionit tha se kryetari i m\u00ebparsh\u00ebm ka dal\u00eb n\u00eb publik me q\u00ebllim q\u00eb KSHPK duhet t\u00eb kontrolloj\u00eb pron\u00ebn e gjykat\u00ebsve dhe prokuror\u00ebve n\u00eb shtet.<\/p>\n<ul>\n<li>\n<blockquote><p>Kjo nuk paraqet veting. Kjo \u00ebsht\u00eb vet\u00ebm nji element nga i gjith\u00eb procesi. Vetingu si n\u00eb Shqip\u00ebri, t\u00eb hyet n\u00eb analiz\u00ebn e ekspertiz\u00ebs , t\u00eb pron\u00ebs s\u00eb fituar dhe an\u00ebtar\u00ebve t\u00eb familjes, n\u00eb analiz\u00ebn se a kan\u00eb qen\u00eb t\u00eb involvuar n\u00eb struktura kriminele apo politike, n\u00eb t\u00eb v\u00ebrtet\u00eb \u00ebsht\u00eb di\u00e7ka\u00a0tjet\u00ebr, tha Georgiev.<\/p><\/blockquote>\n<\/li>\n<\/ul>\n<p>Ai shtoi se viteve t\u00eb kaluara \u00ebsht\u00eb kritikuar veprimi i gjykat\u00ebsve dhe prokuror\u00ebve, jan\u00eb p\u00ebrmendur keqp\u00ebrdorime t\u00eb AKMIS sistemit dhe p\u00ebr k\u00ebt\u00eb shkak n\u00eb publik egziston ndjenja e erozionit t\u00eb besimit n\u00eb sistemin gjyq\u00ebsor, dhe duhet pasur parasysh se sistemi gjyq\u00ebsor \u00ebsht\u00eb shtylla e sundimit t\u00eb s\u00eb drejt\u00ebs.<\/p>\n<ul>\n<li>\n<blockquote><p>Sipas hulumtimeve n\u00eb Shqip\u00ebri, rreth 80% e qytetar\u00ebve, para se t\u00eb filloj\u00eb procesi i vetingut, kan\u00eb th\u00ebn\u00eb q\u00eb egziston korrupsion i lart\u00eb n\u00eb k\u00ebt\u00eb sektor. N\u00eb Maqedoni, sipas hulumtimeve, sistemi gjyq\u00ebsor shihet si fajtor p\u00ebr korrupsionin n\u00eb shtet. Sipas perceptimeve t\u00eb qytetar\u00ebve p\u00ebr mbizot\u00ebrimin e korrupsionit sipas profesioneve, n\u00eb dy vendet e para q\u00ebndrojn\u00eb gjykat\u00ebsit dhe prokuror\u00ebt. Nga viti 2001 deri n\u00eb vitin 2019 shihet rritje e perceptimit p\u00ebr korrupsion tek gjykat\u00ebsit dhe prokuror\u00ebt, tha Georgiev.<\/p><\/blockquote>\n<\/li>\n<\/ul>\n<p>Ai p\u00ebrfundoi q\u00eb duhet t\u00eb kemi parasysh q\u00eb implementimi i t\u00ebr\u00ebsish\u00ebm i vetingut paraqet rrezik real p\u00ebr bllokim t\u00eb sistemit gjyq\u00ebsor.<\/p>\n<ul>\n<li>\n<blockquote><p>N\u00ebse vendosim p\u00ebr veting n\u00eb kuptimin e revizionit, e patjet\u00ebrsueshme \u00ebsht\u00eb ky\u00e7ja e monitorimit nd\u00ebrkomb\u00ebtar q\u00eb t\u00eb mund\u00ebsohet proces objektiv, p\u00ebrfundoi Georgiev.<\/p><\/blockquote>\n<\/li>\n<\/ul>\n<p>Sipas dr Denis Preshova, docent n\u00eb Fakultetin juridik \u201cJustiniani i Par\u00eb\u201d, Universiteti \u201cSh\u00ebn Kirili dhe Metodi\u201d, vetingu aspak nuk \u00ebsht\u00eb zgjidhje.<\/p>\n<ul>\n<li>\n<blockquote><p>Si mas\u00eb e jasht\u00ebzakonshme, do t\u00eb na shkakton probleme t\u00eb jasht\u00ebzakonshme me t\u00eb cilat nuk do t\u00eb mund t\u00eb ballafaqohemi. Duhet t\u00eb jemi t\u00eb v\u00ebmendsh\u00ebm se p\u00ebr \u00e7far\u00eb lloj t\u00eb vetingut b\u00ebhet fjal\u00eb. N\u00eb kontekstin ton\u00eb theksohet rizgjedhje gjenerale, spastrim. Kjo pyetje p\u00ebrs\u00ebri hapet n\u00eb kontekstin parazgjedhor. Mendoj q\u00eb n\u00ebse b\u00ebhet qasje e p\u00ebrshpejtuar kah vetingu, do t\u00eb shkaktohen vet\u00ebm probleme pa u dh\u00ebn\u00eb zgjidhje. Cili \u00ebsht\u00eb q\u00ebllimi i vetingut? Cilin duhet t\u00eb kontrollojm\u00eb dhe t\u00eb spastrojm\u00eb?, theksoi Preshova.<\/p><\/blockquote>\n<\/li>\n<\/ul>\n<p>Ai potencoi q\u00eb vetingu paraqet, para se gjithash, drejt\u00ebsi adminsitrative dhe nuk hyn n\u00eb p\u00ebrgjegj\u00ebsin\u00eb penale.<\/p>\n<ul>\n<li>\n<blockquote><p>Me veting nuk do t\u00eb kemi p\u00ebrgjegj\u00ebsi penale, nuk do ta heq\u00eb pand\u00ebshkuershm\u00ebrin\u00eb. Vetingu \u00ebsht\u00eb mas\u00eb p\u00ebr drejt\u00ebsi tranzitore, n\u00eb t\u00eb cil\u00ebn kemi qasje kur kemi shkelje t\u00eb r\u00ebnda t\u00eb t\u00eb drejtave njer\u00ebzore n\u00eb t\u00eb cilat p\u00ebrfshihen dhe vet\u00eb gjykat\u00ebsit. Ne nuk kemi zgjidhur ende \u00e7\u00ebshtjet me \u201cbombat\u201d kurse flasim p\u00ebr hapat q\u00eb duhet t\u00eb nd\u00ebrmerren n\u00eb t\u00eb ardhmen, tha Preshova.<\/p><\/blockquote>\n<\/li>\n<\/ul>\n<p><img decoding=\"async\" class=\"size-large wp-image-14618 aligncenter\" src=\"https:\/\/epi.org.mk\/wp-content\/uploads\/2020\/03\/nastan10-Large-1024x681.jpg\" alt=\"\" width=\"1024\" height=\"681\" srcset=\"https:\/\/epi.org.mk\/wp-content\/uploads\/2020\/03\/nastan10-Large-1024x681.jpg 1024w, https:\/\/epi.org.mk\/wp-content\/uploads\/2020\/03\/nastan10-Large-300x200.jpg 300w, https:\/\/epi.org.mk\/wp-content\/uploads\/2020\/03\/nastan10-Large-768x511.jpg 768w, https:\/\/epi.org.mk\/wp-content\/uploads\/2020\/03\/nastan10-Large.jpg 1600w\" sizes=\"(max-width: 1024px) 100vw, 1024px\" \/><\/p>\n<p>Dialogu u implementua n\u00eb suaza t\u00eb projekti &#8220;Bashk\u00ebpunimi Justitia: Rifitimi i besimit t\u00eb qytetar\u00ebve&#8221; q\u00eb implementohet nga ana e Institutit p\u00ebr politik\u00eb evropiane dhe Shoqat\u00ebs ZENITH, kurse finansohet nga Bashkimi Evropian dhe kofinansohet nga Qeveria e Republik\u00ebs s\u00eb Maqedonis\u00eb s\u00eb Veriut. Projekti ka p\u00ebr q\u00ebllim t\u00eb kontribuoj\u00eb n\u00eb rifitimin e besimit t\u00eb qytetar\u00ebve n\u00eb sektorin e drejt\u00ebsis\u00eb n\u00eb Maqedoni p\u00ebrmes p\u00ebrfshirjes kuptimplote t\u00eb shoq\u00ebris\u00eb civile n\u00eb reformat thelb\u00ebsore. P\u00ebrdorues final t\u00eb k\u00ebtij projekti jan\u00eb institucionet n\u00eb sfer\u00ebn e gjyq\u00ebsorit.<\/p>\n<p>Q\u00ebllimi i k\u00ebtij dialogu ishte t\u00eb siguroj\u00eb diskutim t\u00eb thelluar mbi natyr\u00ebn dhe pasojat e procesit t\u00eb vetingut, sipas standardeve evropiane t\u00eb gjyq\u00ebsorit dhe p\u00ebrvojave n\u00eb rajon dhe t\u00eb kontribuoj\u00eb n\u00eb vler\u00ebsimin e nevoj\u00ebs p\u00ebr veting t\u00eb gjyq\u00ebsorit n\u00eb Maqedoni n\u00eb drit\u00ebn e standardeve evropiane dhe m\u00ebsimeve t\u00eb marra.<\/p>","protected":false},"excerpt":{"rendered":"<p>Vetingu si mas\u00eb e jasht\u00ebzakonshme do t\u00eb krijon probleme t\u00eb jasht\u00ebzakonshme, ve\u00e7an\u00ebrisht q\u00eb tek ne u lajm\u00ebrua n\u00eb kontekst parazgjedhor, jo i definuar dhe p\u00ebr at\u00eb shkak nuk mund t\u00eb flitet p\u00ebr rezultate nga ky proces. P\u00ebrvojat nga rajoni lajm\u00ebrojn\u00eb p\u00ebr kujdes tejet t\u00eb ve\u00e7ant\u00eb dhe debat\u00eb gjith\u00ebp\u00ebrfshir\u00ebse p\u00ebr procesin e vetingut, derisa sipas ekspert\u00ebve [&hellip;]<\/p>","protected":false},"author":4,"featured_media":14609,"comment_status":"closed","ping_status":"closed","sticky":false,"template":"","format":"standard","meta":{"_acf_changed":false,"footnotes":""},"categories":[106],"tags":[],"class_list":["post-14622","post","type-post","status-publish","format-standard","has-post-thumbnail","hentry","category-106"],"acf":[],"yoast_head":"<!-- This site is optimized with the Yoast SEO plugin v24.4 - https:\/\/yoast.com\/wordpress\/plugins\/seo\/ -->\n<title>Dialog p\u00ebr politik\u00eb: Vetingu si mas\u00eb e jasht\u00ebzakonshme do t\u00eb krijon probleme t\u00eb jasht\u00ebzakonshme - EPI<\/title>\n<meta name=\"robots\" content=\"index, follow, max-snippet:-1, max-image-preview:large, max-video-preview:-1\" \/>\n<link rel=\"canonical\" href=\"https:\/\/epi.org.mk\/sq\/post\/14622\/?lang=sq\" \/>\n<meta property=\"og:locale\" content=\"mk_MK\" \/>\n<meta property=\"og:type\" content=\"article\" \/>\n<meta property=\"og:title\" content=\"Dialog p\u00ebr politik\u00eb: Vetingu si mas\u00eb e jasht\u00ebzakonshme do t\u00eb krijon probleme t\u00eb jasht\u00ebzakonshme - EPI\" \/>\n<meta property=\"og:description\" content=\"Vetingu si mas\u00eb e jasht\u00ebzakonshme do t\u00eb krijon probleme t\u00eb jasht\u00ebzakonshme, ve\u00e7an\u00ebrisht q\u00eb tek ne u lajm\u00ebrua n\u00eb kontekst parazgjedhor, jo i definuar dhe p\u00ebr at\u00eb shkak nuk mund t\u00eb flitet p\u00ebr rezultate nga ky proces. P\u00ebrvojat nga rajoni lajm\u00ebrojn\u00eb p\u00ebr kujdes tejet t\u00eb ve\u00e7ant\u00eb dhe debat\u00eb gjith\u00ebp\u00ebrfshir\u00ebse p\u00ebr procesin e vetingut, derisa sipas ekspert\u00ebve [&hellip;]\" \/>\n<meta property=\"og:url\" content=\"https:\/\/epi.org.mk\/sq\/post\/14622\/?lang=sq\" \/>\n<meta property=\"og:site_name\" content=\"EPI\" \/>\n<meta property=\"article:publisher\" content=\"https:\/\/www.facebook.com\/EPI.Skopje\/\" \/>\n<meta property=\"article:published_time\" content=\"2020-03-09T13:48:54+00:00\" \/>\n<meta property=\"article:modified_time\" content=\"2020-03-10T14:58:44+00:00\" \/>\n<meta property=\"og:image\" content=\"https:\/\/epi.org.mk\/wp-content\/uploads\/2020\/03\/nastan1-Large.jpg\" \/>\n\t<meta property=\"og:image:width\" content=\"1624\" \/>\n\t<meta property=\"og:image:height\" content=\"1080\" \/>\n\t<meta property=\"og:image:type\" content=\"image\/jpeg\" \/>\n<meta name=\"author\" content=\"\u041d\u0430\u0443\u043c \u041b\u043e\u043a\u043e\u0441\u043a\u0438\" \/>\n<meta name=\"twitter:card\" content=\"summary_large_image\" \/>\n<meta name=\"twitter:creator\" content=\"@epi_skopje\" \/>\n<meta name=\"twitter:site\" content=\"@epi_skopje\" \/>\n<meta name=\"twitter:label1\" content=\"Written by\" \/>\n\t<meta name=\"twitter:data1\" content=\"\u041d\u0430\u0443\u043c \u041b\u043e\u043a\u043e\u0441\u043a\u0438\" \/>\n\t<meta name=\"twitter:label2\" content=\"Est. reading time\" \/>\n\t<meta name=\"twitter:data2\" content=\"6 minutes\" \/>\n<script type=\"application\/ld+json\" class=\"yoast-schema-graph\">{\"@context\":\"https:\/\/schema.org\",\"@graph\":[{\"@type\":\"Article\",\"@id\":\"https:\/\/epi.org.mk\/post\/14622?lang=sq#article\",\"isPartOf\":{\"@id\":\"https:\/\/epi.org.mk\/post\/14622?lang=sq\"},\"author\":{\"name\":\"\u041d\u0430\u0443\u043c \u041b\u043e\u043a\u043e\u0441\u043a\u0438\",\"@id\":\"https:\/\/epi.org.mk\/#\/schema\/person\/d3bccda7c7052a8ff666427b79e54a83\"},\"headline\":\"Dialog p\u00ebr politik\u00eb: Vetingu si mas\u00eb e jasht\u00ebzakonshme do t\u00eb krijon probleme t\u00eb jasht\u00ebzakonshme\",\"datePublished\":\"2020-03-09T13:48:54+00:00\",\"dateModified\":\"2020-03-10T14:58:44+00:00\",\"mainEntityOfPage\":{\"@id\":\"https:\/\/epi.org.mk\/post\/14622?lang=sq\"},\"wordCount\":1257,\"publisher\":{\"@id\":\"https:\/\/epi.org.mk\/#organization\"},\"image\":{\"@id\":\"https:\/\/epi.org.mk\/post\/14622?lang=sq#primaryimage\"},\"thumbnailUrl\":\"https:\/\/epi.org.mk\/wp-content\/uploads\/2020\/03\/nastan1-Large.jpg\",\"articleSection\":[\"\u041d\u043e\u0432\u043e\u0441\u0442\u0438\"],\"inLanguage\":\"mk-MK\"},{\"@type\":\"WebPage\",\"@id\":\"https:\/\/epi.org.mk\/post\/14622?lang=sq\",\"url\":\"https:\/\/epi.org.mk\/post\/14622?lang=sq\",\"name\":\"Dialog p\u00ebr politik\u00eb: Vetingu si mas\u00eb e jasht\u00ebzakonshme do t\u00eb krijon probleme t\u00eb jasht\u00ebzakonshme - EPI\",\"isPartOf\":{\"@id\":\"https:\/\/epi.org.mk\/#website\"},\"primaryImageOfPage\":{\"@id\":\"https:\/\/epi.org.mk\/post\/14622?lang=sq#primaryimage\"},\"image\":{\"@id\":\"https:\/\/epi.org.mk\/post\/14622?lang=sq#primaryimage\"},\"thumbnailUrl\":\"https:\/\/epi.org.mk\/wp-content\/uploads\/2020\/03\/nastan1-Large.jpg\",\"datePublished\":\"2020-03-09T13:48:54+00:00\",\"dateModified\":\"2020-03-10T14:58:44+00:00\",\"breadcrumb\":{\"@id\":\"https:\/\/epi.org.mk\/post\/14622?lang=sq#breadcrumb\"},\"inLanguage\":\"mk-MK\",\"potentialAction\":[{\"@type\":\"ReadAction\",\"target\":[\"https:\/\/epi.org.mk\/post\/14622?lang=sq\"]}]},{\"@type\":\"ImageObject\",\"inLanguage\":\"mk-MK\",\"@id\":\"https:\/\/epi.org.mk\/post\/14622?lang=sq#primaryimage\",\"url\":\"https:\/\/epi.org.mk\/wp-content\/uploads\/2020\/03\/nastan1-Large.jpg\",\"contentUrl\":\"https:\/\/epi.org.mk\/wp-content\/uploads\/2020\/03\/nastan1-Large.jpg\",\"width\":1600,\"height\":1064},{\"@type\":\"BreadcrumbList\",\"@id\":\"https:\/\/epi.org.mk\/post\/14622?lang=sq#breadcrumb\",\"itemListElement\":[{\"@type\":\"ListItem\",\"position\":1,\"name\":\"Home\",\"item\":\"https:\/\/epi.org.mk\/\"},{\"@type\":\"ListItem\",\"position\":2,\"name\":\"Dialog p\u00ebr politik\u00eb: Vetingu si mas\u00eb e jasht\u00ebzakonshme do t\u00eb krijon probleme t\u00eb jasht\u00ebzakonshme\"}]},{\"@type\":\"WebSite\",\"@id\":\"https:\/\/epi.org.mk\/#website\",\"url\":\"https:\/\/epi.org.mk\/\",\"name\":\"EPI\",\"description\":\"\u0418\u043d\u0441\u0442\u0438\u0442\u0443\u0442 \u0437\u0430 \u0435\u0432\u0440\u043e\u043f\u0441\u043a\u0430 \u043f\u043e\u043b\u0438\u0442\u0438\u043a\u0430\",\"publisher\":{\"@id\":\"https:\/\/epi.org.mk\/#organization\"},\"potentialAction\":[{\"@type\":\"SearchAction\",\"target\":{\"@type\":\"EntryPoint\",\"urlTemplate\":\"https:\/\/epi.org.mk\/?s={search_term_string}\"},\"query-input\":{\"@type\":\"PropertyValueSpecification\",\"valueRequired\":true,\"valueName\":\"search_term_string\"}}],\"inLanguage\":\"mk-MK\"},{\"@type\":\"Organization\",\"@id\":\"https:\/\/epi.org.mk\/#organization\",\"name\":\"European Policy Institute - Skopje\",\"alternateName\":\"EPI Skopje\",\"url\":\"https:\/\/epi.org.mk\/\",\"logo\":{\"@type\":\"ImageObject\",\"inLanguage\":\"mk-MK\",\"@id\":\"https:\/\/epi.org.mk\/#\/schema\/logo\/image\/\",\"url\":\"https:\/\/epi.org.mk\/wp-content\/uploads\/epi-logo.jpg\",\"contentUrl\":\"https:\/\/epi.org.mk\/wp-content\/uploads\/epi-logo.jpg\",\"width\":909,\"height\":909,\"caption\":\"European Policy Institute - Skopje\"},\"image\":{\"@id\":\"https:\/\/epi.org.mk\/#\/schema\/logo\/image\/\"},\"sameAs\":[\"https:\/\/www.facebook.com\/EPI.Skopje\/\",\"https:\/\/x.com\/epi_skopje\",\"https:\/\/www.instagram.com\/epi.skopje\/\",\"https:\/\/www.linkedin.com\/company\/epi-skopje\"]},{\"@type\":\"Person\",\"@id\":\"https:\/\/epi.org.mk\/#\/schema\/person\/d3bccda7c7052a8ff666427b79e54a83\",\"name\":\"\u041d\u0430\u0443\u043c \u041b\u043e\u043a\u043e\u0441\u043a\u0438\",\"image\":{\"@type\":\"ImageObject\",\"inLanguage\":\"mk-MK\",\"@id\":\"https:\/\/epi.org.mk\/#\/schema\/person\/image\/\",\"url\":\"https:\/\/secure.gravatar.com\/avatar\/f9e8b68f998732685ae37ad350a11a67233e1bf00791e498034822ca264146d6?s=96&d=mm&r=g\",\"contentUrl\":\"https:\/\/secure.gravatar.com\/avatar\/f9e8b68f998732685ae37ad350a11a67233e1bf00791e498034822ca264146d6?s=96&d=mm&r=g\",\"caption\":\"\u041d\u0430\u0443\u043c \u041b\u043e\u043a\u043e\u0441\u043a\u0438\"},\"url\":\"https:\/\/epi.org.mk\/sq\/post\/author\/naum-lokoski\"}]}<\/script>\n<!-- \/ Yoast SEO plugin. -->","yoast_head_json":{"title":"Dialog p\u00ebr politik\u00eb: Vetingu si mas\u00eb e jasht\u00ebzakonshme do t\u00eb krijon probleme t\u00eb jasht\u00ebzakonshme - EPI","robots":{"index":"index","follow":"follow","max-snippet":"max-snippet:-1","max-image-preview":"max-image-preview:large","max-video-preview":"max-video-preview:-1"},"canonical":"https:\/\/epi.org.mk\/sq\/post\/14622\/?lang=sq","og_locale":"mk_MK","og_type":"article","og_title":"Dialog p\u00ebr politik\u00eb: Vetingu si mas\u00eb e jasht\u00ebzakonshme do t\u00eb krijon probleme t\u00eb jasht\u00ebzakonshme - EPI","og_description":"Vetingu si mas\u00eb e jasht\u00ebzakonshme do t\u00eb krijon probleme t\u00eb jasht\u00ebzakonshme, ve\u00e7an\u00ebrisht q\u00eb tek ne u lajm\u00ebrua n\u00eb kontekst parazgjedhor, jo i definuar dhe p\u00ebr at\u00eb shkak nuk mund t\u00eb flitet p\u00ebr rezultate nga ky proces. P\u00ebrvojat nga rajoni lajm\u00ebrojn\u00eb p\u00ebr kujdes tejet t\u00eb ve\u00e7ant\u00eb dhe debat\u00eb gjith\u00ebp\u00ebrfshir\u00ebse p\u00ebr procesin e vetingut, derisa sipas ekspert\u00ebve [&hellip;]","og_url":"https:\/\/epi.org.mk\/sq\/post\/14622\/?lang=sq","og_site_name":"EPI","article_publisher":"https:\/\/www.facebook.com\/EPI.Skopje\/","article_published_time":"2020-03-09T13:48:54+00:00","article_modified_time":"2020-03-10T14:58:44+00:00","og_image":[{"width":1624,"height":1080,"url":"https:\/\/epi.org.mk\/wp-content\/uploads\/2020\/03\/nastan1-Large.jpg","type":"image\/jpeg"}],"author":"\u041d\u0430\u0443\u043c \u041b\u043e\u043a\u043e\u0441\u043a\u0438","twitter_card":"summary_large_image","twitter_creator":"@epi_skopje","twitter_site":"@epi_skopje","twitter_misc":{"Written by":"\u041d\u0430\u0443\u043c \u041b\u043e\u043a\u043e\u0441\u043a\u0438","Est. reading time":"6 minutes"},"schema":{"@context":"https:\/\/schema.org","@graph":[{"@type":"Article","@id":"https:\/\/epi.org.mk\/post\/14622?lang=sq#article","isPartOf":{"@id":"https:\/\/epi.org.mk\/post\/14622?lang=sq"},"author":{"name":"\u041d\u0430\u0443\u043c \u041b\u043e\u043a\u043e\u0441\u043a\u0438","@id":"https:\/\/epi.org.mk\/#\/schema\/person\/d3bccda7c7052a8ff666427b79e54a83"},"headline":"Dialog p\u00ebr politik\u00eb: Vetingu si mas\u00eb e jasht\u00ebzakonshme do t\u00eb krijon probleme t\u00eb jasht\u00ebzakonshme","datePublished":"2020-03-09T13:48:54+00:00","dateModified":"2020-03-10T14:58:44+00:00","mainEntityOfPage":{"@id":"https:\/\/epi.org.mk\/post\/14622?lang=sq"},"wordCount":1257,"publisher":{"@id":"https:\/\/epi.org.mk\/#organization"},"image":{"@id":"https:\/\/epi.org.mk\/post\/14622?lang=sq#primaryimage"},"thumbnailUrl":"https:\/\/epi.org.mk\/wp-content\/uploads\/2020\/03\/nastan1-Large.jpg","articleSection":["\u041d\u043e\u0432\u043e\u0441\u0442\u0438"],"inLanguage":"mk-MK"},{"@type":"WebPage","@id":"https:\/\/epi.org.mk\/post\/14622?lang=sq","url":"https:\/\/epi.org.mk\/post\/14622?lang=sq","name":"Dialog p\u00ebr politik\u00eb: Vetingu si mas\u00eb e jasht\u00ebzakonshme do t\u00eb krijon probleme t\u00eb jasht\u00ebzakonshme - EPI","isPartOf":{"@id":"https:\/\/epi.org.mk\/#website"},"primaryImageOfPage":{"@id":"https:\/\/epi.org.mk\/post\/14622?lang=sq#primaryimage"},"image":{"@id":"https:\/\/epi.org.mk\/post\/14622?lang=sq#primaryimage"},"thumbnailUrl":"https:\/\/epi.org.mk\/wp-content\/uploads\/2020\/03\/nastan1-Large.jpg","datePublished":"2020-03-09T13:48:54+00:00","dateModified":"2020-03-10T14:58:44+00:00","breadcrumb":{"@id":"https:\/\/epi.org.mk\/post\/14622?lang=sq#breadcrumb"},"inLanguage":"mk-MK","potentialAction":[{"@type":"ReadAction","target":["https:\/\/epi.org.mk\/post\/14622?lang=sq"]}]},{"@type":"ImageObject","inLanguage":"mk-MK","@id":"https:\/\/epi.org.mk\/post\/14622?lang=sq#primaryimage","url":"https:\/\/epi.org.mk\/wp-content\/uploads\/2020\/03\/nastan1-Large.jpg","contentUrl":"https:\/\/epi.org.mk\/wp-content\/uploads\/2020\/03\/nastan1-Large.jpg","width":1600,"height":1064},{"@type":"BreadcrumbList","@id":"https:\/\/epi.org.mk\/post\/14622?lang=sq#breadcrumb","itemListElement":[{"@type":"ListItem","position":1,"name":"Home","item":"https:\/\/epi.org.mk\/"},{"@type":"ListItem","position":2,"name":"Dialog p\u00ebr politik\u00eb: Vetingu si mas\u00eb e jasht\u00ebzakonshme do t\u00eb krijon probleme t\u00eb jasht\u00ebzakonshme"}]},{"@type":"WebSite","@id":"https:\/\/epi.org.mk\/#website","url":"https:\/\/epi.org.mk\/","name":"EPI","description":"\u0418\u043d\u0441\u0442\u0438\u0442\u0443\u0442 \u0437\u0430 \u0435\u0432\u0440\u043e\u043f\u0441\u043a\u0430 \u043f\u043e\u043b\u0438\u0442\u0438\u043a\u0430","publisher":{"@id":"https:\/\/epi.org.mk\/#organization"},"potentialAction":[{"@type":"SearchAction","target":{"@type":"EntryPoint","urlTemplate":"https:\/\/epi.org.mk\/?s={search_term_string}"},"query-input":{"@type":"PropertyValueSpecification","valueRequired":true,"valueName":"search_term_string"}}],"inLanguage":"mk-MK"},{"@type":"Organization","@id":"https:\/\/epi.org.mk\/#organization","name":"European Policy Institute - Skopje","alternateName":"EPI Skopje","url":"https:\/\/epi.org.mk\/","logo":{"@type":"ImageObject","inLanguage":"mk-MK","@id":"https:\/\/epi.org.mk\/#\/schema\/logo\/image\/","url":"https:\/\/epi.org.mk\/wp-content\/uploads\/epi-logo.jpg","contentUrl":"https:\/\/epi.org.mk\/wp-content\/uploads\/epi-logo.jpg","width":909,"height":909,"caption":"European Policy Institute - Skopje"},"image":{"@id":"https:\/\/epi.org.mk\/#\/schema\/logo\/image\/"},"sameAs":["https:\/\/www.facebook.com\/EPI.Skopje\/","https:\/\/x.com\/epi_skopje","https:\/\/www.instagram.com\/epi.skopje\/","https:\/\/www.linkedin.com\/company\/epi-skopje"]},{"@type":"Person","@id":"https:\/\/epi.org.mk\/#\/schema\/person\/d3bccda7c7052a8ff666427b79e54a83","name":"\u041d\u0430\u0443\u043c \u041b\u043e\u043a\u043e\u0441\u043a\u0438","image":{"@type":"ImageObject","inLanguage":"mk-MK","@id":"https:\/\/epi.org.mk\/#\/schema\/person\/image\/","url":"https:\/\/secure.gravatar.com\/avatar\/f9e8b68f998732685ae37ad350a11a67233e1bf00791e498034822ca264146d6?s=96&d=mm&r=g","contentUrl":"https:\/\/secure.gravatar.com\/avatar\/f9e8b68f998732685ae37ad350a11a67233e1bf00791e498034822ca264146d6?s=96&d=mm&r=g","caption":"\u041d\u0430\u0443\u043c \u041b\u043e\u043a\u043e\u0441\u043a\u0438"},"url":"https:\/\/epi.org.mk\/sq\/post\/author\/naum-lokoski"}]}},"_links":{"self":[{"href":"https:\/\/epi.org.mk\/sq\/wp-json\/wp\/v2\/posts\/14622","targetHints":{"allow":["GET"]}}],"collection":[{"href":"https:\/\/epi.org.mk\/sq\/wp-json\/wp\/v2\/posts"}],"about":[{"href":"https:\/\/epi.org.mk\/sq\/wp-json\/wp\/v2\/types\/post"}],"author":[{"embeddable":true,"href":"https:\/\/epi.org.mk\/sq\/wp-json\/wp\/v2\/users\/4"}],"replies":[{"embeddable":true,"href":"https:\/\/epi.org.mk\/sq\/wp-json\/wp\/v2\/comments?post=14622"}],"version-history":[{"count":0,"href":"https:\/\/epi.org.mk\/sq\/wp-json\/wp\/v2\/posts\/14622\/revisions"}],"wp:featuredmedia":[{"embeddable":true,"href":"https:\/\/epi.org.mk\/sq\/wp-json\/wp\/v2\/media\/14609"}],"wp:attachment":[{"href":"https:\/\/epi.org.mk\/sq\/wp-json\/wp\/v2\/media?parent=14622"}],"wp:term":[{"taxonomy":"category","embeddable":true,"href":"https:\/\/epi.org.mk\/sq\/wp-json\/wp\/v2\/categories?post=14622"},{"taxonomy":"post_tag","embeddable":true,"href":"https:\/\/epi.org.mk\/sq\/wp-json\/wp\/v2\/tags?post=14622"}],"curies":[{"name":"wp","href":"https:\/\/api.w.org\/{rel}","templated":true}]}}