{"id":14415,"date":"2018-10-01T10:50:48","date_gmt":"2018-10-01T10:50:48","guid":{"rendered":"https:\/\/epi.org.mk\/post\/14415"},"modified":"2020-01-16T14:10:15","modified_gmt":"2020-01-16T14:10:15","slug":"summary-of-the-project-national-democratic-debate-promoting-successful-democratic-transition-in-macedonia","status":"publish","type":"post","link":"https:\/\/epi.org.mk\/sq\/post\/14415?lang=sq","title":{"rendered":"P\u00ebrmbledhje e projektit: Debata nacionale demokratike  &#8211; Promovimi i tranzicionit t\u00eb suksessh\u00ebm demokratik n\u00eb Maqedoni"},"content":{"rendered":"<div class=\"wpb-content-wrapper\"><div class=\"vc_row wpb_row vc_row-fluid\"><div class=\"wpb_column vc_column_container vc_col-sm-8\"><div class=\"vc_column-inner\"><div class=\"wpb_wrapper\">\n\t<div class=\"wpb_text_column wpb_content_element\" >\n\t\t<div class=\"wpb_wrapper\">\n\t\t\t<p>P\u00ebrmbledhje e projektit: Debata nacionale demokratike &#8211; Promovimi i tranzicionit t\u00eb suksessh\u00ebm demokratik n\u00eb Maqedoni. Projekti ka p\u00ebr q\u00ebllim t\u00eb rris\u00eb p\u00ebrfshirjen e publikut t\u00eb gj\u00ebr\u00eb n\u00eb debate me vendim marr\u00ebsit nacional, q\u00eb do t\u00eb mund\u00ebsoj\u00eb dialog nacional rreth mekanizmave p\u00ebr tranzicion efektiv demokratik n\u00eb Maqedoni<\/p>\n\n\t\t<\/div>\n\t<\/div>\n<div class=\"vc_btn3-container vc_btn3-inline vc_do_btn\" ><a class=\"vc_general vc_btn3 vc_btn3-size-md vc_btn3-shape-rounded vc_btn3-style-3d vc_btn3-color-purple\" href=\"https:\/\/epi.org.mk\/wp-content\/uploads\/2020\/01\/Rezime-NED_ALB.pdf\" title=\"\">DOWNLOAD PDF<\/a><\/div><\/div><\/div><\/div><div class=\"wpb_column vc_column_container vc_col-sm-4\"><div class=\"vc_column-inner\"><div class=\"wpb_wrapper\">\n\t<div  class=\"wpb_single_image wpb_content_element vc_align_left wpb_content_element\">\n\t\t\n\t\t<figure class=\"wpb_wrapper vc_figure\">\n\t\t\t<a href=\"https:\/\/epi.org.mk\/wp-content\/uploads\/2020\/01\/Rezime-NED_ALB.pdf\" target=\"_self\" class=\"vc_single_image-wrapper vc_box_shadow_3d  vc_box_border_grey\"><img fetchpriority=\"high\" decoding=\"async\" width=\"933\" height=\"1077\" src=\"https:\/\/epi.org.mk\/wp-content\/uploads\/2018\/10\/ned1-al.jpg\" class=\"vc_single_image-img attachment-full\" alt=\"\" title=\"ned1-al\" srcset=\"https:\/\/epi.org.mk\/wp-content\/uploads\/2018\/10\/ned1-al.jpg 933w, https:\/\/epi.org.mk\/wp-content\/uploads\/2018\/10\/ned1-al-260x300.jpg 260w, https:\/\/epi.org.mk\/wp-content\/uploads\/2018\/10\/ned1-al-768x887.jpg 768w, https:\/\/epi.org.mk\/wp-content\/uploads\/2018\/10\/ned1-al-887x1024.jpg 887w\" sizes=\"(max-width: 933px) 100vw, 933px\" \/><\/a>\n\t\t<\/figure>\n\t<\/div>\n<\/div><\/div><\/div><\/div>\n<\/div>","protected":false},"excerpt":{"rendered":"P\u00ebrmbledhje e projektit: Debata nacionale demokratike - Promovimi i tranzicionit t\u00eb suksessh\u00ebm demokratik n\u00eb Maqedoni. Projekti ka p\u00ebr q\u00ebllim t\u00eb rris\u00eb p\u00ebrfshirjen e publikut t\u00eb gj\u00ebr\u00eb n\u00eb debate me vendim marr\u00ebsit nacional, q\u00eb do t\u00eb mund\u00ebsoj\u00eb dialog nacional rreth mekanizmave p\u00ebr tranzicion efektiv demokratik n\u00eb Maqedoni DOWNLOAD PDF","protected":false},"author":4,"featured_media":14429,"comment_status":"closed","ping_status":"closed","sticky":false,"template":"","format":"standard","meta":{"_acf_changed":false,"footnotes":""},"categories":[119,156],"tags":[],"class_list":["post-14415","post","type-post","status-publish","format-standard","has-post-thumbnail","hentry","category-119","category-test"],"acf":[],"yoast_head":"<!-- This site is optimized with the Yoast SEO plugin v24.4 - https:\/\/yoast.com\/wordpress\/plugins\/seo\/ -->\n<title>P\u00ebrmbledhje e projektit: Debata nacionale demokratike - Promovimi i tranzicionit t\u00eb suksessh\u00ebm demokratik n\u00eb Maqedoni - EPI<\/title>\n<meta name=\"robots\" content=\"index, follow, max-snippet:-1, max-image-preview:large, max-video-preview:-1\" \/>\n<link rel=\"canonical\" href=\"https:\/\/epi.org.mk\/sq\/post\/14416\/\" \/>\n<meta property=\"og:locale\" content=\"mk_MK\" \/>\n<meta property=\"og:type\" content=\"article\" \/>\n<meta property=\"og:title\" content=\"P\u00ebrmbledhje e projektit: Debata nacionale demokratike - Promovimi i tranzicionit t\u00eb suksessh\u00ebm demokratik n\u00eb Maqedoni - EPI\" \/>\n<meta property=\"og:url\" content=\"https:\/\/epi.org.mk\/sq\/post\/14416\/\" \/>\n<meta property=\"og:site_name\" content=\"EPI\" \/>\n<meta property=\"article:publisher\" content=\"https:\/\/www.facebook.com\/EPI.Skopje\/\" \/>\n<meta property=\"article:published_time\" content=\"2018-10-01T10:50:48+00:00\" \/>\n<meta property=\"article:modified_time\" content=\"2020-01-16T14:10:15+00:00\" \/>\n<meta property=\"og:image\" content=\"https:\/\/epi.org.mk\/wp-content\/uploads\/2018\/10\/ned1-al.jpg\" \/>\n\t<meta property=\"og:image:width\" content=\"933\" \/>\n\t<meta property=\"og:image:height\" content=\"1077\" \/>\n\t<meta property=\"og:image:type\" content=\"image\/jpeg\" \/>\n<meta name=\"author\" content=\"\u041d\u0430\u0443\u043c \u041b\u043e\u043a\u043e\u0441\u043a\u0438\" \/>\n<meta name=\"twitter:card\" content=\"summary_large_image\" \/>\n<meta name=\"twitter:creator\" content=\"@epi_skopje\" \/>\n<meta name=\"twitter:site\" content=\"@epi_skopje\" \/>\n<meta name=\"twitter:label1\" content=\"Written by\" \/>\n\t<meta name=\"twitter:data1\" content=\"\u041d\u0430\u0443\u043c \u041b\u043e\u043a\u043e\u0441\u043a\u0438\" \/>\n\t<meta name=\"twitter:label2\" content=\"Est. reading time\" \/>\n\t<meta name=\"twitter:data2\" content=\"1 minute\" \/>\n<script type=\"application\/ld+json\" class=\"yoast-schema-graph\">{\"@context\":\"https:\/\/schema.org\",\"@graph\":[{\"@type\":\"Article\",\"@id\":\"https:\/\/epi.org.mk\/post\/14416#article\",\"isPartOf\":{\"@id\":\"https:\/\/epi.org.mk\/post\/14416\"},\"author\":{\"name\":\"\u041d\u0430\u0443\u043c \u041b\u043e\u043a\u043e\u0441\u043a\u0438\",\"@id\":\"https:\/\/epi.org.mk\/#\/schema\/person\/d3bccda7c7052a8ff666427b79e54a83\"},\"headline\":\"P\u00ebrmbledhje e projektit: Debata nacionale demokratike &#8211; Promovimi i tranzicionit t\u00eb suksessh\u00ebm demokratik n\u00eb Maqedoni\",\"datePublished\":\"2018-10-01T10:50:48+00:00\",\"dateModified\":\"2020-01-16T14:10:15+00:00\",\"mainEntityOfPage\":{\"@id\":\"https:\/\/epi.org.mk\/post\/14416\"},\"wordCount\":141,\"publisher\":{\"@id\":\"https:\/\/epi.org.mk\/#organization\"},\"image\":{\"@id\":\"https:\/\/epi.org.mk\/post\/14416#primaryimage\"},\"thumbnailUrl\":\"https:\/\/epi.org.mk\/wp-content\/uploads\/2018\/10\/ned1-al.jpg\",\"articleSection\":[\"\u041a\u0440\u0430\u0442\u043a\u0438 \u0434\u043e\u043a\u0443\u043c\u0435\u043d\u0442\u0438 \u0437\u0430 \u043f\u043e\u043b\u0438\u0442\u0438\u043a\u0430\",\"\u0418\u0437\u0434\u0430\u043d\u0438\u0458\u0430\"],\"inLanguage\":\"mk-MK\"},{\"@type\":\"WebPage\",\"@id\":\"https:\/\/epi.org.mk\/post\/14416\",\"url\":\"https:\/\/epi.org.mk\/post\/14416\",\"name\":\"P\u00ebrmbledhje e projektit: Debata nacionale demokratike - Promovimi i tranzicionit t\u00eb suksessh\u00ebm demokratik n\u00eb Maqedoni - EPI\",\"isPartOf\":{\"@id\":\"https:\/\/epi.org.mk\/#website\"},\"primaryImageOfPage\":{\"@id\":\"https:\/\/epi.org.mk\/post\/14416#primaryimage\"},\"image\":{\"@id\":\"https:\/\/epi.org.mk\/post\/14416#primaryimage\"},\"thumbnailUrl\":\"https:\/\/epi.org.mk\/wp-content\/uploads\/2018\/10\/ned1-al.jpg\",\"datePublished\":\"2018-10-01T10:50:48+00:00\",\"dateModified\":\"2020-01-16T14:10:15+00:00\",\"breadcrumb\":{\"@id\":\"https:\/\/epi.org.mk\/post\/14416#breadcrumb\"},\"inLanguage\":\"mk-MK\",\"potentialAction\":[{\"@type\":\"ReadAction\",\"target\":[\"https:\/\/epi.org.mk\/post\/14416\"]}]},{\"@type\":\"ImageObject\",\"inLanguage\":\"mk-MK\",\"@id\":\"https:\/\/epi.org.mk\/post\/14416#primaryimage\",\"url\":\"https:\/\/epi.org.mk\/wp-content\/uploads\/2018\/10\/ned1-al.jpg\",\"contentUrl\":\"https:\/\/epi.org.mk\/wp-content\/uploads\/2018\/10\/ned1-al.jpg\",\"width\":933,\"height\":1077},{\"@type\":\"BreadcrumbList\",\"@id\":\"https:\/\/epi.org.mk\/post\/14416#breadcrumb\",\"itemListElement\":[{\"@type\":\"ListItem\",\"position\":1,\"name\":\"Home\",\"item\":\"https:\/\/epi.org.mk\/\"},{\"@type\":\"ListItem\",\"position\":2,\"name\":\"P\u00ebrmbledhje e projektit: Debata nacionale demokratike &#8211; Promovimi i tranzicionit t\u00eb suksessh\u00ebm demokratik n\u00eb Maqedoni\"}]},{\"@type\":\"WebSite\",\"@id\":\"https:\/\/epi.org.mk\/#website\",\"url\":\"https:\/\/epi.org.mk\/\",\"name\":\"EPI\",\"description\":\"\u0418\u043d\u0441\u0442\u0438\u0442\u0443\u0442 \u0437\u0430 \u0435\u0432\u0440\u043e\u043f\u0441\u043a\u0430 \u043f\u043e\u043b\u0438\u0442\u0438\u043a\u0430\",\"publisher\":{\"@id\":\"https:\/\/epi.org.mk\/#organization\"},\"potentialAction\":[{\"@type\":\"SearchAction\",\"target\":{\"@type\":\"EntryPoint\",\"urlTemplate\":\"https:\/\/epi.org.mk\/?s={search_term_string}\"},\"query-input\":{\"@type\":\"PropertyValueSpecification\",\"valueRequired\":true,\"valueName\":\"search_term_string\"}}],\"inLanguage\":\"mk-MK\"},{\"@type\":\"Organization\",\"@id\":\"https:\/\/epi.org.mk\/#organization\",\"name\":\"European Policy Institute - Skopje\",\"alternateName\":\"EPI Skopje\",\"url\":\"https:\/\/epi.org.mk\/\",\"logo\":{\"@type\":\"ImageObject\",\"inLanguage\":\"mk-MK\",\"@id\":\"https:\/\/epi.org.mk\/#\/schema\/logo\/image\/\",\"url\":\"https:\/\/epi.org.mk\/wp-content\/uploads\/epi-logo.jpg\",\"contentUrl\":\"https:\/\/epi.org.mk\/wp-content\/uploads\/epi-logo.jpg\",\"width\":909,\"height\":909,\"caption\":\"European Policy Institute - Skopje\"},\"image\":{\"@id\":\"https:\/\/epi.org.mk\/#\/schema\/logo\/image\/\"},\"sameAs\":[\"https:\/\/www.facebook.com\/EPI.Skopje\/\",\"https:\/\/x.com\/epi_skopje\",\"https:\/\/www.instagram.com\/epi.skopje\/\",\"https:\/\/www.linkedin.com\/company\/epi-skopje\"]},{\"@type\":\"Person\",\"@id\":\"https:\/\/epi.org.mk\/#\/schema\/person\/d3bccda7c7052a8ff666427b79e54a83\",\"name\":\"\u041d\u0430\u0443\u043c \u041b\u043e\u043a\u043e\u0441\u043a\u0438\",\"image\":{\"@type\":\"ImageObject\",\"inLanguage\":\"mk-MK\",\"@id\":\"https:\/\/epi.org.mk\/#\/schema\/person\/image\/\",\"url\":\"https:\/\/secure.gravatar.com\/avatar\/f9e8b68f998732685ae37ad350a11a67233e1bf00791e498034822ca264146d6?s=96&d=mm&r=g\",\"contentUrl\":\"https:\/\/secure.gravatar.com\/avatar\/f9e8b68f998732685ae37ad350a11a67233e1bf00791e498034822ca264146d6?s=96&d=mm&r=g\",\"caption\":\"\u041d\u0430\u0443\u043c \u041b\u043e\u043a\u043e\u0441\u043a\u0438\"},\"url\":\"https:\/\/epi.org.mk\/sq\/post\/author\/naum-lokoski\"}]}<\/script>\n<!-- \/ Yoast SEO plugin. -->","yoast_head_json":{"title":"P\u00ebrmbledhje e projektit: Debata nacionale demokratike - Promovimi i tranzicionit t\u00eb suksessh\u00ebm demokratik n\u00eb Maqedoni - EPI","robots":{"index":"index","follow":"follow","max-snippet":"max-snippet:-1","max-image-preview":"max-image-preview:large","max-video-preview":"max-video-preview:-1"},"canonical":"https:\/\/epi.org.mk\/sq\/post\/14416\/","og_locale":"mk_MK","og_type":"article","og_title":"P\u00ebrmbledhje e projektit: Debata nacionale demokratike - Promovimi i tranzicionit t\u00eb suksessh\u00ebm demokratik n\u00eb Maqedoni - EPI","og_url":"https:\/\/epi.org.mk\/sq\/post\/14416\/","og_site_name":"EPI","article_publisher":"https:\/\/www.facebook.com\/EPI.Skopje\/","article_published_time":"2018-10-01T10:50:48+00:00","article_modified_time":"2020-01-16T14:10:15+00:00","og_image":[{"width":933,"height":1077,"url":"https:\/\/epi.org.mk\/wp-content\/uploads\/2018\/10\/ned1-al.jpg","type":"image\/jpeg"}],"author":"\u041d\u0430\u0443\u043c \u041b\u043e\u043a\u043e\u0441\u043a\u0438","twitter_card":"summary_large_image","twitter_creator":"@epi_skopje","twitter_site":"@epi_skopje","twitter_misc":{"Written by":"\u041d\u0430\u0443\u043c \u041b\u043e\u043a\u043e\u0441\u043a\u0438","Est. reading time":"1 minute"},"schema":{"@context":"https:\/\/schema.org","@graph":[{"@type":"Article","@id":"https:\/\/epi.org.mk\/post\/14416#article","isPartOf":{"@id":"https:\/\/epi.org.mk\/post\/14416"},"author":{"name":"\u041d\u0430\u0443\u043c \u041b\u043e\u043a\u043e\u0441\u043a\u0438","@id":"https:\/\/epi.org.mk\/#\/schema\/person\/d3bccda7c7052a8ff666427b79e54a83"},"headline":"P\u00ebrmbledhje e projektit: Debata nacionale demokratike &#8211; Promovimi i tranzicionit t\u00eb suksessh\u00ebm demokratik n\u00eb Maqedoni","datePublished":"2018-10-01T10:50:48+00:00","dateModified":"2020-01-16T14:10:15+00:00","mainEntityOfPage":{"@id":"https:\/\/epi.org.mk\/post\/14416"},"wordCount":141,"publisher":{"@id":"https:\/\/epi.org.mk\/#organization"},"image":{"@id":"https:\/\/epi.org.mk\/post\/14416#primaryimage"},"thumbnailUrl":"https:\/\/epi.org.mk\/wp-content\/uploads\/2018\/10\/ned1-al.jpg","articleSection":["\u041a\u0440\u0430\u0442\u043a\u0438 \u0434\u043e\u043a\u0443\u043c\u0435\u043d\u0442\u0438 \u0437\u0430 \u043f\u043e\u043b\u0438\u0442\u0438\u043a\u0430","\u0418\u0437\u0434\u0430\u043d\u0438\u0458\u0430"],"inLanguage":"mk-MK"},{"@type":"WebPage","@id":"https:\/\/epi.org.mk\/post\/14416","url":"https:\/\/epi.org.mk\/post\/14416","name":"P\u00ebrmbledhje e projektit: Debata nacionale demokratike - Promovimi i tranzicionit t\u00eb suksessh\u00ebm demokratik n\u00eb Maqedoni - EPI","isPartOf":{"@id":"https:\/\/epi.org.mk\/#website"},"primaryImageOfPage":{"@id":"https:\/\/epi.org.mk\/post\/14416#primaryimage"},"image":{"@id":"https:\/\/epi.org.mk\/post\/14416#primaryimage"},"thumbnailUrl":"https:\/\/epi.org.mk\/wp-content\/uploads\/2018\/10\/ned1-al.jpg","datePublished":"2018-10-01T10:50:48+00:00","dateModified":"2020-01-16T14:10:15+00:00","breadcrumb":{"@id":"https:\/\/epi.org.mk\/post\/14416#breadcrumb"},"inLanguage":"mk-MK","potentialAction":[{"@type":"ReadAction","target":["https:\/\/epi.org.mk\/post\/14416"]}]},{"@type":"ImageObject","inLanguage":"mk-MK","@id":"https:\/\/epi.org.mk\/post\/14416#primaryimage","url":"https:\/\/epi.org.mk\/wp-content\/uploads\/2018\/10\/ned1-al.jpg","contentUrl":"https:\/\/epi.org.mk\/wp-content\/uploads\/2018\/10\/ned1-al.jpg","width":933,"height":1077},{"@type":"BreadcrumbList","@id":"https:\/\/epi.org.mk\/post\/14416#breadcrumb","itemListElement":[{"@type":"ListItem","position":1,"name":"Home","item":"https:\/\/epi.org.mk\/"},{"@type":"ListItem","position":2,"name":"P\u00ebrmbledhje e projektit: Debata nacionale demokratike &#8211; Promovimi i tranzicionit t\u00eb suksessh\u00ebm demokratik n\u00eb Maqedoni"}]},{"@type":"WebSite","@id":"https:\/\/epi.org.mk\/#website","url":"https:\/\/epi.org.mk\/","name":"EPI","description":"\u0418\u043d\u0441\u0442\u0438\u0442\u0443\u0442 \u0437\u0430 \u0435\u0432\u0440\u043e\u043f\u0441\u043a\u0430 \u043f\u043e\u043b\u0438\u0442\u0438\u043a\u0430","publisher":{"@id":"https:\/\/epi.org.mk\/#organization"},"potentialAction":[{"@type":"SearchAction","target":{"@type":"EntryPoint","urlTemplate":"https:\/\/epi.org.mk\/?s={search_term_string}"},"query-input":{"@type":"PropertyValueSpecification","valueRequired":true,"valueName":"search_term_string"}}],"inLanguage":"mk-MK"},{"@type":"Organization","@id":"https:\/\/epi.org.mk\/#organization","name":"European Policy Institute - Skopje","alternateName":"EPI Skopje","url":"https:\/\/epi.org.mk\/","logo":{"@type":"ImageObject","inLanguage":"mk-MK","@id":"https:\/\/epi.org.mk\/#\/schema\/logo\/image\/","url":"https:\/\/epi.org.mk\/wp-content\/uploads\/epi-logo.jpg","contentUrl":"https:\/\/epi.org.mk\/wp-content\/uploads\/epi-logo.jpg","width":909,"height":909,"caption":"European Policy Institute - Skopje"},"image":{"@id":"https:\/\/epi.org.mk\/#\/schema\/logo\/image\/"},"sameAs":["https:\/\/www.facebook.com\/EPI.Skopje\/","https:\/\/x.com\/epi_skopje","https:\/\/www.instagram.com\/epi.skopje\/","https:\/\/www.linkedin.com\/company\/epi-skopje"]},{"@type":"Person","@id":"https:\/\/epi.org.mk\/#\/schema\/person\/d3bccda7c7052a8ff666427b79e54a83","name":"\u041d\u0430\u0443\u043c \u041b\u043e\u043a\u043e\u0441\u043a\u0438","image":{"@type":"ImageObject","inLanguage":"mk-MK","@id":"https:\/\/epi.org.mk\/#\/schema\/person\/image\/","url":"https:\/\/secure.gravatar.com\/avatar\/f9e8b68f998732685ae37ad350a11a67233e1bf00791e498034822ca264146d6?s=96&d=mm&r=g","contentUrl":"https:\/\/secure.gravatar.com\/avatar\/f9e8b68f998732685ae37ad350a11a67233e1bf00791e498034822ca264146d6?s=96&d=mm&r=g","caption":"\u041d\u0430\u0443\u043c \u041b\u043e\u043a\u043e\u0441\u043a\u0438"},"url":"https:\/\/epi.org.mk\/sq\/post\/author\/naum-lokoski"}]}},"_links":{"self":[{"href":"https:\/\/epi.org.mk\/sq\/wp-json\/wp\/v2\/posts\/14415","targetHints":{"allow":["GET"]}}],"collection":[{"href":"https:\/\/epi.org.mk\/sq\/wp-json\/wp\/v2\/posts"}],"about":[{"href":"https:\/\/epi.org.mk\/sq\/wp-json\/wp\/v2\/types\/post"}],"author":[{"embeddable":true,"href":"https:\/\/epi.org.mk\/sq\/wp-json\/wp\/v2\/users\/4"}],"replies":[{"embeddable":true,"href":"https:\/\/epi.org.mk\/sq\/wp-json\/wp\/v2\/comments?post=14415"}],"version-history":[{"count":0,"href":"https:\/\/epi.org.mk\/sq\/wp-json\/wp\/v2\/posts\/14415\/revisions"}],"wp:featuredmedia":[{"embeddable":true,"href":"https:\/\/epi.org.mk\/sq\/wp-json\/wp\/v2\/media\/14429"}],"wp:attachment":[{"href":"https:\/\/epi.org.mk\/sq\/wp-json\/wp\/v2\/media?parent=14415"}],"wp:term":[{"taxonomy":"category","embeddable":true,"href":"https:\/\/epi.org.mk\/sq\/wp-json\/wp\/v2\/categories?post=14415"},{"taxonomy":"post_tag","embeddable":true,"href":"https:\/\/epi.org.mk\/sq\/wp-json\/wp\/v2\/tags?post=14415"}],"curies":[{"name":"wp","href":"https:\/\/api.w.org\/{rel}","templated":true}]}}