{"id":14319,"date":"2019-12-26T14:24:18","date_gmt":"2019-12-26T14:24:18","guid":{"rendered":"https:\/\/epi.org.mk\/post\/14319"},"modified":"2020-01-15T11:28:49","modified_gmt":"2020-01-15T11:28:49","slug":"video-eu-accession-no-pass-to-an-impasse","status":"publish","type":"post","link":"https:\/\/epi.org.mk\/sq\/post\/14319?lang=sq","title":{"rendered":"VIDEO: EU accession &#8211; no pass to an impasse?"},"content":{"rendered":"<div class=\"c-message_kit__gutter\">\n<div class=\"c-message_kit__gutter__right\" data-qa=\"message_content\">\n<div class=\"c-message_kit__blocks c-message_kit__blocks--rich_text\">\n<div class=\"c-message__message_blocks c-message__message_blocks--rich_text\">\n<div class=\"p-block_kit_renderer\" data-qa=\"block-kit-renderer\">\n<div class=\"p-block_kit_renderer__block_wrapper p-block_kit_renderer__block_wrapper--first\">\n<div class=\"p-rich_text_block\" dir=\"auto\">\n<div class=\"p-rich_text_section\">Pas tryez\u00ebs s\u00eb rrumbullak\u00ebt organizuar nga EPI m\u00eb 3 dhjetor n\u00eb Shkup, fol\u00ebsit Valeska Esch &#8211; Drejtore programi n\u00eb Aspen Institute Gjermani, S\u00e9bastien Gricourt &#8211; drejtor i Observatorit Ballkanik n\u00eb Foundation Jean Jaur\u00e8s &#8211; Franc\u00eb dhe Wouter Zweers &#8211; Hulumtues n\u00eb Clingendael Institute &#8211; Holand\u00eb, u p\u00ebrgjigj\u00ebn se si ata e shohin rrug\u00ebtimin e Maqedonis\u00eb s\u00eb Veriut pas p\u00ebrgjigjes negative t\u00eb Franc\u00ebs p\u00ebr hapje t\u00eb negociatave p\u00ebr aderim n\u00eb BE.<\/div>\n<\/div>\n<\/div>\n<\/div>\n<\/div>\n<\/div>\n<\/div>\n<\/div>\n<div class=\"c-message_actions__container c-message__actions\" role=\"group\" aria-label=\"Message actions\"><\/div>\n<p><iframe src=\"https:\/\/www.youtube-nocookie.com\/embed\/D19ukNAzowE\" width=\"1024\" height=\"576\" frameborder=\"0\" allowfullscreen=\"allowfullscreen\"><span data-mce-type=\"bookmark\" style=\"display: inline-block; width: 0px; overflow: hidden; line-height: 0;\" class=\"mce_SELRES_start\"><\/span><\/iframe><\/p>","protected":false},"excerpt":{"rendered":"<p>Pas tryez\u00ebs s\u00eb rrumbullak\u00ebt organizuar nga EPI m\u00eb 3 dhjetor n\u00eb Shkup, fol\u00ebsit Valeska Esch &#8211; Drejtore programi n\u00eb Aspen Institute Gjermani, S\u00e9bastien Gricourt &#8211; drejtor i Observatorit Ballkanik n\u00eb Foundation Jean Jaur\u00e8s &#8211; Franc\u00eb dhe Wouter Zweers &#8211; Hulumtues n\u00eb Clingendael Institute &#8211; Holand\u00eb, u p\u00ebrgjigj\u00ebn se si ata e shohin rrug\u00ebtimin e Maqedonis\u00eb [&hellip;]<\/p>","protected":false},"author":4,"featured_media":14212,"comment_status":"closed","ping_status":"closed","sticky":false,"template":"","format":"standard","meta":{"_acf_changed":false,"footnotes":""},"categories":[106],"tags":[334],"class_list":["post-14319","post","type-post","status-publish","format-standard","has-post-thumbnail","hentry","category-106","tag-2019-2"],"acf":[],"yoast_head":"<!-- This site is optimized with the Yoast SEO plugin v24.4 - https:\/\/yoast.com\/wordpress\/plugins\/seo\/ -->\n<title>VIDEO: EU accession - no pass to an impasse? - EPI<\/title>\n<meta name=\"robots\" content=\"index, follow, max-snippet:-1, max-image-preview:large, max-video-preview:-1\" \/>\n<link rel=\"canonical\" href=\"https:\/\/epi.org.mk\/sq\/post\/14319\/?lang=sq\" \/>\n<meta property=\"og:locale\" content=\"mk_MK\" \/>\n<meta property=\"og:type\" content=\"article\" \/>\n<meta property=\"og:title\" content=\"VIDEO: EU accession - no pass to an impasse? - EPI\" \/>\n<meta property=\"og:description\" content=\"Pas tryez\u00ebs s\u00eb rrumbullak\u00ebt organizuar nga EPI m\u00eb 3 dhjetor n\u00eb Shkup, fol\u00ebsit Valeska Esch &#8211; Drejtore programi n\u00eb Aspen Institute Gjermani, S\u00e9bastien Gricourt &#8211; drejtor i Observatorit Ballkanik n\u00eb Foundation Jean Jaur\u00e8s &#8211; Franc\u00eb dhe Wouter Zweers &#8211; Hulumtues n\u00eb Clingendael Institute &#8211; Holand\u00eb, u p\u00ebrgjigj\u00ebn se si ata e shohin rrug\u00ebtimin e Maqedonis\u00eb [&hellip;]\" \/>\n<meta property=\"og:url\" content=\"https:\/\/epi.org.mk\/sq\/post\/14319\/?lang=sq\" \/>\n<meta property=\"og:site_name\" content=\"EPI\" \/>\n<meta property=\"article:publisher\" content=\"https:\/\/www.facebook.com\/EPI.Skopje\/\" \/>\n<meta property=\"article:published_time\" content=\"2019-12-26T14:24:18+00:00\" \/>\n<meta property=\"article:modified_time\" content=\"2020-01-15T11:28:49+00:00\" \/>\n<meta property=\"og:image\" content=\"https:\/\/epi.org.mk\/wp-content\/uploads\/2019\/12\/cover.jpg\" \/>\n\t<meta property=\"og:image:width\" content=\"1816\" \/>\n\t<meta property=\"og:image:height\" content=\"985\" \/>\n\t<meta property=\"og:image:type\" content=\"image\/jpeg\" \/>\n<meta name=\"author\" content=\"\u041d\u0430\u0443\u043c \u041b\u043e\u043a\u043e\u0441\u043a\u0438\" \/>\n<meta name=\"twitter:card\" content=\"summary_large_image\" \/>\n<meta name=\"twitter:creator\" content=\"@epi_skopje\" \/>\n<meta name=\"twitter:site\" content=\"@epi_skopje\" \/>\n<meta name=\"twitter:label1\" content=\"Written by\" \/>\n\t<meta name=\"twitter:data1\" content=\"\u041d\u0430\u0443\u043c \u041b\u043e\u043a\u043e\u0441\u043a\u0438\" \/>\n<script type=\"application\/ld+json\" class=\"yoast-schema-graph\">{\"@context\":\"https:\/\/schema.org\",\"@graph\":[{\"@type\":\"Article\",\"@id\":\"https:\/\/epi.org.mk\/post\/14319?lang=sq#article\",\"isPartOf\":{\"@id\":\"https:\/\/epi.org.mk\/post\/14319?lang=sq\"},\"author\":{\"name\":\"\u041d\u0430\u0443\u043c \u041b\u043e\u043a\u043e\u0441\u043a\u0438\",\"@id\":\"https:\/\/epi.org.mk\/#\/schema\/person\/d3bccda7c7052a8ff666427b79e54a83\"},\"headline\":\"VIDEO: EU accession &#8211; no pass to an impasse?\",\"datePublished\":\"2019-12-26T14:24:18+00:00\",\"dateModified\":\"2020-01-15T11:28:49+00:00\",\"mainEntityOfPage\":{\"@id\":\"https:\/\/epi.org.mk\/post\/14319?lang=sq\"},\"wordCount\":90,\"publisher\":{\"@id\":\"https:\/\/epi.org.mk\/#organization\"},\"image\":{\"@id\":\"https:\/\/epi.org.mk\/post\/14319?lang=sq#primaryimage\"},\"thumbnailUrl\":\"https:\/\/epi.org.mk\/wp-content\/uploads\/2019\/12\/cover.jpg\",\"keywords\":[\"2019\"],\"articleSection\":[\"\u041d\u043e\u0432\u043e\u0441\u0442\u0438\"],\"inLanguage\":\"mk-MK\"},{\"@type\":\"WebPage\",\"@id\":\"https:\/\/epi.org.mk\/post\/14319?lang=sq\",\"url\":\"https:\/\/epi.org.mk\/post\/14319?lang=sq\",\"name\":\"VIDEO: EU accession - no pass to an impasse? - EPI\",\"isPartOf\":{\"@id\":\"https:\/\/epi.org.mk\/#website\"},\"primaryImageOfPage\":{\"@id\":\"https:\/\/epi.org.mk\/post\/14319?lang=sq#primaryimage\"},\"image\":{\"@id\":\"https:\/\/epi.org.mk\/post\/14319?lang=sq#primaryimage\"},\"thumbnailUrl\":\"https:\/\/epi.org.mk\/wp-content\/uploads\/2019\/12\/cover.jpg\",\"datePublished\":\"2019-12-26T14:24:18+00:00\",\"dateModified\":\"2020-01-15T11:28:49+00:00\",\"breadcrumb\":{\"@id\":\"https:\/\/epi.org.mk\/post\/14319?lang=sq#breadcrumb\"},\"inLanguage\":\"mk-MK\",\"potentialAction\":[{\"@type\":\"ReadAction\",\"target\":[\"https:\/\/epi.org.mk\/post\/14319?lang=sq\"]}]},{\"@type\":\"ImageObject\",\"inLanguage\":\"mk-MK\",\"@id\":\"https:\/\/epi.org.mk\/post\/14319?lang=sq#primaryimage\",\"url\":\"https:\/\/epi.org.mk\/wp-content\/uploads\/2019\/12\/cover.jpg\",\"contentUrl\":\"https:\/\/epi.org.mk\/wp-content\/uploads\/2019\/12\/cover.jpg\",\"width\":1600,\"height\":868},{\"@type\":\"BreadcrumbList\",\"@id\":\"https:\/\/epi.org.mk\/post\/14319?lang=sq#breadcrumb\",\"itemListElement\":[{\"@type\":\"ListItem\",\"position\":1,\"name\":\"Home\",\"item\":\"https:\/\/epi.org.mk\/\"},{\"@type\":\"ListItem\",\"position\":2,\"name\":\"VIDEO: EU accession &#8211; no pass to an impasse?\"}]},{\"@type\":\"WebSite\",\"@id\":\"https:\/\/epi.org.mk\/#website\",\"url\":\"https:\/\/epi.org.mk\/\",\"name\":\"EPI\",\"description\":\"\u0418\u043d\u0441\u0442\u0438\u0442\u0443\u0442 \u0437\u0430 \u0435\u0432\u0440\u043e\u043f\u0441\u043a\u0430 \u043f\u043e\u043b\u0438\u0442\u0438\u043a\u0430\",\"publisher\":{\"@id\":\"https:\/\/epi.org.mk\/#organization\"},\"potentialAction\":[{\"@type\":\"SearchAction\",\"target\":{\"@type\":\"EntryPoint\",\"urlTemplate\":\"https:\/\/epi.org.mk\/?s={search_term_string}\"},\"query-input\":{\"@type\":\"PropertyValueSpecification\",\"valueRequired\":true,\"valueName\":\"search_term_string\"}}],\"inLanguage\":\"mk-MK\"},{\"@type\":\"Organization\",\"@id\":\"https:\/\/epi.org.mk\/#organization\",\"name\":\"European Policy Institute - Skopje\",\"alternateName\":\"EPI Skopje\",\"url\":\"https:\/\/epi.org.mk\/\",\"logo\":{\"@type\":\"ImageObject\",\"inLanguage\":\"mk-MK\",\"@id\":\"https:\/\/epi.org.mk\/#\/schema\/logo\/image\/\",\"url\":\"https:\/\/epi.org.mk\/wp-content\/uploads\/epi-logo.jpg\",\"contentUrl\":\"https:\/\/epi.org.mk\/wp-content\/uploads\/epi-logo.jpg\",\"width\":909,\"height\":909,\"caption\":\"European Policy Institute - Skopje\"},\"image\":{\"@id\":\"https:\/\/epi.org.mk\/#\/schema\/logo\/image\/\"},\"sameAs\":[\"https:\/\/www.facebook.com\/EPI.Skopje\/\",\"https:\/\/x.com\/epi_skopje\",\"https:\/\/www.instagram.com\/epi.skopje\/\",\"https:\/\/www.linkedin.com\/company\/epi-skopje\"]},{\"@type\":\"Person\",\"@id\":\"https:\/\/epi.org.mk\/#\/schema\/person\/d3bccda7c7052a8ff666427b79e54a83\",\"name\":\"\u041d\u0430\u0443\u043c \u041b\u043e\u043a\u043e\u0441\u043a\u0438\",\"image\":{\"@type\":\"ImageObject\",\"inLanguage\":\"mk-MK\",\"@id\":\"https:\/\/epi.org.mk\/#\/schema\/person\/image\/\",\"url\":\"https:\/\/secure.gravatar.com\/avatar\/f9e8b68f998732685ae37ad350a11a67233e1bf00791e498034822ca264146d6?s=96&d=mm&r=g\",\"contentUrl\":\"https:\/\/secure.gravatar.com\/avatar\/f9e8b68f998732685ae37ad350a11a67233e1bf00791e498034822ca264146d6?s=96&d=mm&r=g\",\"caption\":\"\u041d\u0430\u0443\u043c \u041b\u043e\u043a\u043e\u0441\u043a\u0438\"},\"url\":\"https:\/\/epi.org.mk\/sq\/post\/author\/naum-lokoski\"}]}<\/script>\n<!-- \/ Yoast SEO plugin. -->","yoast_head_json":{"title":"VIDEO: EU accession - no pass to an impasse? - EPI","robots":{"index":"index","follow":"follow","max-snippet":"max-snippet:-1","max-image-preview":"max-image-preview:large","max-video-preview":"max-video-preview:-1"},"canonical":"https:\/\/epi.org.mk\/sq\/post\/14319\/?lang=sq","og_locale":"mk_MK","og_type":"article","og_title":"VIDEO: EU accession - no pass to an impasse? - EPI","og_description":"Pas tryez\u00ebs s\u00eb rrumbullak\u00ebt organizuar nga EPI m\u00eb 3 dhjetor n\u00eb Shkup, fol\u00ebsit Valeska Esch &#8211; Drejtore programi n\u00eb Aspen Institute Gjermani, S\u00e9bastien Gricourt &#8211; drejtor i Observatorit Ballkanik n\u00eb Foundation Jean Jaur\u00e8s &#8211; Franc\u00eb dhe Wouter Zweers &#8211; Hulumtues n\u00eb Clingendael Institute &#8211; Holand\u00eb, u p\u00ebrgjigj\u00ebn se si ata e shohin rrug\u00ebtimin e Maqedonis\u00eb [&hellip;]","og_url":"https:\/\/epi.org.mk\/sq\/post\/14319\/?lang=sq","og_site_name":"EPI","article_publisher":"https:\/\/www.facebook.com\/EPI.Skopje\/","article_published_time":"2019-12-26T14:24:18+00:00","article_modified_time":"2020-01-15T11:28:49+00:00","og_image":[{"width":1816,"height":985,"url":"https:\/\/epi.org.mk\/wp-content\/uploads\/2019\/12\/cover.jpg","type":"image\/jpeg"}],"author":"\u041d\u0430\u0443\u043c \u041b\u043e\u043a\u043e\u0441\u043a\u0438","twitter_card":"summary_large_image","twitter_creator":"@epi_skopje","twitter_site":"@epi_skopje","twitter_misc":{"Written by":"\u041d\u0430\u0443\u043c \u041b\u043e\u043a\u043e\u0441\u043a\u0438"},"schema":{"@context":"https:\/\/schema.org","@graph":[{"@type":"Article","@id":"https:\/\/epi.org.mk\/post\/14319?lang=sq#article","isPartOf":{"@id":"https:\/\/epi.org.mk\/post\/14319?lang=sq"},"author":{"name":"\u041d\u0430\u0443\u043c \u041b\u043e\u043a\u043e\u0441\u043a\u0438","@id":"https:\/\/epi.org.mk\/#\/schema\/person\/d3bccda7c7052a8ff666427b79e54a83"},"headline":"VIDEO: EU accession &#8211; no pass to an impasse?","datePublished":"2019-12-26T14:24:18+00:00","dateModified":"2020-01-15T11:28:49+00:00","mainEntityOfPage":{"@id":"https:\/\/epi.org.mk\/post\/14319?lang=sq"},"wordCount":90,"publisher":{"@id":"https:\/\/epi.org.mk\/#organization"},"image":{"@id":"https:\/\/epi.org.mk\/post\/14319?lang=sq#primaryimage"},"thumbnailUrl":"https:\/\/epi.org.mk\/wp-content\/uploads\/2019\/12\/cover.jpg","keywords":["2019"],"articleSection":["\u041d\u043e\u0432\u043e\u0441\u0442\u0438"],"inLanguage":"mk-MK"},{"@type":"WebPage","@id":"https:\/\/epi.org.mk\/post\/14319?lang=sq","url":"https:\/\/epi.org.mk\/post\/14319?lang=sq","name":"VIDEO: EU accession - no pass to an impasse? - EPI","isPartOf":{"@id":"https:\/\/epi.org.mk\/#website"},"primaryImageOfPage":{"@id":"https:\/\/epi.org.mk\/post\/14319?lang=sq#primaryimage"},"image":{"@id":"https:\/\/epi.org.mk\/post\/14319?lang=sq#primaryimage"},"thumbnailUrl":"https:\/\/epi.org.mk\/wp-content\/uploads\/2019\/12\/cover.jpg","datePublished":"2019-12-26T14:24:18+00:00","dateModified":"2020-01-15T11:28:49+00:00","breadcrumb":{"@id":"https:\/\/epi.org.mk\/post\/14319?lang=sq#breadcrumb"},"inLanguage":"mk-MK","potentialAction":[{"@type":"ReadAction","target":["https:\/\/epi.org.mk\/post\/14319?lang=sq"]}]},{"@type":"ImageObject","inLanguage":"mk-MK","@id":"https:\/\/epi.org.mk\/post\/14319?lang=sq#primaryimage","url":"https:\/\/epi.org.mk\/wp-content\/uploads\/2019\/12\/cover.jpg","contentUrl":"https:\/\/epi.org.mk\/wp-content\/uploads\/2019\/12\/cover.jpg","width":1600,"height":868},{"@type":"BreadcrumbList","@id":"https:\/\/epi.org.mk\/post\/14319?lang=sq#breadcrumb","itemListElement":[{"@type":"ListItem","position":1,"name":"Home","item":"https:\/\/epi.org.mk\/"},{"@type":"ListItem","position":2,"name":"VIDEO: EU accession &#8211; no pass to an impasse?"}]},{"@type":"WebSite","@id":"https:\/\/epi.org.mk\/#website","url":"https:\/\/epi.org.mk\/","name":"EPI","description":"\u0418\u043d\u0441\u0442\u0438\u0442\u0443\u0442 \u0437\u0430 \u0435\u0432\u0440\u043e\u043f\u0441\u043a\u0430 \u043f\u043e\u043b\u0438\u0442\u0438\u043a\u0430","publisher":{"@id":"https:\/\/epi.org.mk\/#organization"},"potentialAction":[{"@type":"SearchAction","target":{"@type":"EntryPoint","urlTemplate":"https:\/\/epi.org.mk\/?s={search_term_string}"},"query-input":{"@type":"PropertyValueSpecification","valueRequired":true,"valueName":"search_term_string"}}],"inLanguage":"mk-MK"},{"@type":"Organization","@id":"https:\/\/epi.org.mk\/#organization","name":"European Policy Institute - Skopje","alternateName":"EPI Skopje","url":"https:\/\/epi.org.mk\/","logo":{"@type":"ImageObject","inLanguage":"mk-MK","@id":"https:\/\/epi.org.mk\/#\/schema\/logo\/image\/","url":"https:\/\/epi.org.mk\/wp-content\/uploads\/epi-logo.jpg","contentUrl":"https:\/\/epi.org.mk\/wp-content\/uploads\/epi-logo.jpg","width":909,"height":909,"caption":"European Policy Institute - Skopje"},"image":{"@id":"https:\/\/epi.org.mk\/#\/schema\/logo\/image\/"},"sameAs":["https:\/\/www.facebook.com\/EPI.Skopje\/","https:\/\/x.com\/epi_skopje","https:\/\/www.instagram.com\/epi.skopje\/","https:\/\/www.linkedin.com\/company\/epi-skopje"]},{"@type":"Person","@id":"https:\/\/epi.org.mk\/#\/schema\/person\/d3bccda7c7052a8ff666427b79e54a83","name":"\u041d\u0430\u0443\u043c \u041b\u043e\u043a\u043e\u0441\u043a\u0438","image":{"@type":"ImageObject","inLanguage":"mk-MK","@id":"https:\/\/epi.org.mk\/#\/schema\/person\/image\/","url":"https:\/\/secure.gravatar.com\/avatar\/f9e8b68f998732685ae37ad350a11a67233e1bf00791e498034822ca264146d6?s=96&d=mm&r=g","contentUrl":"https:\/\/secure.gravatar.com\/avatar\/f9e8b68f998732685ae37ad350a11a67233e1bf00791e498034822ca264146d6?s=96&d=mm&r=g","caption":"\u041d\u0430\u0443\u043c \u041b\u043e\u043a\u043e\u0441\u043a\u0438"},"url":"https:\/\/epi.org.mk\/sq\/post\/author\/naum-lokoski"}]}},"_links":{"self":[{"href":"https:\/\/epi.org.mk\/sq\/wp-json\/wp\/v2\/posts\/14319","targetHints":{"allow":["GET"]}}],"collection":[{"href":"https:\/\/epi.org.mk\/sq\/wp-json\/wp\/v2\/posts"}],"about":[{"href":"https:\/\/epi.org.mk\/sq\/wp-json\/wp\/v2\/types\/post"}],"author":[{"embeddable":true,"href":"https:\/\/epi.org.mk\/sq\/wp-json\/wp\/v2\/users\/4"}],"replies":[{"embeddable":true,"href":"https:\/\/epi.org.mk\/sq\/wp-json\/wp\/v2\/comments?post=14319"}],"version-history":[{"count":0,"href":"https:\/\/epi.org.mk\/sq\/wp-json\/wp\/v2\/posts\/14319\/revisions"}],"wp:featuredmedia":[{"embeddable":true,"href":"https:\/\/epi.org.mk\/sq\/wp-json\/wp\/v2\/media\/14212"}],"wp:attachment":[{"href":"https:\/\/epi.org.mk\/sq\/wp-json\/wp\/v2\/media?parent=14319"}],"wp:term":[{"taxonomy":"category","embeddable":true,"href":"https:\/\/epi.org.mk\/sq\/wp-json\/wp\/v2\/categories?post=14319"},{"taxonomy":"post_tag","embeddable":true,"href":"https:\/\/epi.org.mk\/sq\/wp-json\/wp\/v2\/tags?post=14319"}],"curies":[{"name":"wp","href":"https:\/\/api.w.org\/{rel}","templated":true}]}}