{"id":13836,"date":"2019-10-07T15:08:28","date_gmt":"2019-10-07T15:08:28","guid":{"rendered":"https:\/\/epi.org.mk\/post\/13836"},"modified":"2019-10-17T13:48:23","modified_gmt":"2019-10-17T13:48:23","slug":"%d0%b2%d0%b8%d0%b4%d0%b5%d0%be-%d0%bd%d0%b0%d1%86%d0%b8%d0%be%d0%bd%d0%b0%d0%bb%d0%bd%d0%b0-%d0%b4%d0%b5%d0%bc%d0%be%d0%ba%d1%80%d0%b0%d1%82%d1%81%d0%ba%d0%b0-%d0%b0%d0%bd%d0%ba%d0%b5%d1%82%d0%b0","status":"publish","type":"post","link":"https:\/\/epi.org.mk\/sq\/post\/13836?lang=sq","title":{"rendered":"VIDEO: Debata nacionale demokratike"},"content":{"rendered":"<p>N\u00eb maj dhe qershor t\u00eb k\u00ebtij viti, Instituti p\u00ebr politik\u00eb evropiane \u2013 EPI, p\u00ebr her\u00eb t\u00eb dyt\u00eb implementoi anket\u00eb debatuese n\u00eb bashk\u00ebpunim me Universitetin Stanford nga SHBA. Anketa debatuese \u00ebsht\u00eb form\u00eb e ve\u00e7ant\u00eb e konsultimeve politike q\u00eb kombinon teknikat e sondazhit t\u00eb opinionit publik dhe diskutimit publik.\u00a0Ajo synon t\u00eb paraqes\u00eb se si do t\u00eb dukej opinioni publik p\u00ebr nj\u00eb tem\u00eb t\u00eb caktuar, n\u00ebse qytetar\u00ebt do t\u00eb kishin mund\u00ebsi t\u00eb njihen m\u00eb shum\u00eb me tem\u00ebn. Anketa debatuese i pasqyron preferencat dhe opinionet e qytetar\u00ebve si para ashtu edhe pas njoftimit t\u00eb detajuar me tem\u00ebn.<\/p>\n<p>Njihuni m\u00eb mir\u00eb me konceptin dhe me rezultatet nga debata anketuese me videon n\u00eb vijim:<\/p>\n<p><iframe src=\"https:\/\/www.youtube.com\/embed\/NgMNAZqdvRE?controls=0\" width=\"1000\" height=\"563\" frameborder=\"0\" allowfullscreen=\"allowfullscreen\"><\/iframe><\/p>","protected":false},"excerpt":{"rendered":"<p>N\u00eb maj dhe qershor t\u00eb k\u00ebtij viti, Instituti p\u00ebr politik\u00eb evropiane \u2013 EPI, p\u00ebr her\u00eb t\u00eb dyt\u00eb implementoi anket\u00eb debatuese n\u00eb bashk\u00ebpunim me Universitetin Stanford nga SHBA. Anketa debatuese \u00ebsht\u00eb form\u00eb e ve\u00e7ant\u00eb e konsultimeve politike q\u00eb kombinon teknikat e sondazhit t\u00eb opinionit publik dhe diskutimit publik.\u00a0Ajo synon t\u00eb paraqes\u00eb se si do t\u00eb dukej [&hellip;]<\/p>","protected":false},"author":4,"featured_media":13825,"comment_status":"closed","ping_status":"closed","sticky":false,"template":"","format":"standard","meta":{"_acf_changed":false,"footnotes":""},"categories":[106],"tags":[],"class_list":["post-13836","post","type-post","status-publish","format-standard","has-post-thumbnail","hentry","category-106"],"acf":[],"yoast_head":"<!-- This site is optimized with the Yoast SEO plugin v24.4 - https:\/\/yoast.com\/wordpress\/plugins\/seo\/ -->\n<title>VIDEO: Debata nacionale demokratike - EPI<\/title>\n<meta name=\"robots\" content=\"index, follow, max-snippet:-1, max-image-preview:large, max-video-preview:-1\" \/>\n<link rel=\"canonical\" href=\"https:\/\/epi.org.mk\/sq\/post\/13836\/?lang=sq\" \/>\n<meta property=\"og:locale\" content=\"mk_MK\" \/>\n<meta property=\"og:type\" content=\"article\" \/>\n<meta property=\"og:title\" content=\"VIDEO: Debata nacionale demokratike - EPI\" \/>\n<meta property=\"og:description\" content=\"N\u00eb maj dhe qershor t\u00eb k\u00ebtij viti, Instituti p\u00ebr politik\u00eb evropiane \u2013 EPI, p\u00ebr her\u00eb t\u00eb dyt\u00eb implementoi anket\u00eb debatuese n\u00eb bashk\u00ebpunim me Universitetin Stanford nga SHBA. Anketa debatuese \u00ebsht\u00eb form\u00eb e ve\u00e7ant\u00eb e konsultimeve politike q\u00eb kombinon teknikat e sondazhit t\u00eb opinionit publik dhe diskutimit publik.\u00a0Ajo synon t\u00eb paraqes\u00eb se si do t\u00eb dukej [&hellip;]\" \/>\n<meta property=\"og:url\" content=\"https:\/\/epi.org.mk\/sq\/post\/13836\/?lang=sq\" \/>\n<meta property=\"og:site_name\" content=\"EPI\" \/>\n<meta property=\"article:publisher\" content=\"https:\/\/www.facebook.com\/EPI.Skopje\/\" \/>\n<meta property=\"article:published_time\" content=\"2019-10-07T15:08:28+00:00\" \/>\n<meta property=\"article:modified_time\" content=\"2019-10-17T13:48:23+00:00\" \/>\n<meta property=\"og:image\" content=\"https:\/\/epi.org.mk\/wp-content\/uploads\/2019\/10\/video-ned.jpg\" \/>\n\t<meta property=\"og:image:width\" content=\"1919\" \/>\n\t<meta property=\"og:image:height\" content=\"1079\" \/>\n\t<meta property=\"og:image:type\" content=\"image\/jpeg\" \/>\n<meta name=\"author\" content=\"\u041d\u0430\u0443\u043c \u041b\u043e\u043a\u043e\u0441\u043a\u0438\" \/>\n<meta name=\"twitter:card\" content=\"summary_large_image\" \/>\n<meta name=\"twitter:creator\" content=\"@epi_skopje\" \/>\n<meta name=\"twitter:site\" content=\"@epi_skopje\" \/>\n<meta name=\"twitter:label1\" content=\"Written by\" \/>\n\t<meta name=\"twitter:data1\" content=\"\u041d\u0430\u0443\u043c \u041b\u043e\u043a\u043e\u0441\u043a\u0438\" \/>\n\t<meta name=\"twitter:label2\" content=\"Est. reading time\" \/>\n\t<meta name=\"twitter:data2\" content=\"1 minute\" \/>\n<script type=\"application\/ld+json\" class=\"yoast-schema-graph\">{\"@context\":\"https:\/\/schema.org\",\"@graph\":[{\"@type\":\"Article\",\"@id\":\"https:\/\/epi.org.mk\/post\/13836?lang=sq#article\",\"isPartOf\":{\"@id\":\"https:\/\/epi.org.mk\/post\/13836?lang=sq\"},\"author\":{\"name\":\"\u041d\u0430\u0443\u043c \u041b\u043e\u043a\u043e\u0441\u043a\u0438\",\"@id\":\"https:\/\/epi.org.mk\/#\/schema\/person\/d3bccda7c7052a8ff666427b79e54a83\"},\"headline\":\"VIDEO: Debata nacionale demokratike\",\"datePublished\":\"2019-10-07T15:08:28+00:00\",\"dateModified\":\"2019-10-17T13:48:23+00:00\",\"mainEntityOfPage\":{\"@id\":\"https:\/\/epi.org.mk\/post\/13836?lang=sq\"},\"wordCount\":124,\"publisher\":{\"@id\":\"https:\/\/epi.org.mk\/#organization\"},\"image\":{\"@id\":\"https:\/\/epi.org.mk\/post\/13836?lang=sq#primaryimage\"},\"thumbnailUrl\":\"https:\/\/epi.org.mk\/wp-content\/uploads\/2019\/10\/video-ned.jpg\",\"articleSection\":[\"\u041d\u043e\u0432\u043e\u0441\u0442\u0438\"],\"inLanguage\":\"mk-MK\"},{\"@type\":\"WebPage\",\"@id\":\"https:\/\/epi.org.mk\/post\/13836?lang=sq\",\"url\":\"https:\/\/epi.org.mk\/post\/13836?lang=sq\",\"name\":\"VIDEO: Debata nacionale demokratike - EPI\",\"isPartOf\":{\"@id\":\"https:\/\/epi.org.mk\/#website\"},\"primaryImageOfPage\":{\"@id\":\"https:\/\/epi.org.mk\/post\/13836?lang=sq#primaryimage\"},\"image\":{\"@id\":\"https:\/\/epi.org.mk\/post\/13836?lang=sq#primaryimage\"},\"thumbnailUrl\":\"https:\/\/epi.org.mk\/wp-content\/uploads\/2019\/10\/video-ned.jpg\",\"datePublished\":\"2019-10-07T15:08:28+00:00\",\"dateModified\":\"2019-10-17T13:48:23+00:00\",\"breadcrumb\":{\"@id\":\"https:\/\/epi.org.mk\/post\/13836?lang=sq#breadcrumb\"},\"inLanguage\":\"mk-MK\",\"potentialAction\":[{\"@type\":\"ReadAction\",\"target\":[\"https:\/\/epi.org.mk\/post\/13836?lang=sq\"]}]},{\"@type\":\"ImageObject\",\"inLanguage\":\"mk-MK\",\"@id\":\"https:\/\/epi.org.mk\/post\/13836?lang=sq#primaryimage\",\"url\":\"https:\/\/epi.org.mk\/wp-content\/uploads\/2019\/10\/video-ned.jpg\",\"contentUrl\":\"https:\/\/epi.org.mk\/wp-content\/uploads\/2019\/10\/video-ned.jpg\",\"width\":1600,\"height\":900},{\"@type\":\"BreadcrumbList\",\"@id\":\"https:\/\/epi.org.mk\/post\/13836?lang=sq#breadcrumb\",\"itemListElement\":[{\"@type\":\"ListItem\",\"position\":1,\"name\":\"Home\",\"item\":\"https:\/\/epi.org.mk\/\"},{\"@type\":\"ListItem\",\"position\":2,\"name\":\"VIDEO: Debata nacionale demokratike\"}]},{\"@type\":\"WebSite\",\"@id\":\"https:\/\/epi.org.mk\/#website\",\"url\":\"https:\/\/epi.org.mk\/\",\"name\":\"EPI\",\"description\":\"\u0418\u043d\u0441\u0442\u0438\u0442\u0443\u0442 \u0437\u0430 \u0435\u0432\u0440\u043e\u043f\u0441\u043a\u0430 \u043f\u043e\u043b\u0438\u0442\u0438\u043a\u0430\",\"publisher\":{\"@id\":\"https:\/\/epi.org.mk\/#organization\"},\"potentialAction\":[{\"@type\":\"SearchAction\",\"target\":{\"@type\":\"EntryPoint\",\"urlTemplate\":\"https:\/\/epi.org.mk\/?s={search_term_string}\"},\"query-input\":{\"@type\":\"PropertyValueSpecification\",\"valueRequired\":true,\"valueName\":\"search_term_string\"}}],\"inLanguage\":\"mk-MK\"},{\"@type\":\"Organization\",\"@id\":\"https:\/\/epi.org.mk\/#organization\",\"name\":\"European Policy Institute - Skopje\",\"alternateName\":\"EPI Skopje\",\"url\":\"https:\/\/epi.org.mk\/\",\"logo\":{\"@type\":\"ImageObject\",\"inLanguage\":\"mk-MK\",\"@id\":\"https:\/\/epi.org.mk\/#\/schema\/logo\/image\/\",\"url\":\"https:\/\/epi.org.mk\/wp-content\/uploads\/epi-logo.jpg\",\"contentUrl\":\"https:\/\/epi.org.mk\/wp-content\/uploads\/epi-logo.jpg\",\"width\":909,\"height\":909,\"caption\":\"European Policy Institute - Skopje\"},\"image\":{\"@id\":\"https:\/\/epi.org.mk\/#\/schema\/logo\/image\/\"},\"sameAs\":[\"https:\/\/www.facebook.com\/EPI.Skopje\/\",\"https:\/\/x.com\/epi_skopje\",\"https:\/\/www.instagram.com\/epi.skopje\/\",\"https:\/\/www.linkedin.com\/company\/epi-skopje\"]},{\"@type\":\"Person\",\"@id\":\"https:\/\/epi.org.mk\/#\/schema\/person\/d3bccda7c7052a8ff666427b79e54a83\",\"name\":\"\u041d\u0430\u0443\u043c \u041b\u043e\u043a\u043e\u0441\u043a\u0438\",\"image\":{\"@type\":\"ImageObject\",\"inLanguage\":\"mk-MK\",\"@id\":\"https:\/\/epi.org.mk\/#\/schema\/person\/image\/\",\"url\":\"https:\/\/secure.gravatar.com\/avatar\/f9e8b68f998732685ae37ad350a11a67233e1bf00791e498034822ca264146d6?s=96&d=mm&r=g\",\"contentUrl\":\"https:\/\/secure.gravatar.com\/avatar\/f9e8b68f998732685ae37ad350a11a67233e1bf00791e498034822ca264146d6?s=96&d=mm&r=g\",\"caption\":\"\u041d\u0430\u0443\u043c \u041b\u043e\u043a\u043e\u0441\u043a\u0438\"},\"url\":\"https:\/\/epi.org.mk\/sq\/post\/author\/naum-lokoski\"}]}<\/script>\n<!-- \/ Yoast SEO plugin. -->","yoast_head_json":{"title":"VIDEO: Debata nacionale demokratike - EPI","robots":{"index":"index","follow":"follow","max-snippet":"max-snippet:-1","max-image-preview":"max-image-preview:large","max-video-preview":"max-video-preview:-1"},"canonical":"https:\/\/epi.org.mk\/sq\/post\/13836\/?lang=sq","og_locale":"mk_MK","og_type":"article","og_title":"VIDEO: Debata nacionale demokratike - EPI","og_description":"N\u00eb maj dhe qershor t\u00eb k\u00ebtij viti, Instituti p\u00ebr politik\u00eb evropiane \u2013 EPI, p\u00ebr her\u00eb t\u00eb dyt\u00eb implementoi anket\u00eb debatuese n\u00eb bashk\u00ebpunim me Universitetin Stanford nga SHBA. Anketa debatuese \u00ebsht\u00eb form\u00eb e ve\u00e7ant\u00eb e konsultimeve politike q\u00eb kombinon teknikat e sondazhit t\u00eb opinionit publik dhe diskutimit publik.\u00a0Ajo synon t\u00eb paraqes\u00eb se si do t\u00eb dukej [&hellip;]","og_url":"https:\/\/epi.org.mk\/sq\/post\/13836\/?lang=sq","og_site_name":"EPI","article_publisher":"https:\/\/www.facebook.com\/EPI.Skopje\/","article_published_time":"2019-10-07T15:08:28+00:00","article_modified_time":"2019-10-17T13:48:23+00:00","og_image":[{"width":1919,"height":1079,"url":"https:\/\/epi.org.mk\/wp-content\/uploads\/2019\/10\/video-ned.jpg","type":"image\/jpeg"}],"author":"\u041d\u0430\u0443\u043c \u041b\u043e\u043a\u043e\u0441\u043a\u0438","twitter_card":"summary_large_image","twitter_creator":"@epi_skopje","twitter_site":"@epi_skopje","twitter_misc":{"Written by":"\u041d\u0430\u0443\u043c \u041b\u043e\u043a\u043e\u0441\u043a\u0438","Est. reading time":"1 minute"},"schema":{"@context":"https:\/\/schema.org","@graph":[{"@type":"Article","@id":"https:\/\/epi.org.mk\/post\/13836?lang=sq#article","isPartOf":{"@id":"https:\/\/epi.org.mk\/post\/13836?lang=sq"},"author":{"name":"\u041d\u0430\u0443\u043c \u041b\u043e\u043a\u043e\u0441\u043a\u0438","@id":"https:\/\/epi.org.mk\/#\/schema\/person\/d3bccda7c7052a8ff666427b79e54a83"},"headline":"VIDEO: Debata nacionale demokratike","datePublished":"2019-10-07T15:08:28+00:00","dateModified":"2019-10-17T13:48:23+00:00","mainEntityOfPage":{"@id":"https:\/\/epi.org.mk\/post\/13836?lang=sq"},"wordCount":124,"publisher":{"@id":"https:\/\/epi.org.mk\/#organization"},"image":{"@id":"https:\/\/epi.org.mk\/post\/13836?lang=sq#primaryimage"},"thumbnailUrl":"https:\/\/epi.org.mk\/wp-content\/uploads\/2019\/10\/video-ned.jpg","articleSection":["\u041d\u043e\u0432\u043e\u0441\u0442\u0438"],"inLanguage":"mk-MK"},{"@type":"WebPage","@id":"https:\/\/epi.org.mk\/post\/13836?lang=sq","url":"https:\/\/epi.org.mk\/post\/13836?lang=sq","name":"VIDEO: Debata nacionale demokratike - EPI","isPartOf":{"@id":"https:\/\/epi.org.mk\/#website"},"primaryImageOfPage":{"@id":"https:\/\/epi.org.mk\/post\/13836?lang=sq#primaryimage"},"image":{"@id":"https:\/\/epi.org.mk\/post\/13836?lang=sq#primaryimage"},"thumbnailUrl":"https:\/\/epi.org.mk\/wp-content\/uploads\/2019\/10\/video-ned.jpg","datePublished":"2019-10-07T15:08:28+00:00","dateModified":"2019-10-17T13:48:23+00:00","breadcrumb":{"@id":"https:\/\/epi.org.mk\/post\/13836?lang=sq#breadcrumb"},"inLanguage":"mk-MK","potentialAction":[{"@type":"ReadAction","target":["https:\/\/epi.org.mk\/post\/13836?lang=sq"]}]},{"@type":"ImageObject","inLanguage":"mk-MK","@id":"https:\/\/epi.org.mk\/post\/13836?lang=sq#primaryimage","url":"https:\/\/epi.org.mk\/wp-content\/uploads\/2019\/10\/video-ned.jpg","contentUrl":"https:\/\/epi.org.mk\/wp-content\/uploads\/2019\/10\/video-ned.jpg","width":1600,"height":900},{"@type":"BreadcrumbList","@id":"https:\/\/epi.org.mk\/post\/13836?lang=sq#breadcrumb","itemListElement":[{"@type":"ListItem","position":1,"name":"Home","item":"https:\/\/epi.org.mk\/"},{"@type":"ListItem","position":2,"name":"VIDEO: Debata nacionale demokratike"}]},{"@type":"WebSite","@id":"https:\/\/epi.org.mk\/#website","url":"https:\/\/epi.org.mk\/","name":"EPI","description":"\u0418\u043d\u0441\u0442\u0438\u0442\u0443\u0442 \u0437\u0430 \u0435\u0432\u0440\u043e\u043f\u0441\u043a\u0430 \u043f\u043e\u043b\u0438\u0442\u0438\u043a\u0430","publisher":{"@id":"https:\/\/epi.org.mk\/#organization"},"potentialAction":[{"@type":"SearchAction","target":{"@type":"EntryPoint","urlTemplate":"https:\/\/epi.org.mk\/?s={search_term_string}"},"query-input":{"@type":"PropertyValueSpecification","valueRequired":true,"valueName":"search_term_string"}}],"inLanguage":"mk-MK"},{"@type":"Organization","@id":"https:\/\/epi.org.mk\/#organization","name":"European Policy Institute - Skopje","alternateName":"EPI Skopje","url":"https:\/\/epi.org.mk\/","logo":{"@type":"ImageObject","inLanguage":"mk-MK","@id":"https:\/\/epi.org.mk\/#\/schema\/logo\/image\/","url":"https:\/\/epi.org.mk\/wp-content\/uploads\/epi-logo.jpg","contentUrl":"https:\/\/epi.org.mk\/wp-content\/uploads\/epi-logo.jpg","width":909,"height":909,"caption":"European Policy Institute - Skopje"},"image":{"@id":"https:\/\/epi.org.mk\/#\/schema\/logo\/image\/"},"sameAs":["https:\/\/www.facebook.com\/EPI.Skopje\/","https:\/\/x.com\/epi_skopje","https:\/\/www.instagram.com\/epi.skopje\/","https:\/\/www.linkedin.com\/company\/epi-skopje"]},{"@type":"Person","@id":"https:\/\/epi.org.mk\/#\/schema\/person\/d3bccda7c7052a8ff666427b79e54a83","name":"\u041d\u0430\u0443\u043c \u041b\u043e\u043a\u043e\u0441\u043a\u0438","image":{"@type":"ImageObject","inLanguage":"mk-MK","@id":"https:\/\/epi.org.mk\/#\/schema\/person\/image\/","url":"https:\/\/secure.gravatar.com\/avatar\/f9e8b68f998732685ae37ad350a11a67233e1bf00791e498034822ca264146d6?s=96&d=mm&r=g","contentUrl":"https:\/\/secure.gravatar.com\/avatar\/f9e8b68f998732685ae37ad350a11a67233e1bf00791e498034822ca264146d6?s=96&d=mm&r=g","caption":"\u041d\u0430\u0443\u043c \u041b\u043e\u043a\u043e\u0441\u043a\u0438"},"url":"https:\/\/epi.org.mk\/sq\/post\/author\/naum-lokoski"}]}},"_links":{"self":[{"href":"https:\/\/epi.org.mk\/sq\/wp-json\/wp\/v2\/posts\/13836","targetHints":{"allow":["GET"]}}],"collection":[{"href":"https:\/\/epi.org.mk\/sq\/wp-json\/wp\/v2\/posts"}],"about":[{"href":"https:\/\/epi.org.mk\/sq\/wp-json\/wp\/v2\/types\/post"}],"author":[{"embeddable":true,"href":"https:\/\/epi.org.mk\/sq\/wp-json\/wp\/v2\/users\/4"}],"replies":[{"embeddable":true,"href":"https:\/\/epi.org.mk\/sq\/wp-json\/wp\/v2\/comments?post=13836"}],"version-history":[{"count":0,"href":"https:\/\/epi.org.mk\/sq\/wp-json\/wp\/v2\/posts\/13836\/revisions"}],"wp:featuredmedia":[{"embeddable":true,"href":"https:\/\/epi.org.mk\/sq\/wp-json\/wp\/v2\/media\/13825"}],"wp:attachment":[{"href":"https:\/\/epi.org.mk\/sq\/wp-json\/wp\/v2\/media?parent=13836"}],"wp:term":[{"taxonomy":"category","embeddable":true,"href":"https:\/\/epi.org.mk\/sq\/wp-json\/wp\/v2\/categories?post=13836"},{"taxonomy":"post_tag","embeddable":true,"href":"https:\/\/epi.org.mk\/sq\/wp-json\/wp\/v2\/tags?post=13836"}],"curies":[{"name":"wp","href":"https:\/\/api.w.org\/{rel}","templated":true}]}}