{"id":13778,"date":"2019-10-01T09:42:39","date_gmt":"2019-10-01T09:42:39","guid":{"rendered":"https:\/\/epi.org.mk\/post\/13778"},"modified":"2019-10-01T09:54:17","modified_gmt":"2019-10-01T09:54:17","slug":"%d0%b4%d0%b5%d0%b1%d0%b0%d1%82%d0%bd%d0%b0-%d0%b0%d0%bd%d0%ba%d0%b5%d1%82%d0%b0-%d0%bf%d0%be%d1%82%d1%80%d0%b5%d0%b1%d0%b8%d1%82%d0%b5-%d0%b7%d0%b0-%d0%b4%d0%b5%d0%bc%d0%be%d0%ba%d1%80%d0%b0%d1%82","status":"publish","type":"post","link":"https:\/\/epi.org.mk\/sq\/post\/13778?lang=sq","title":{"rendered":"Anketa debatuese: urgjente jan\u00eb nevojat p\u00ebr demokratizim"},"content":{"rendered":"<p>N\u00eb maj dhe qershor t\u00eb k\u00ebtij viti, Instituti p\u00ebr politik\u00eb evropiane &#8211; EPI, p\u00ebr her\u00eb t\u00eb dyt\u00eb implementoi anket\u00eb debatuese n\u00eb bashk\u00ebpunim me Universitetin Stanford nga SHBA. Anketa debatuese \u00ebsht\u00eb form\u00eb e ve\u00e7ant\u00eb e konsultimeve politike q\u00eb kombinon teknikat e sondazhit t\u00eb opinionit publik dhe diskutimit publik.<\/p>\n<p><img fetchpriority=\"high\" decoding=\"async\" class=\"alignnone size-large wp-image-13744\" src=\"https:\/\/epi.org.mk\/wp-content\/uploads\/2019\/10\/debatna-anketa-1024x683.jpg\" alt=\"\" width=\"1024\" height=\"683\" srcset=\"https:\/\/epi.org.mk\/wp-content\/uploads\/2019\/10\/debatna-anketa-1024x683.jpg 1024w, https:\/\/epi.org.mk\/wp-content\/uploads\/2019\/10\/debatna-anketa-300x200.jpg 300w, https:\/\/epi.org.mk\/wp-content\/uploads\/2019\/10\/debatna-anketa-768x512.jpg 768w, https:\/\/epi.org.mk\/wp-content\/uploads\/2019\/10\/debatna-anketa.jpg 1600w\" sizes=\"(max-width: 1024px) 100vw, 1024px\" \/>Ajo synon t\u00eb paraqes\u00eb se si do t\u00eb dukej opinioni publik p\u00ebr nj\u00eb tem\u00eb t\u00eb caktuar, n\u00ebse qytetar\u00ebt do t\u00eb kishin mund\u00ebsi t\u00eb njihen m\u00eb shum\u00eb me tem\u00ebn. Anketa debatuese i pasqyron preferencat dhe opinionet e qytetar\u00ebve si para ashtu edhe pas njoftimit t\u00eb detajuar me tem\u00ebn.<\/p>\n<p>Para mbajtjes s\u00eb anket\u00ebs debative, u realizua anketa e modelit reprezentativ prej 1200 t\u00eb anketuarve nga i gjith\u00eb shteti n\u00eb periudh\u00eb nga 15 deri n\u00eb 31 Maj, 2019. Anketa debatuese dy ditore u mbajt m\u00eb 22 dhe 23 qershor n\u00eb hotel \u201cKontinental\u201d, Shkup. 130 pjes\u00ebmarr\u00ebs debatuan n\u00eb 11 grupe t\u00eb moderuara. Diskutuan p\u00ebr gjendjen e zhvillimit demokratik n\u00eb shtet, duke u fokusuar n\u00eb dy tema: institucione demokratike dhe barazi p\u00ebr t\u00eb gjith\u00eb. Grupet e modereuara p\u00ebrgatit\u00ebn dhe u parashtruan pyetje panelist\u00ebve, q\u00eb ishin pjes\u00eb e sesioneve plenare t\u00eb p\u00ebrb\u00ebra nga eskpert, akademik dhe politikan\u00eb t\u00eb k\u00ebtyre fushave.\u00a0\u00a0<wbr \/>Sesionet plenare ishin vet\u00ebm me pyetje dhe p\u00ebrgjigje, dhe t\u00eb dy dit\u00ebt ishin t\u00eb transmetuara n\u00eb dy stacione nacionale telivizive,\u00a0\u00a0<a href=\"https:\/\/www.youtube.com\/watch?v=skYAcOtfqZg\" target=\"_blank\" rel=\"noopener\">TV Sitel<\/a>\u00a0dhe\u00a0<a href=\"https:\/\/youtu.be\/5YIxWmHwiOI\" target=\"_blank\" rel=\"noopener\">TV21<\/a>.<\/p>\n<p>Pjesa m\u00eb e r\u00ebnd\u00ebsishme e debat\u00ebs ishte rritja e nivelit t\u00eb dijes s\u00eb pjes\u00ebmarr\u00ebsve. Debata rriti numrin e pjes\u00ebmarr\u00ebsve q\u00eb mendojn\u00eb se refuzimi i ndihm\u00ebs mjek\u00ebsore p\u00ebr shkak t\u00eb orientimit seksual (16%), refuzimi i sh\u00ebrbimeve p\u00ebr shkak t\u00eb p\u00ebrkat\u00ebsis\u00eb etnike (6%) dhe ndalim i pun\u00ebsimit p\u00ebr shkak t\u00eb p\u00ebrkat\u00ebsis\u00eb etnike (7%) \u00ebsht\u00eb joligjore n\u00ebn standardet minimale t\u00eb BE-s\u00eb.<\/p>\n<p>Pjes\u00ebmarr\u00ebsit si para ashtu edhe pas debat\u00ebs mbesin me perceptimin se \u00ebsht\u00eb i nevojsh\u00ebm demokratizim urgjent dhe me perceptimin se jan\u00eb t\u00eb nevojshme reforma n\u00eb sistemin gjyq\u00ebsor.<\/p>\n<p><img decoding=\"async\" class=\"alignnone size-large wp-image-13747\" src=\"https:\/\/epi.org.mk\/wp-content\/uploads\/2019\/10\/debatna-anketa-diskusija-1024x683.jpg\" alt=\"\" width=\"1024\" height=\"683\" srcset=\"https:\/\/epi.org.mk\/wp-content\/uploads\/2019\/10\/debatna-anketa-diskusija-1024x683.jpg 1024w, https:\/\/epi.org.mk\/wp-content\/uploads\/2019\/10\/debatna-anketa-diskusija-300x200.jpg 300w, https:\/\/epi.org.mk\/wp-content\/uploads\/2019\/10\/debatna-anketa-diskusija-768x512.jpg 768w, https:\/\/epi.org.mk\/wp-content\/uploads\/2019\/10\/debatna-anketa-diskusija.jpg 1600w\" sizes=\"(max-width: 1024px) 100vw, 1024px\" \/>Rezymen\u00eb me rezultatet nga anketa debatuese mund t&#8217;i shikoni\u00a0<a href=\"https:\/\/epi.org.mk\/wp-content\/uploads\/2019\/10\/Summary_tekst_NED_27.09.2019_MK.pdf\" target=\"_blank\" rel=\"noopener\">k\u00ebtu\u00a0<\/a><\/p>\n<p>Infografin me rezultatet mund ta shikoni <a href=\"https:\/\/epi.org.mk\/wp-content\/uploads\/2019\/10\/\u0418\u043d\u0444\u043e\u0433\u0440\u0430\u0444\u0438\u043a_\u0434\u0435\u0431\u0430\u0442\u043d\u0430-\u0430\u043d\u043a\u0435\u0442\u0430-\u0437\u0430-\u0434\u0435\u043c\u043e\u043a\u0440\u0430\u0442\u0438\u0458\u0430.pdf\" target=\"_blank\" rel=\"noopener\">k\u00ebtu\u00a0<\/a><\/p>\n<p>Projekti &#8220;Debata nacionale demokratike &#8211; promovimi i tranzicionit t\u00eb suksessh\u00ebm demokratik n\u00eb Maqedoni&#8221; u implementua nga EPI me mb\u00ebshtjetje t\u00eb National Endowment for Democracy.<\/p>","protected":false},"excerpt":{"rendered":"<p>N\u00eb maj dhe qershor t\u00eb k\u00ebtij viti, Instituti p\u00ebr politik\u00eb evropiane &#8211; EPI, p\u00ebr her\u00eb t\u00eb dyt\u00eb implementoi anket\u00eb debatuese n\u00eb bashk\u00ebpunim me Universitetin Stanford nga SHBA. Anketa debatuese \u00ebsht\u00eb form\u00eb e ve\u00e7ant\u00eb e konsultimeve politike q\u00eb kombinon teknikat e sondazhit t\u00eb opinionit publik dhe diskutimit publik. Ajo synon t\u00eb paraqes\u00eb se si do t\u00eb [&hellip;]<\/p>","protected":false},"author":4,"featured_media":13750,"comment_status":"closed","ping_status":"open","sticky":false,"template":"","format":"standard","meta":{"_acf_changed":false,"footnotes":""},"categories":[106],"tags":[],"class_list":["post-13778","post","type-post","status-publish","format-standard","has-post-thumbnail","hentry","category-106"],"acf":[],"yoast_head":"<!-- This site is optimized with the Yoast SEO plugin v24.4 - https:\/\/yoast.com\/wordpress\/plugins\/seo\/ -->\n<title>Anketa debatuese: urgjente jan\u00eb nevojat p\u00ebr demokratizim - EPI<\/title>\n<meta name=\"robots\" content=\"index, follow, max-snippet:-1, max-image-preview:large, max-video-preview:-1\" \/>\n<link rel=\"canonical\" href=\"https:\/\/epi.org.mk\/sq\/post\/13728\/\" \/>\n<meta property=\"og:locale\" content=\"mk_MK\" \/>\n<meta property=\"og:type\" content=\"article\" \/>\n<meta property=\"og:title\" content=\"Anketa debatuese: urgjente jan\u00eb nevojat p\u00ebr demokratizim - EPI\" \/>\n<meta property=\"og:description\" content=\"N\u00eb maj dhe qershor t\u00eb k\u00ebtij viti, Instituti p\u00ebr politik\u00eb evropiane &#8211; EPI, p\u00ebr her\u00eb t\u00eb dyt\u00eb implementoi anket\u00eb debatuese n\u00eb bashk\u00ebpunim me Universitetin Stanford nga SHBA. Anketa debatuese \u00ebsht\u00eb form\u00eb e ve\u00e7ant\u00eb e konsultimeve politike q\u00eb kombinon teknikat e sondazhit t\u00eb opinionit publik dhe diskutimit publik. Ajo synon t\u00eb paraqes\u00eb se si do t\u00eb [&hellip;]\" \/>\n<meta property=\"og:url\" content=\"https:\/\/epi.org.mk\/sq\/post\/13728\/\" \/>\n<meta property=\"og:site_name\" content=\"EPI\" \/>\n<meta property=\"article:publisher\" content=\"https:\/\/www.facebook.com\/EPI.Skopje\/\" \/>\n<meta property=\"article:published_time\" content=\"2019-10-01T09:42:39+00:00\" \/>\n<meta property=\"article:modified_time\" content=\"2019-10-01T09:54:17+00:00\" \/>\n<meta property=\"og:image\" content=\"https:\/\/epi.org.mk\/wp-content\/uploads\/2019\/10\/debatna-anketa-ucesnici.jpg\" \/>\n\t<meta property=\"og:image:width\" content=\"1920\" \/>\n\t<meta property=\"og:image:height\" content=\"1280\" \/>\n\t<meta property=\"og:image:type\" content=\"image\/jpeg\" \/>\n<meta name=\"author\" content=\"\u041d\u0430\u0443\u043c \u041b\u043e\u043a\u043e\u0441\u043a\u0438\" \/>\n<meta name=\"twitter:card\" content=\"summary_large_image\" \/>\n<meta name=\"twitter:creator\" content=\"@epi_skopje\" \/>\n<meta name=\"twitter:site\" content=\"@epi_skopje\" \/>\n<meta name=\"twitter:label1\" content=\"Written by\" \/>\n\t<meta name=\"twitter:data1\" content=\"\u041d\u0430\u0443\u043c \u041b\u043e\u043a\u043e\u0441\u043a\u0438\" \/>\n\t<meta name=\"twitter:label2\" content=\"Est. reading time\" \/>\n\t<meta name=\"twitter:data2\" content=\"2 minutes\" \/>\n<script type=\"application\/ld+json\" class=\"yoast-schema-graph\">{\"@context\":\"https:\/\/schema.org\",\"@graph\":[{\"@type\":\"Article\",\"@id\":\"https:\/\/epi.org.mk\/post\/13728#article\",\"isPartOf\":{\"@id\":\"https:\/\/epi.org.mk\/post\/13728\"},\"author\":{\"name\":\"\u041d\u0430\u0443\u043c \u041b\u043e\u043a\u043e\u0441\u043a\u0438\",\"@id\":\"https:\/\/epi.org.mk\/#\/schema\/person\/d3bccda7c7052a8ff666427b79e54a83\"},\"headline\":\"Anketa debatuese: urgjente jan\u00eb nevojat p\u00ebr demokratizim\",\"datePublished\":\"2019-10-01T09:42:39+00:00\",\"dateModified\":\"2019-10-01T09:54:17+00:00\",\"mainEntityOfPage\":{\"@id\":\"https:\/\/epi.org.mk\/post\/13728\"},\"wordCount\":393,\"publisher\":{\"@id\":\"https:\/\/epi.org.mk\/#organization\"},\"image\":{\"@id\":\"https:\/\/epi.org.mk\/post\/13728#primaryimage\"},\"thumbnailUrl\":\"https:\/\/epi.org.mk\/wp-content\/uploads\/2019\/10\/debatna-anketa-ucesnici.jpg\",\"articleSection\":[\"\u041d\u043e\u0432\u043e\u0441\u0442\u0438\"],\"inLanguage\":\"mk-MK\"},{\"@type\":\"WebPage\",\"@id\":\"https:\/\/epi.org.mk\/post\/13728\",\"url\":\"https:\/\/epi.org.mk\/post\/13728\",\"name\":\"Anketa debatuese: urgjente jan\u00eb nevojat p\u00ebr demokratizim - EPI\",\"isPartOf\":{\"@id\":\"https:\/\/epi.org.mk\/#website\"},\"primaryImageOfPage\":{\"@id\":\"https:\/\/epi.org.mk\/post\/13728#primaryimage\"},\"image\":{\"@id\":\"https:\/\/epi.org.mk\/post\/13728#primaryimage\"},\"thumbnailUrl\":\"https:\/\/epi.org.mk\/wp-content\/uploads\/2019\/10\/debatna-anketa-ucesnici.jpg\",\"datePublished\":\"2019-10-01T09:42:39+00:00\",\"dateModified\":\"2019-10-01T09:54:17+00:00\",\"breadcrumb\":{\"@id\":\"https:\/\/epi.org.mk\/post\/13728#breadcrumb\"},\"inLanguage\":\"mk-MK\",\"potentialAction\":[{\"@type\":\"ReadAction\",\"target\":[\"https:\/\/epi.org.mk\/post\/13728\"]}]},{\"@type\":\"ImageObject\",\"inLanguage\":\"mk-MK\",\"@id\":\"https:\/\/epi.org.mk\/post\/13728#primaryimage\",\"url\":\"https:\/\/epi.org.mk\/wp-content\/uploads\/2019\/10\/debatna-anketa-ucesnici.jpg\",\"contentUrl\":\"https:\/\/epi.org.mk\/wp-content\/uploads\/2019\/10\/debatna-anketa-ucesnici.jpg\",\"width\":1600,\"height\":1067},{\"@type\":\"BreadcrumbList\",\"@id\":\"https:\/\/epi.org.mk\/post\/13728#breadcrumb\",\"itemListElement\":[{\"@type\":\"ListItem\",\"position\":1,\"name\":\"Home\",\"item\":\"https:\/\/epi.org.mk\/\"},{\"@type\":\"ListItem\",\"position\":2,\"name\":\"Anketa debatuese: urgjente jan\u00eb nevojat p\u00ebr demokratizim\"}]},{\"@type\":\"WebSite\",\"@id\":\"https:\/\/epi.org.mk\/#website\",\"url\":\"https:\/\/epi.org.mk\/\",\"name\":\"EPI\",\"description\":\"\u0418\u043d\u0441\u0442\u0438\u0442\u0443\u0442 \u0437\u0430 \u0435\u0432\u0440\u043e\u043f\u0441\u043a\u0430 \u043f\u043e\u043b\u0438\u0442\u0438\u043a\u0430\",\"publisher\":{\"@id\":\"https:\/\/epi.org.mk\/#organization\"},\"potentialAction\":[{\"@type\":\"SearchAction\",\"target\":{\"@type\":\"EntryPoint\",\"urlTemplate\":\"https:\/\/epi.org.mk\/?s={search_term_string}\"},\"query-input\":{\"@type\":\"PropertyValueSpecification\",\"valueRequired\":true,\"valueName\":\"search_term_string\"}}],\"inLanguage\":\"mk-MK\"},{\"@type\":\"Organization\",\"@id\":\"https:\/\/epi.org.mk\/#organization\",\"name\":\"European Policy Institute - Skopje\",\"alternateName\":\"EPI Skopje\",\"url\":\"https:\/\/epi.org.mk\/\",\"logo\":{\"@type\":\"ImageObject\",\"inLanguage\":\"mk-MK\",\"@id\":\"https:\/\/epi.org.mk\/#\/schema\/logo\/image\/\",\"url\":\"https:\/\/epi.org.mk\/wp-content\/uploads\/epi-logo.jpg\",\"contentUrl\":\"https:\/\/epi.org.mk\/wp-content\/uploads\/epi-logo.jpg\",\"width\":909,\"height\":909,\"caption\":\"European Policy Institute - Skopje\"},\"image\":{\"@id\":\"https:\/\/epi.org.mk\/#\/schema\/logo\/image\/\"},\"sameAs\":[\"https:\/\/www.facebook.com\/EPI.Skopje\/\",\"https:\/\/x.com\/epi_skopje\",\"https:\/\/www.instagram.com\/epi.skopje\/\",\"https:\/\/www.linkedin.com\/company\/epi-skopje\"]},{\"@type\":\"Person\",\"@id\":\"https:\/\/epi.org.mk\/#\/schema\/person\/d3bccda7c7052a8ff666427b79e54a83\",\"name\":\"\u041d\u0430\u0443\u043c \u041b\u043e\u043a\u043e\u0441\u043a\u0438\",\"image\":{\"@type\":\"ImageObject\",\"inLanguage\":\"mk-MK\",\"@id\":\"https:\/\/epi.org.mk\/#\/schema\/person\/image\/\",\"url\":\"https:\/\/secure.gravatar.com\/avatar\/f9e8b68f998732685ae37ad350a11a67233e1bf00791e498034822ca264146d6?s=96&d=mm&r=g\",\"contentUrl\":\"https:\/\/secure.gravatar.com\/avatar\/f9e8b68f998732685ae37ad350a11a67233e1bf00791e498034822ca264146d6?s=96&d=mm&r=g\",\"caption\":\"\u041d\u0430\u0443\u043c \u041b\u043e\u043a\u043e\u0441\u043a\u0438\"},\"url\":\"https:\/\/epi.org.mk\/sq\/post\/author\/naum-lokoski\"}]}<\/script>\n<!-- \/ Yoast SEO plugin. -->","yoast_head_json":{"title":"Anketa debatuese: urgjente jan\u00eb nevojat p\u00ebr demokratizim - EPI","robots":{"index":"index","follow":"follow","max-snippet":"max-snippet:-1","max-image-preview":"max-image-preview:large","max-video-preview":"max-video-preview:-1"},"canonical":"https:\/\/epi.org.mk\/sq\/post\/13728\/","og_locale":"mk_MK","og_type":"article","og_title":"Anketa debatuese: urgjente jan\u00eb nevojat p\u00ebr demokratizim - EPI","og_description":"N\u00eb maj dhe qershor t\u00eb k\u00ebtij viti, Instituti p\u00ebr politik\u00eb evropiane &#8211; EPI, p\u00ebr her\u00eb t\u00eb dyt\u00eb implementoi anket\u00eb debatuese n\u00eb bashk\u00ebpunim me Universitetin Stanford nga SHBA. Anketa debatuese \u00ebsht\u00eb form\u00eb e ve\u00e7ant\u00eb e konsultimeve politike q\u00eb kombinon teknikat e sondazhit t\u00eb opinionit publik dhe diskutimit publik. Ajo synon t\u00eb paraqes\u00eb se si do t\u00eb [&hellip;]","og_url":"https:\/\/epi.org.mk\/sq\/post\/13728\/","og_site_name":"EPI","article_publisher":"https:\/\/www.facebook.com\/EPI.Skopje\/","article_published_time":"2019-10-01T09:42:39+00:00","article_modified_time":"2019-10-01T09:54:17+00:00","og_image":[{"width":1920,"height":1280,"url":"https:\/\/epi.org.mk\/wp-content\/uploads\/2019\/10\/debatna-anketa-ucesnici.jpg","type":"image\/jpeg"}],"author":"\u041d\u0430\u0443\u043c \u041b\u043e\u043a\u043e\u0441\u043a\u0438","twitter_card":"summary_large_image","twitter_creator":"@epi_skopje","twitter_site":"@epi_skopje","twitter_misc":{"Written by":"\u041d\u0430\u0443\u043c \u041b\u043e\u043a\u043e\u0441\u043a\u0438","Est. reading time":"2 minutes"},"schema":{"@context":"https:\/\/schema.org","@graph":[{"@type":"Article","@id":"https:\/\/epi.org.mk\/post\/13728#article","isPartOf":{"@id":"https:\/\/epi.org.mk\/post\/13728"},"author":{"name":"\u041d\u0430\u0443\u043c \u041b\u043e\u043a\u043e\u0441\u043a\u0438","@id":"https:\/\/epi.org.mk\/#\/schema\/person\/d3bccda7c7052a8ff666427b79e54a83"},"headline":"Anketa debatuese: urgjente jan\u00eb nevojat p\u00ebr demokratizim","datePublished":"2019-10-01T09:42:39+00:00","dateModified":"2019-10-01T09:54:17+00:00","mainEntityOfPage":{"@id":"https:\/\/epi.org.mk\/post\/13728"},"wordCount":393,"publisher":{"@id":"https:\/\/epi.org.mk\/#organization"},"image":{"@id":"https:\/\/epi.org.mk\/post\/13728#primaryimage"},"thumbnailUrl":"https:\/\/epi.org.mk\/wp-content\/uploads\/2019\/10\/debatna-anketa-ucesnici.jpg","articleSection":["\u041d\u043e\u0432\u043e\u0441\u0442\u0438"],"inLanguage":"mk-MK"},{"@type":"WebPage","@id":"https:\/\/epi.org.mk\/post\/13728","url":"https:\/\/epi.org.mk\/post\/13728","name":"Anketa debatuese: urgjente jan\u00eb nevojat p\u00ebr demokratizim - EPI","isPartOf":{"@id":"https:\/\/epi.org.mk\/#website"},"primaryImageOfPage":{"@id":"https:\/\/epi.org.mk\/post\/13728#primaryimage"},"image":{"@id":"https:\/\/epi.org.mk\/post\/13728#primaryimage"},"thumbnailUrl":"https:\/\/epi.org.mk\/wp-content\/uploads\/2019\/10\/debatna-anketa-ucesnici.jpg","datePublished":"2019-10-01T09:42:39+00:00","dateModified":"2019-10-01T09:54:17+00:00","breadcrumb":{"@id":"https:\/\/epi.org.mk\/post\/13728#breadcrumb"},"inLanguage":"mk-MK","potentialAction":[{"@type":"ReadAction","target":["https:\/\/epi.org.mk\/post\/13728"]}]},{"@type":"ImageObject","inLanguage":"mk-MK","@id":"https:\/\/epi.org.mk\/post\/13728#primaryimage","url":"https:\/\/epi.org.mk\/wp-content\/uploads\/2019\/10\/debatna-anketa-ucesnici.jpg","contentUrl":"https:\/\/epi.org.mk\/wp-content\/uploads\/2019\/10\/debatna-anketa-ucesnici.jpg","width":1600,"height":1067},{"@type":"BreadcrumbList","@id":"https:\/\/epi.org.mk\/post\/13728#breadcrumb","itemListElement":[{"@type":"ListItem","position":1,"name":"Home","item":"https:\/\/epi.org.mk\/"},{"@type":"ListItem","position":2,"name":"Anketa debatuese: urgjente jan\u00eb nevojat p\u00ebr demokratizim"}]},{"@type":"WebSite","@id":"https:\/\/epi.org.mk\/#website","url":"https:\/\/epi.org.mk\/","name":"EPI","description":"\u0418\u043d\u0441\u0442\u0438\u0442\u0443\u0442 \u0437\u0430 \u0435\u0432\u0440\u043e\u043f\u0441\u043a\u0430 \u043f\u043e\u043b\u0438\u0442\u0438\u043a\u0430","publisher":{"@id":"https:\/\/epi.org.mk\/#organization"},"potentialAction":[{"@type":"SearchAction","target":{"@type":"EntryPoint","urlTemplate":"https:\/\/epi.org.mk\/?s={search_term_string}"},"query-input":{"@type":"PropertyValueSpecification","valueRequired":true,"valueName":"search_term_string"}}],"inLanguage":"mk-MK"},{"@type":"Organization","@id":"https:\/\/epi.org.mk\/#organization","name":"European Policy Institute - Skopje","alternateName":"EPI Skopje","url":"https:\/\/epi.org.mk\/","logo":{"@type":"ImageObject","inLanguage":"mk-MK","@id":"https:\/\/epi.org.mk\/#\/schema\/logo\/image\/","url":"https:\/\/epi.org.mk\/wp-content\/uploads\/epi-logo.jpg","contentUrl":"https:\/\/epi.org.mk\/wp-content\/uploads\/epi-logo.jpg","width":909,"height":909,"caption":"European Policy Institute - Skopje"},"image":{"@id":"https:\/\/epi.org.mk\/#\/schema\/logo\/image\/"},"sameAs":["https:\/\/www.facebook.com\/EPI.Skopje\/","https:\/\/x.com\/epi_skopje","https:\/\/www.instagram.com\/epi.skopje\/","https:\/\/www.linkedin.com\/company\/epi-skopje"]},{"@type":"Person","@id":"https:\/\/epi.org.mk\/#\/schema\/person\/d3bccda7c7052a8ff666427b79e54a83","name":"\u041d\u0430\u0443\u043c \u041b\u043e\u043a\u043e\u0441\u043a\u0438","image":{"@type":"ImageObject","inLanguage":"mk-MK","@id":"https:\/\/epi.org.mk\/#\/schema\/person\/image\/","url":"https:\/\/secure.gravatar.com\/avatar\/f9e8b68f998732685ae37ad350a11a67233e1bf00791e498034822ca264146d6?s=96&d=mm&r=g","contentUrl":"https:\/\/secure.gravatar.com\/avatar\/f9e8b68f998732685ae37ad350a11a67233e1bf00791e498034822ca264146d6?s=96&d=mm&r=g","caption":"\u041d\u0430\u0443\u043c \u041b\u043e\u043a\u043e\u0441\u043a\u0438"},"url":"https:\/\/epi.org.mk\/sq\/post\/author\/naum-lokoski"}]}},"_links":{"self":[{"href":"https:\/\/epi.org.mk\/sq\/wp-json\/wp\/v2\/posts\/13778","targetHints":{"allow":["GET"]}}],"collection":[{"href":"https:\/\/epi.org.mk\/sq\/wp-json\/wp\/v2\/posts"}],"about":[{"href":"https:\/\/epi.org.mk\/sq\/wp-json\/wp\/v2\/types\/post"}],"author":[{"embeddable":true,"href":"https:\/\/epi.org.mk\/sq\/wp-json\/wp\/v2\/users\/4"}],"replies":[{"embeddable":true,"href":"https:\/\/epi.org.mk\/sq\/wp-json\/wp\/v2\/comments?post=13778"}],"version-history":[{"count":0,"href":"https:\/\/epi.org.mk\/sq\/wp-json\/wp\/v2\/posts\/13778\/revisions"}],"wp:featuredmedia":[{"embeddable":true,"href":"https:\/\/epi.org.mk\/sq\/wp-json\/wp\/v2\/media\/13750"}],"wp:attachment":[{"href":"https:\/\/epi.org.mk\/sq\/wp-json\/wp\/v2\/media?parent=13778"}],"wp:term":[{"taxonomy":"category","embeddable":true,"href":"https:\/\/epi.org.mk\/sq\/wp-json\/wp\/v2\/categories?post=13778"},{"taxonomy":"post_tag","embeddable":true,"href":"https:\/\/epi.org.mk\/sq\/wp-json\/wp\/v2\/tags?post=13778"}],"curies":[{"name":"wp","href":"https:\/\/api.w.org\/{rel}","templated":true}]}}