{"id":12338,"date":"2015-07-31T12:49:49","date_gmt":"2015-07-31T12:49:49","guid":{"rendered":"https:\/\/test.epi.org.mk\/%d0%b1%d1%80%d0%be%d1%88%d1%83%d1%80%d0%b0-%d0%b7%d0%be%d1%88%d1%82%d0%be-%d0%bf%d0%be%d0%b3%d0%bb%d0%b0%d0%b2%d1%98%d0%b5%d1%82%d0%be-23-%d0%b5-%d0%ba%d0%bb%d1%83%d1%87-%d0%bd%d0%b0-%d0%bf\/"},"modified":"2019-03-18T14:23:59","modified_gmt":"2019-03-18T14:23:59","slug":"%d0%b1%d1%80%d0%be%d1%88%d1%83%d1%80%d0%b0-%d0%b7%d0%be%d1%88%d1%82%d0%be-%d0%bf%d0%be%d0%b3%d0%bb%d0%b0%d0%b2%d1%98%d0%b5%d1%82%d0%be-23-%d0%b5-%d0%ba%d0%bb%d1%83%d1%87-%d0%bd%d0%b0-%d0%bf","status":"publish","type":"post","link":"https:\/\/epi.org.mk\/sq\/post\/12338?lang=sq","title":{"rendered":"Broshur\u00eb: &#8220;Kapitulli 23: Gjyq\u00ebsori dhe t\u00eb drejtat themelore &#8211; P\u00ebrse \u00ebsht\u00eb \u00e7el\u00ebs i aderimit drejt BE-s\u00eb?&#8221;"},"content":{"rendered":"<div class=\"wpb-content-wrapper\"><div class=\"vc_row wpb_row vc_row-fluid\"><div class=\"wpb_column vc_column_container vc_col-sm-8\"><div class=\"vc_column-inner\"><div class=\"wpb_wrapper\">\n\t<div class=\"wpb_text_column wpb_content_element\" >\n\t\t<div class=\"wpb_wrapper\">\n\t\t\t<p>Kjo broshur\u00eb p\u00ebr Kapitullin 23 si pjes\u00eb p\u00ebrb\u00ebr\u00ebse e aktiviteteve t\u00eb projektit ka p\u00ebr q\u00ebllim q\u00eb t\u00eb afroj\u00eb standardet demokratike evropiane deri tek qytetar\u00ebt, ti njoftoj\u00eb me obligimet t\u00eb cilat dalin nga procesi i aderimit p\u00ebr k\u00ebt\u00eb kapitull dhe t\u00eb nxis\u00eb aktivitetet e sektorit civil.<\/p>\n<h4 class=\"entry-title\"><a href=\"https:\/\/epi.org.mk\/docs\/Brosura_Albanski.pdf\">Broshur\u00eb &#8220;Kapitulli 23: Gjyq\u00ebsori dhe t\u00eb drejtat themelore &#8211; P\u00ebrse \u00ebsht\u00eb \u00e7el\u00ebs i aderimit drejt BE-s\u00eb?&#8221;<\/a><\/h4>\n\n\t\t<\/div>\n\t<\/div>\n<\/div><\/div><\/div><div class=\"wpb_column vc_column_container vc_col-sm-4\"><div class=\"vc_column-inner\"><div class=\"wpb_wrapper\">\n\t<div  class=\"wpb_single_image wpb_content_element vc_align_left wpb_content_element\">\n\t\t\n\t\t<figure class=\"wpb_wrapper vc_figure\">\n\t\t\t<a href=\"https:\/\/epi.org.mk\/docs\/Brosura_Albanski.pdf\" target=\"_self\" class=\"vc_single_image-wrapper vc_box_shadow_3d  vc_box_border_grey\"><img fetchpriority=\"high\" decoding=\"async\" width=\"621\" height=\"885\" src=\"https:\/\/epi.org.mk\/wp-content\/uploads\/2015\/07\/brosura.jpg\" class=\"vc_single_image-img attachment-full\" alt=\"\" title=\"brosura\" srcset=\"https:\/\/epi.org.mk\/wp-content\/uploads\/2015\/07\/brosura.jpg 621w, https:\/\/epi.org.mk\/wp-content\/uploads\/2015\/07\/brosura-211x300.jpg 211w, https:\/\/epi.org.mk\/wp-content\/uploads\/2015\/07\/brosura-8x12.jpg 8w\" sizes=\"(max-width: 621px) 100vw, 621px\" \/><\/a>\n\t\t<\/figure>\n\t<\/div>\n<\/div><\/div><\/div><\/div>\n<\/div>","protected":false},"excerpt":{"rendered":"Kjo broshur\u00eb p\u00ebr Kapitullin 23 si pjes\u00eb p\u00ebrb\u00ebr\u00ebse e aktiviteteve t\u00eb projektit ka p\u00ebr q\u00ebllim q\u00eb t\u00eb afroj\u00eb standardet demokratike evropiane deri tek qytetar\u00ebt, ti njoftoj\u00eb me obligimet t\u00eb cilat dalin nga procesi i aderimit p\u00ebr k\u00ebt\u00eb kapitull dhe t\u00eb nxis\u00eb aktivitetet e sektorit civil. Broshur\u00eb \"Kapitulli 23: Gjyq\u00ebsori dhe t\u00eb drejtat themelore - P\u00ebrse [...]","protected":false},"author":4,"featured_media":12340,"comment_status":"closed","ping_status":"closed","sticky":false,"template":"","format":"standard","meta":{"_acf_changed":false,"footnotes":""},"categories":[119,156],"tags":[349],"class_list":["post-12338","post","type-post","status-publish","format-standard","has-post-thumbnail","hentry","category-119","category-test","tag-2015-2"],"acf":[],"yoast_head":"<!-- This site is optimized with the Yoast SEO plugin v24.4 - https:\/\/yoast.com\/wordpress\/plugins\/seo\/ -->\n<title>Broshur\u00eb: &quot;Kapitulli 23: Gjyq\u00ebsori dhe t\u00eb drejtat themelore - P\u00ebrse \u00ebsht\u00eb \u00e7el\u00ebs i aderimit drejt BE-s\u00eb?&quot; - EPI<\/title>\n<meta name=\"robots\" content=\"index, follow, max-snippet:-1, max-image-preview:large, max-video-preview:-1\" \/>\n<link rel=\"canonical\" href=\"https:\/\/epi.org.mk\/sq\/post\/10906\/\" \/>\n<meta property=\"og:locale\" content=\"mk_MK\" \/>\n<meta property=\"og:type\" content=\"article\" \/>\n<meta property=\"og:title\" content=\"Broshur\u00eb: &quot;Kapitulli 23: Gjyq\u00ebsori dhe t\u00eb drejtat themelore - P\u00ebrse \u00ebsht\u00eb \u00e7el\u00ebs i aderimit drejt BE-s\u00eb?&quot; - EPI\" \/>\n<meta property=\"og:url\" content=\"https:\/\/epi.org.mk\/sq\/post\/10906\/\" \/>\n<meta property=\"og:site_name\" content=\"EPI\" \/>\n<meta property=\"article:publisher\" content=\"https:\/\/www.facebook.com\/EPI.Skopje\/\" \/>\n<meta property=\"article:published_time\" content=\"2015-07-31T12:49:49+00:00\" \/>\n<meta property=\"article:modified_time\" content=\"2019-03-18T14:23:59+00:00\" \/>\n<meta property=\"og:image\" content=\"https:\/\/epi.org.mk\/wp-content\/uploads\/2015\/07\/brosura.jpg\" \/>\n\t<meta property=\"og:image:width\" content=\"621\" \/>\n\t<meta property=\"og:image:height\" content=\"885\" \/>\n\t<meta property=\"og:image:type\" content=\"image\/jpeg\" \/>\n<meta name=\"author\" content=\"\u041d\u0430\u0443\u043c \u041b\u043e\u043a\u043e\u0441\u043a\u0438\" \/>\n<meta name=\"twitter:card\" content=\"summary_large_image\" \/>\n<meta name=\"twitter:creator\" content=\"@epi_skopje\" \/>\n<meta name=\"twitter:site\" content=\"@epi_skopje\" \/>\n<meta name=\"twitter:label1\" content=\"Written by\" \/>\n\t<meta name=\"twitter:data1\" content=\"\u041d\u0430\u0443\u043c \u041b\u043e\u043a\u043e\u0441\u043a\u0438\" \/>\n\t<meta name=\"twitter:label2\" content=\"Est. reading time\" \/>\n\t<meta name=\"twitter:data2\" content=\"1 minute\" \/>\n<script type=\"application\/ld+json\" class=\"yoast-schema-graph\">{\"@context\":\"https:\/\/schema.org\",\"@graph\":[{\"@type\":\"Article\",\"@id\":\"https:\/\/epi.org.mk\/post\/10906#article\",\"isPartOf\":{\"@id\":\"https:\/\/epi.org.mk\/post\/10906\"},\"author\":{\"name\":\"\u041d\u0430\u0443\u043c \u041b\u043e\u043a\u043e\u0441\u043a\u0438\",\"@id\":\"https:\/\/epi.org.mk\/#\/schema\/person\/d3bccda7c7052a8ff666427b79e54a83\"},\"headline\":\"Broshur\u00eb: &#8220;Kapitulli 23: Gjyq\u00ebsori dhe t\u00eb drejtat themelore &#8211; P\u00ebrse \u00ebsht\u00eb \u00e7el\u00ebs i aderimit drejt BE-s\u00eb?&#8221;\",\"datePublished\":\"2015-07-31T12:49:49+00:00\",\"dateModified\":\"2019-03-18T14:23:59+00:00\",\"mainEntityOfPage\":{\"@id\":\"https:\/\/epi.org.mk\/post\/10906\"},\"wordCount\":133,\"publisher\":{\"@id\":\"https:\/\/epi.org.mk\/#organization\"},\"image\":{\"@id\":\"https:\/\/epi.org.mk\/post\/10906#primaryimage\"},\"thumbnailUrl\":\"https:\/\/epi.org.mk\/wp-content\/uploads\/2015\/07\/brosura.jpg\",\"keywords\":[\"2015\"],\"articleSection\":[\"\u041a\u0440\u0430\u0442\u043a\u0438 \u0434\u043e\u043a\u0443\u043c\u0435\u043d\u0442\u0438 \u0437\u0430 \u043f\u043e\u043b\u0438\u0442\u0438\u043a\u0430\",\"\u0418\u0437\u0434\u0430\u043d\u0438\u0458\u0430\"],\"inLanguage\":\"mk-MK\"},{\"@type\":\"WebPage\",\"@id\":\"https:\/\/epi.org.mk\/post\/10906\",\"url\":\"https:\/\/epi.org.mk\/post\/10906\",\"name\":\"Broshur\u00eb: \\\"Kapitulli 23: Gjyq\u00ebsori dhe t\u00eb drejtat themelore - P\u00ebrse \u00ebsht\u00eb \u00e7el\u00ebs i aderimit drejt BE-s\u00eb?\\\" - EPI\",\"isPartOf\":{\"@id\":\"https:\/\/epi.org.mk\/#website\"},\"primaryImageOfPage\":{\"@id\":\"https:\/\/epi.org.mk\/post\/10906#primaryimage\"},\"image\":{\"@id\":\"https:\/\/epi.org.mk\/post\/10906#primaryimage\"},\"thumbnailUrl\":\"https:\/\/epi.org.mk\/wp-content\/uploads\/2015\/07\/brosura.jpg\",\"datePublished\":\"2015-07-31T12:49:49+00:00\",\"dateModified\":\"2019-03-18T14:23:59+00:00\",\"breadcrumb\":{\"@id\":\"https:\/\/epi.org.mk\/post\/10906#breadcrumb\"},\"inLanguage\":\"mk-MK\",\"potentialAction\":[{\"@type\":\"ReadAction\",\"target\":[\"https:\/\/epi.org.mk\/post\/10906\"]}]},{\"@type\":\"ImageObject\",\"inLanguage\":\"mk-MK\",\"@id\":\"https:\/\/epi.org.mk\/post\/10906#primaryimage\",\"url\":\"https:\/\/epi.org.mk\/wp-content\/uploads\/2015\/07\/brosura.jpg\",\"contentUrl\":\"https:\/\/epi.org.mk\/wp-content\/uploads\/2015\/07\/brosura.jpg\",\"width\":621,\"height\":885},{\"@type\":\"BreadcrumbList\",\"@id\":\"https:\/\/epi.org.mk\/post\/10906#breadcrumb\",\"itemListElement\":[{\"@type\":\"ListItem\",\"position\":1,\"name\":\"Home\",\"item\":\"https:\/\/epi.org.mk\/\"},{\"@type\":\"ListItem\",\"position\":2,\"name\":\"Broshur\u00eb: &#8220;Kapitulli 23: Gjyq\u00ebsori dhe t\u00eb drejtat themelore &#8211; P\u00ebrse \u00ebsht\u00eb \u00e7el\u00ebs i aderimit drejt BE-s\u00eb?&#8221;\"}]},{\"@type\":\"WebSite\",\"@id\":\"https:\/\/epi.org.mk\/#website\",\"url\":\"https:\/\/epi.org.mk\/\",\"name\":\"EPI\",\"description\":\"\u0418\u043d\u0441\u0442\u0438\u0442\u0443\u0442 \u0437\u0430 \u0435\u0432\u0440\u043e\u043f\u0441\u043a\u0430 \u043f\u043e\u043b\u0438\u0442\u0438\u043a\u0430\",\"publisher\":{\"@id\":\"https:\/\/epi.org.mk\/#organization\"},\"potentialAction\":[{\"@type\":\"SearchAction\",\"target\":{\"@type\":\"EntryPoint\",\"urlTemplate\":\"https:\/\/epi.org.mk\/?s={search_term_string}\"},\"query-input\":{\"@type\":\"PropertyValueSpecification\",\"valueRequired\":true,\"valueName\":\"search_term_string\"}}],\"inLanguage\":\"mk-MK\"},{\"@type\":\"Organization\",\"@id\":\"https:\/\/epi.org.mk\/#organization\",\"name\":\"European Policy Institute - Skopje\",\"alternateName\":\"EPI Skopje\",\"url\":\"https:\/\/epi.org.mk\/\",\"logo\":{\"@type\":\"ImageObject\",\"inLanguage\":\"mk-MK\",\"@id\":\"https:\/\/epi.org.mk\/#\/schema\/logo\/image\/\",\"url\":\"https:\/\/epi.org.mk\/wp-content\/uploads\/epi-logo.jpg\",\"contentUrl\":\"https:\/\/epi.org.mk\/wp-content\/uploads\/epi-logo.jpg\",\"width\":909,\"height\":909,\"caption\":\"European Policy Institute - Skopje\"},\"image\":{\"@id\":\"https:\/\/epi.org.mk\/#\/schema\/logo\/image\/\"},\"sameAs\":[\"https:\/\/www.facebook.com\/EPI.Skopje\/\",\"https:\/\/x.com\/epi_skopje\",\"https:\/\/www.instagram.com\/epi.skopje\/\",\"https:\/\/www.linkedin.com\/company\/epi-skopje\"]},{\"@type\":\"Person\",\"@id\":\"https:\/\/epi.org.mk\/#\/schema\/person\/d3bccda7c7052a8ff666427b79e54a83\",\"name\":\"\u041d\u0430\u0443\u043c \u041b\u043e\u043a\u043e\u0441\u043a\u0438\",\"image\":{\"@type\":\"ImageObject\",\"inLanguage\":\"mk-MK\",\"@id\":\"https:\/\/epi.org.mk\/#\/schema\/person\/image\/\",\"url\":\"https:\/\/secure.gravatar.com\/avatar\/f9e8b68f998732685ae37ad350a11a67233e1bf00791e498034822ca264146d6?s=96&d=mm&r=g\",\"contentUrl\":\"https:\/\/secure.gravatar.com\/avatar\/f9e8b68f998732685ae37ad350a11a67233e1bf00791e498034822ca264146d6?s=96&d=mm&r=g\",\"caption\":\"\u041d\u0430\u0443\u043c \u041b\u043e\u043a\u043e\u0441\u043a\u0438\"},\"url\":\"https:\/\/epi.org.mk\/sq\/post\/author\/naum-lokoski\"}]}<\/script>\n<!-- \/ Yoast SEO plugin. -->","yoast_head_json":{"title":"Broshur\u00eb: \"Kapitulli 23: Gjyq\u00ebsori dhe t\u00eb drejtat themelore - P\u00ebrse \u00ebsht\u00eb \u00e7el\u00ebs i aderimit drejt BE-s\u00eb?\" - EPI","robots":{"index":"index","follow":"follow","max-snippet":"max-snippet:-1","max-image-preview":"max-image-preview:large","max-video-preview":"max-video-preview:-1"},"canonical":"https:\/\/epi.org.mk\/sq\/post\/10906\/","og_locale":"mk_MK","og_type":"article","og_title":"Broshur\u00eb: \"Kapitulli 23: Gjyq\u00ebsori dhe t\u00eb drejtat themelore - P\u00ebrse \u00ebsht\u00eb \u00e7el\u00ebs i aderimit drejt BE-s\u00eb?\" - EPI","og_url":"https:\/\/epi.org.mk\/sq\/post\/10906\/","og_site_name":"EPI","article_publisher":"https:\/\/www.facebook.com\/EPI.Skopje\/","article_published_time":"2015-07-31T12:49:49+00:00","article_modified_time":"2019-03-18T14:23:59+00:00","og_image":[{"width":621,"height":885,"url":"https:\/\/epi.org.mk\/wp-content\/uploads\/2015\/07\/brosura.jpg","type":"image\/jpeg"}],"author":"\u041d\u0430\u0443\u043c \u041b\u043e\u043a\u043e\u0441\u043a\u0438","twitter_card":"summary_large_image","twitter_creator":"@epi_skopje","twitter_site":"@epi_skopje","twitter_misc":{"Written by":"\u041d\u0430\u0443\u043c \u041b\u043e\u043a\u043e\u0441\u043a\u0438","Est. reading time":"1 minute"},"schema":{"@context":"https:\/\/schema.org","@graph":[{"@type":"Article","@id":"https:\/\/epi.org.mk\/post\/10906#article","isPartOf":{"@id":"https:\/\/epi.org.mk\/post\/10906"},"author":{"name":"\u041d\u0430\u0443\u043c \u041b\u043e\u043a\u043e\u0441\u043a\u0438","@id":"https:\/\/epi.org.mk\/#\/schema\/person\/d3bccda7c7052a8ff666427b79e54a83"},"headline":"Broshur\u00eb: &#8220;Kapitulli 23: Gjyq\u00ebsori dhe t\u00eb drejtat themelore &#8211; P\u00ebrse \u00ebsht\u00eb \u00e7el\u00ebs i aderimit drejt BE-s\u00eb?&#8221;","datePublished":"2015-07-31T12:49:49+00:00","dateModified":"2019-03-18T14:23:59+00:00","mainEntityOfPage":{"@id":"https:\/\/epi.org.mk\/post\/10906"},"wordCount":133,"publisher":{"@id":"https:\/\/epi.org.mk\/#organization"},"image":{"@id":"https:\/\/epi.org.mk\/post\/10906#primaryimage"},"thumbnailUrl":"https:\/\/epi.org.mk\/wp-content\/uploads\/2015\/07\/brosura.jpg","keywords":["2015"],"articleSection":["\u041a\u0440\u0430\u0442\u043a\u0438 \u0434\u043e\u043a\u0443\u043c\u0435\u043d\u0442\u0438 \u0437\u0430 \u043f\u043e\u043b\u0438\u0442\u0438\u043a\u0430","\u0418\u0437\u0434\u0430\u043d\u0438\u0458\u0430"],"inLanguage":"mk-MK"},{"@type":"WebPage","@id":"https:\/\/epi.org.mk\/post\/10906","url":"https:\/\/epi.org.mk\/post\/10906","name":"Broshur\u00eb: \"Kapitulli 23: Gjyq\u00ebsori dhe t\u00eb drejtat themelore - P\u00ebrse \u00ebsht\u00eb \u00e7el\u00ebs i aderimit drejt BE-s\u00eb?\" - EPI","isPartOf":{"@id":"https:\/\/epi.org.mk\/#website"},"primaryImageOfPage":{"@id":"https:\/\/epi.org.mk\/post\/10906#primaryimage"},"image":{"@id":"https:\/\/epi.org.mk\/post\/10906#primaryimage"},"thumbnailUrl":"https:\/\/epi.org.mk\/wp-content\/uploads\/2015\/07\/brosura.jpg","datePublished":"2015-07-31T12:49:49+00:00","dateModified":"2019-03-18T14:23:59+00:00","breadcrumb":{"@id":"https:\/\/epi.org.mk\/post\/10906#breadcrumb"},"inLanguage":"mk-MK","potentialAction":[{"@type":"ReadAction","target":["https:\/\/epi.org.mk\/post\/10906"]}]},{"@type":"ImageObject","inLanguage":"mk-MK","@id":"https:\/\/epi.org.mk\/post\/10906#primaryimage","url":"https:\/\/epi.org.mk\/wp-content\/uploads\/2015\/07\/brosura.jpg","contentUrl":"https:\/\/epi.org.mk\/wp-content\/uploads\/2015\/07\/brosura.jpg","width":621,"height":885},{"@type":"BreadcrumbList","@id":"https:\/\/epi.org.mk\/post\/10906#breadcrumb","itemListElement":[{"@type":"ListItem","position":1,"name":"Home","item":"https:\/\/epi.org.mk\/"},{"@type":"ListItem","position":2,"name":"Broshur\u00eb: &#8220;Kapitulli 23: Gjyq\u00ebsori dhe t\u00eb drejtat themelore &#8211; P\u00ebrse \u00ebsht\u00eb \u00e7el\u00ebs i aderimit drejt BE-s\u00eb?&#8221;"}]},{"@type":"WebSite","@id":"https:\/\/epi.org.mk\/#website","url":"https:\/\/epi.org.mk\/","name":"EPI","description":"\u0418\u043d\u0441\u0442\u0438\u0442\u0443\u0442 \u0437\u0430 \u0435\u0432\u0440\u043e\u043f\u0441\u043a\u0430 \u043f\u043e\u043b\u0438\u0442\u0438\u043a\u0430","publisher":{"@id":"https:\/\/epi.org.mk\/#organization"},"potentialAction":[{"@type":"SearchAction","target":{"@type":"EntryPoint","urlTemplate":"https:\/\/epi.org.mk\/?s={search_term_string}"},"query-input":{"@type":"PropertyValueSpecification","valueRequired":true,"valueName":"search_term_string"}}],"inLanguage":"mk-MK"},{"@type":"Organization","@id":"https:\/\/epi.org.mk\/#organization","name":"European Policy Institute - Skopje","alternateName":"EPI Skopje","url":"https:\/\/epi.org.mk\/","logo":{"@type":"ImageObject","inLanguage":"mk-MK","@id":"https:\/\/epi.org.mk\/#\/schema\/logo\/image\/","url":"https:\/\/epi.org.mk\/wp-content\/uploads\/epi-logo.jpg","contentUrl":"https:\/\/epi.org.mk\/wp-content\/uploads\/epi-logo.jpg","width":909,"height":909,"caption":"European Policy Institute - Skopje"},"image":{"@id":"https:\/\/epi.org.mk\/#\/schema\/logo\/image\/"},"sameAs":["https:\/\/www.facebook.com\/EPI.Skopje\/","https:\/\/x.com\/epi_skopje","https:\/\/www.instagram.com\/epi.skopje\/","https:\/\/www.linkedin.com\/company\/epi-skopje"]},{"@type":"Person","@id":"https:\/\/epi.org.mk\/#\/schema\/person\/d3bccda7c7052a8ff666427b79e54a83","name":"\u041d\u0430\u0443\u043c \u041b\u043e\u043a\u043e\u0441\u043a\u0438","image":{"@type":"ImageObject","inLanguage":"mk-MK","@id":"https:\/\/epi.org.mk\/#\/schema\/person\/image\/","url":"https:\/\/secure.gravatar.com\/avatar\/f9e8b68f998732685ae37ad350a11a67233e1bf00791e498034822ca264146d6?s=96&d=mm&r=g","contentUrl":"https:\/\/secure.gravatar.com\/avatar\/f9e8b68f998732685ae37ad350a11a67233e1bf00791e498034822ca264146d6?s=96&d=mm&r=g","caption":"\u041d\u0430\u0443\u043c \u041b\u043e\u043a\u043e\u0441\u043a\u0438"},"url":"https:\/\/epi.org.mk\/sq\/post\/author\/naum-lokoski"}]}},"_links":{"self":[{"href":"https:\/\/epi.org.mk\/sq\/wp-json\/wp\/v2\/posts\/12338","targetHints":{"allow":["GET"]}}],"collection":[{"href":"https:\/\/epi.org.mk\/sq\/wp-json\/wp\/v2\/posts"}],"about":[{"href":"https:\/\/epi.org.mk\/sq\/wp-json\/wp\/v2\/types\/post"}],"author":[{"embeddable":true,"href":"https:\/\/epi.org.mk\/sq\/wp-json\/wp\/v2\/users\/4"}],"replies":[{"embeddable":true,"href":"https:\/\/epi.org.mk\/sq\/wp-json\/wp\/v2\/comments?post=12338"}],"version-history":[{"count":0,"href":"https:\/\/epi.org.mk\/sq\/wp-json\/wp\/v2\/posts\/12338\/revisions"}],"wp:featuredmedia":[{"embeddable":true,"href":"https:\/\/epi.org.mk\/sq\/wp-json\/wp\/v2\/media\/12340"}],"wp:attachment":[{"href":"https:\/\/epi.org.mk\/sq\/wp-json\/wp\/v2\/media?parent=12338"}],"wp:term":[{"taxonomy":"category","embeddable":true,"href":"https:\/\/epi.org.mk\/sq\/wp-json\/wp\/v2\/categories?post=12338"},{"taxonomy":"post_tag","embeddable":true,"href":"https:\/\/epi.org.mk\/sq\/wp-json\/wp\/v2\/tags?post=12338"}],"curies":[{"name":"wp","href":"https:\/\/api.w.org\/{rel}","templated":true}]}}