{"id":10209,"date":"2018-12-19T17:31:03","date_gmt":"2018-12-19T17:31:03","guid":{"rendered":"https:\/\/test.epi.org.mk\/?p=10209"},"modified":"2019-03-25T09:09:02","modified_gmt":"2019-03-25T09:09:02","slug":"reagimi-i-rrjetit-23-per-propozim-modelin-per-inkuadrimin-e-organizatave-qytetare-ne-negociatat-me-be-ne","status":"publish","type":"post","link":"https:\/\/epi.org.mk\/sq\/post\/10209?lang=sq","title":{"rendered":"Reagimi i Rrjetit 23 p\u00ebr propozim \u2013 modelin p\u00ebr inkuadrimin e organizatave qytetare n\u00eb negociatat me BE-n\u00eb"},"content":{"rendered":"<p>Rrjeti 23 d\u00ebrgoi komente p\u00ebr\u00a0<a href=\"https:\/\/nvosorabotka.gov.mk\/?q=node\/147\">propozim\u2013modelin<\/a>\u00a0p\u00ebr inkuadrimin e organizatave qytetare n\u00eb negociatat p\u00ebr an\u00ebtar\u00ebsim n\u00eb BE.<\/p>\n<p>Modeli i tanish\u00ebm p\u00ebr pjes\u00ebmarrjen e organizatave qytetare n\u00eb negociatat p\u00ebr an\u00ebtarsim n\u00eb BE propozohet pa e marr\u00eb parasysh konceptin e struktur\u00ebs institucionale t\u00eb negociatave, si dhe procedur\u00ebn e t\u00ebr\u00ebsishme nacionale p\u00ebr negociatat. Qasja e till\u00eb pamund\u00ebson t\u00eb shikohet dhe t\u00eb form\u00ebsohet roli i sektorit qytetar n\u00eb gjith\u00eb procesin, nga shkaku se egziston rrezik i madh i injorimit t\u00eb shum\u00eb aspekteve t\u00eb negociatave.<\/p>\n<p>Komentet mund t\u2019i shikoni n\u00eb linkun: \u00a0<a href=\"http:\/\/www.merc.org.mk\/Files\/Write\/00001\/Files\/Network23\/javni-mislenja\/EPI_Mreza23-komentari-na-predlog-model-za-vklucuvanje-na-GO.pdf\" target=\"_blank\" rel=\"noopener\">\u041a\u043e\u043c\u0435\u043d\u0442\u0430\u0440\u0438 \u043d\u0430 \u041c\u0440\u0435\u0436\u0430\u0442\u0430 23 \u043d\u0430 \u043f\u0440\u0435\u0434\u043b\u043e\u0433-\u043c\u043e\u0434\u0435\u043b\u043e\u0442 \u0437\u0430 \u0432\u043a\u043b\u0443\u0447\u0443\u0432\u0430\u045a\u0435 \u043d\u0430 \u0413\u041e \u0432\u043e \u043f\u0440\u0435\u0433\u043e\u0432\u043e\u0440\u0438\u0442\u0435 \u0441\u043e \u0415\u0423.<\/a><\/p>\n<p>P\u00ebr m\u00eb shum\u00eb, EPI si pjes\u00eb e rrjetit \u201cMendo p\u00ebr Evrop\u00ebn\u201d (Think for Europe Network) punoi n\u00eb dokumentin p\u00ebr\u00a0<a href=\"http:\/\/cep.org.rs\/images\/background_paper_coordination_requirements_in_eu_accession.pdf\">Nevojat p\u00ebr koordinim dhe korniz\u00eb ligjore p\u00ebr procesin e negociatave dhe aderimit n\u00eb BE\u00a0<\/a>(ANG). Mendojm\u00eb se ky dokument mund t\u00eb jap\u00eb kontribut n\u00eb krijimin e modelit p\u00ebr inkuadrimin e organizatave qytetare n\u00eb negociatat, sepse n\u00eb t\u00eb \u00ebsht\u00eb analizuar n\u00eb ve\u00e7anti korniza p\u00ebr inkuadrimin e organizatave qytetare, si dhe \u00ebsht\u00eb dh\u00ebn\u00eb shqyrtim i rastit t\u00eb inkuadrimit t\u00eb organizatave qytetare n\u00eb Mal t\u00eb Zi.<\/p>","protected":false},"excerpt":{"rendered":"<p>Rrjeti 23 d\u00ebrgoi komente p\u00ebr\u00a0propozim\u2013modelin\u00a0p\u00ebr inkuadrimin e organizatave qytetare n\u00eb negociatat p\u00ebr an\u00ebtar\u00ebsim n\u00eb BE. Modeli i tanish\u00ebm p\u00ebr pjes\u00ebmarrjen e organizatave qytetare n\u00eb negociatat p\u00ebr an\u00ebtarsim n\u00eb BE propozohet pa e marr\u00eb parasysh konceptin e struktur\u00ebs institucionale t\u00eb negociatave, si dhe procedur\u00ebn e t\u00ebr\u00ebsishme nacionale p\u00ebr negociatat. Qasja e till\u00eb pamund\u00ebson t\u00eb shikohet dhe [&hellip;]<\/p>","protected":false},"author":1,"featured_media":12648,"comment_status":"closed","ping_status":"closed","sticky":false,"template":"","format":"standard","meta":{"_acf_changed":false,"footnotes":""},"categories":[106],"tags":[331],"class_list":["post-10209","post","type-post","status-publish","format-standard","has-post-thumbnail","hentry","category-106","tag-2018-2"],"acf":[],"yoast_head":"<!-- This site is optimized with the Yoast SEO plugin v24.4 - https:\/\/yoast.com\/wordpress\/plugins\/seo\/ -->\n<title>Reagimi i Rrjetit 23 p\u00ebr propozim \u2013 modelin p\u00ebr inkuadrimin e organizatave qytetare n\u00eb negociatat me BE-n\u00eb - EPI<\/title>\n<meta name=\"robots\" content=\"index, follow, max-snippet:-1, max-image-preview:large, max-video-preview:-1\" \/>\n<link rel=\"canonical\" href=\"https:\/\/epi.org.mk\/sq\/post\/10205\/\" \/>\n<meta property=\"og:locale\" content=\"mk_MK\" \/>\n<meta property=\"og:type\" content=\"article\" \/>\n<meta property=\"og:title\" content=\"Reagimi i Rrjetit 23 p\u00ebr propozim \u2013 modelin p\u00ebr inkuadrimin e organizatave qytetare n\u00eb negociatat me BE-n\u00eb - EPI\" \/>\n<meta property=\"og:description\" content=\"Rrjeti 23 d\u00ebrgoi komente p\u00ebr\u00a0propozim\u2013modelin\u00a0p\u00ebr inkuadrimin e organizatave qytetare n\u00eb negociatat p\u00ebr an\u00ebtar\u00ebsim n\u00eb BE. Modeli i tanish\u00ebm p\u00ebr pjes\u00ebmarrjen e organizatave qytetare n\u00eb negociatat p\u00ebr an\u00ebtarsim n\u00eb BE propozohet pa e marr\u00eb parasysh konceptin e struktur\u00ebs institucionale t\u00eb negociatave, si dhe procedur\u00ebn e t\u00ebr\u00ebsishme nacionale p\u00ebr negociatat. Qasja e till\u00eb pamund\u00ebson t\u00eb shikohet dhe [&hellip;]\" \/>\n<meta property=\"og:url\" content=\"https:\/\/epi.org.mk\/sq\/post\/10205\/\" \/>\n<meta property=\"og:site_name\" content=\"EPI\" \/>\n<meta property=\"article:publisher\" content=\"https:\/\/www.facebook.com\/EPI.Skopje\/\" \/>\n<meta property=\"article:published_time\" content=\"2018-12-19T17:31:03+00:00\" \/>\n<meta property=\"article:modified_time\" content=\"2019-03-25T09:09:02+00:00\" \/>\n<meta property=\"og:image\" content=\"https:\/\/epi.org.mk\/wp-content\/uploads\/2018\/12\/mreza23.jpg\" \/>\n\t<meta property=\"og:image:width\" content=\"1140\" \/>\n\t<meta property=\"og:image:height\" content=\"540\" \/>\n\t<meta property=\"og:image:type\" content=\"image\/jpeg\" \/>\n<meta name=\"author\" content=\"epiadmin\" \/>\n<meta name=\"twitter:card\" content=\"summary_large_image\" \/>\n<meta name=\"twitter:creator\" content=\"@epi_skopje\" \/>\n<meta name=\"twitter:site\" content=\"@epi_skopje\" \/>\n<meta name=\"twitter:label1\" content=\"Written by\" \/>\n\t<meta name=\"twitter:data1\" content=\"epiadmin\" \/>\n\t<meta name=\"twitter:label2\" content=\"Est. reading time\" \/>\n\t<meta name=\"twitter:data2\" content=\"1 minute\" \/>\n<script type=\"application\/ld+json\" class=\"yoast-schema-graph\">{\"@context\":\"https:\/\/schema.org\",\"@graph\":[{\"@type\":\"Article\",\"@id\":\"https:\/\/epi.org.mk\/post\/10205#article\",\"isPartOf\":{\"@id\":\"https:\/\/epi.org.mk\/post\/10205\"},\"author\":{\"name\":\"epiadmin\",\"@id\":\"https:\/\/epi.org.mk\/#\/schema\/person\/43b3da0531e062aae50b26e7d0c8ab94\"},\"headline\":\"Reagimi i Rrjetit 23 p\u00ebr propozim \u2013 modelin p\u00ebr inkuadrimin e organizatave qytetare n\u00eb negociatat me BE-n\u00eb\",\"datePublished\":\"2018-12-19T17:31:03+00:00\",\"dateModified\":\"2019-03-25T09:09:02+00:00\",\"mainEntityOfPage\":{\"@id\":\"https:\/\/epi.org.mk\/post\/10205\"},\"wordCount\":227,\"publisher\":{\"@id\":\"https:\/\/epi.org.mk\/#organization\"},\"image\":{\"@id\":\"https:\/\/epi.org.mk\/post\/10205#primaryimage\"},\"thumbnailUrl\":\"https:\/\/epi.org.mk\/wp-content\/uploads\/2018\/12\/mreza23.jpg\",\"keywords\":[\"2018\"],\"articleSection\":[\"\u041d\u043e\u0432\u043e\u0441\u0442\u0438\"],\"inLanguage\":\"mk-MK\"},{\"@type\":\"WebPage\",\"@id\":\"https:\/\/epi.org.mk\/post\/10205\",\"url\":\"https:\/\/epi.org.mk\/post\/10205\",\"name\":\"Reagimi i Rrjetit 23 p\u00ebr propozim \u2013 modelin p\u00ebr inkuadrimin e organizatave qytetare n\u00eb negociatat me BE-n\u00eb - EPI\",\"isPartOf\":{\"@id\":\"https:\/\/epi.org.mk\/#website\"},\"primaryImageOfPage\":{\"@id\":\"https:\/\/epi.org.mk\/post\/10205#primaryimage\"},\"image\":{\"@id\":\"https:\/\/epi.org.mk\/post\/10205#primaryimage\"},\"thumbnailUrl\":\"https:\/\/epi.org.mk\/wp-content\/uploads\/2018\/12\/mreza23.jpg\",\"datePublished\":\"2018-12-19T17:31:03+00:00\",\"dateModified\":\"2019-03-25T09:09:02+00:00\",\"breadcrumb\":{\"@id\":\"https:\/\/epi.org.mk\/post\/10205#breadcrumb\"},\"inLanguage\":\"mk-MK\",\"potentialAction\":[{\"@type\":\"ReadAction\",\"target\":[\"https:\/\/epi.org.mk\/post\/10205\"]}]},{\"@type\":\"ImageObject\",\"inLanguage\":\"mk-MK\",\"@id\":\"https:\/\/epi.org.mk\/post\/10205#primaryimage\",\"url\":\"https:\/\/epi.org.mk\/wp-content\/uploads\/2018\/12\/mreza23.jpg\",\"contentUrl\":\"https:\/\/epi.org.mk\/wp-content\/uploads\/2018\/12\/mreza23.jpg\",\"width\":1140,\"height\":540},{\"@type\":\"BreadcrumbList\",\"@id\":\"https:\/\/epi.org.mk\/post\/10205#breadcrumb\",\"itemListElement\":[{\"@type\":\"ListItem\",\"position\":1,\"name\":\"Home\",\"item\":\"https:\/\/epi.org.mk\/\"},{\"@type\":\"ListItem\",\"position\":2,\"name\":\"Reagimi i Rrjetit 23 p\u00ebr propozim \u2013 modelin p\u00ebr inkuadrimin e organizatave qytetare n\u00eb negociatat me BE-n\u00eb\"}]},{\"@type\":\"WebSite\",\"@id\":\"https:\/\/epi.org.mk\/#website\",\"url\":\"https:\/\/epi.org.mk\/\",\"name\":\"EPI\",\"description\":\"\u0418\u043d\u0441\u0442\u0438\u0442\u0443\u0442 \u0437\u0430 \u0435\u0432\u0440\u043e\u043f\u0441\u043a\u0430 \u043f\u043e\u043b\u0438\u0442\u0438\u043a\u0430\",\"publisher\":{\"@id\":\"https:\/\/epi.org.mk\/#organization\"},\"potentialAction\":[{\"@type\":\"SearchAction\",\"target\":{\"@type\":\"EntryPoint\",\"urlTemplate\":\"https:\/\/epi.org.mk\/?s={search_term_string}\"},\"query-input\":{\"@type\":\"PropertyValueSpecification\",\"valueRequired\":true,\"valueName\":\"search_term_string\"}}],\"inLanguage\":\"mk-MK\"},{\"@type\":\"Organization\",\"@id\":\"https:\/\/epi.org.mk\/#organization\",\"name\":\"European Policy Institute - Skopje\",\"alternateName\":\"EPI Skopje\",\"url\":\"https:\/\/epi.org.mk\/\",\"logo\":{\"@type\":\"ImageObject\",\"inLanguage\":\"mk-MK\",\"@id\":\"https:\/\/epi.org.mk\/#\/schema\/logo\/image\/\",\"url\":\"https:\/\/epi.org.mk\/wp-content\/uploads\/epi-logo.jpg\",\"contentUrl\":\"https:\/\/epi.org.mk\/wp-content\/uploads\/epi-logo.jpg\",\"width\":909,\"height\":909,\"caption\":\"European Policy Institute - Skopje\"},\"image\":{\"@id\":\"https:\/\/epi.org.mk\/#\/schema\/logo\/image\/\"},\"sameAs\":[\"https:\/\/www.facebook.com\/EPI.Skopje\/\",\"https:\/\/x.com\/epi_skopje\",\"https:\/\/www.instagram.com\/epi.skopje\/\",\"https:\/\/www.linkedin.com\/company\/epi-skopje\"]},{\"@type\":\"Person\",\"@id\":\"https:\/\/epi.org.mk\/#\/schema\/person\/43b3da0531e062aae50b26e7d0c8ab94\",\"name\":\"epiadmin\",\"image\":{\"@type\":\"ImageObject\",\"inLanguage\":\"mk-MK\",\"@id\":\"https:\/\/epi.org.mk\/#\/schema\/person\/image\/\",\"url\":\"https:\/\/secure.gravatar.com\/avatar\/b2eac948da9f4d92d87cb5f38df0ae7816d0197d69078f44687f2f91fc97296d?s=96&d=mm&r=g\",\"contentUrl\":\"https:\/\/secure.gravatar.com\/avatar\/b2eac948da9f4d92d87cb5f38df0ae7816d0197d69078f44687f2f91fc97296d?s=96&d=mm&r=g\",\"caption\":\"epiadmin\"},\"url\":\"https:\/\/epi.org.mk\/sq\/post\/author\/epiadmin\"}]}<\/script>\n<!-- \/ Yoast SEO plugin. -->","yoast_head_json":{"title":"Reagimi i Rrjetit 23 p\u00ebr propozim \u2013 modelin p\u00ebr inkuadrimin e organizatave qytetare n\u00eb negociatat me BE-n\u00eb - EPI","robots":{"index":"index","follow":"follow","max-snippet":"max-snippet:-1","max-image-preview":"max-image-preview:large","max-video-preview":"max-video-preview:-1"},"canonical":"https:\/\/epi.org.mk\/sq\/post\/10205\/","og_locale":"mk_MK","og_type":"article","og_title":"Reagimi i Rrjetit 23 p\u00ebr propozim \u2013 modelin p\u00ebr inkuadrimin e organizatave qytetare n\u00eb negociatat me BE-n\u00eb - EPI","og_description":"Rrjeti 23 d\u00ebrgoi komente p\u00ebr\u00a0propozim\u2013modelin\u00a0p\u00ebr inkuadrimin e organizatave qytetare n\u00eb negociatat p\u00ebr an\u00ebtar\u00ebsim n\u00eb BE. Modeli i tanish\u00ebm p\u00ebr pjes\u00ebmarrjen e organizatave qytetare n\u00eb negociatat p\u00ebr an\u00ebtarsim n\u00eb BE propozohet pa e marr\u00eb parasysh konceptin e struktur\u00ebs institucionale t\u00eb negociatave, si dhe procedur\u00ebn e t\u00ebr\u00ebsishme nacionale p\u00ebr negociatat. Qasja e till\u00eb pamund\u00ebson t\u00eb shikohet dhe [&hellip;]","og_url":"https:\/\/epi.org.mk\/sq\/post\/10205\/","og_site_name":"EPI","article_publisher":"https:\/\/www.facebook.com\/EPI.Skopje\/","article_published_time":"2018-12-19T17:31:03+00:00","article_modified_time":"2019-03-25T09:09:02+00:00","og_image":[{"width":1140,"height":540,"url":"https:\/\/epi.org.mk\/wp-content\/uploads\/2018\/12\/mreza23.jpg","type":"image\/jpeg"}],"author":"epiadmin","twitter_card":"summary_large_image","twitter_creator":"@epi_skopje","twitter_site":"@epi_skopje","twitter_misc":{"Written by":"epiadmin","Est. reading time":"1 minute"},"schema":{"@context":"https:\/\/schema.org","@graph":[{"@type":"Article","@id":"https:\/\/epi.org.mk\/post\/10205#article","isPartOf":{"@id":"https:\/\/epi.org.mk\/post\/10205"},"author":{"name":"epiadmin","@id":"https:\/\/epi.org.mk\/#\/schema\/person\/43b3da0531e062aae50b26e7d0c8ab94"},"headline":"Reagimi i Rrjetit 23 p\u00ebr propozim \u2013 modelin p\u00ebr inkuadrimin e organizatave qytetare n\u00eb negociatat me BE-n\u00eb","datePublished":"2018-12-19T17:31:03+00:00","dateModified":"2019-03-25T09:09:02+00:00","mainEntityOfPage":{"@id":"https:\/\/epi.org.mk\/post\/10205"},"wordCount":227,"publisher":{"@id":"https:\/\/epi.org.mk\/#organization"},"image":{"@id":"https:\/\/epi.org.mk\/post\/10205#primaryimage"},"thumbnailUrl":"https:\/\/epi.org.mk\/wp-content\/uploads\/2018\/12\/mreza23.jpg","keywords":["2018"],"articleSection":["\u041d\u043e\u0432\u043e\u0441\u0442\u0438"],"inLanguage":"mk-MK"},{"@type":"WebPage","@id":"https:\/\/epi.org.mk\/post\/10205","url":"https:\/\/epi.org.mk\/post\/10205","name":"Reagimi i Rrjetit 23 p\u00ebr propozim \u2013 modelin p\u00ebr inkuadrimin e organizatave qytetare n\u00eb negociatat me BE-n\u00eb - EPI","isPartOf":{"@id":"https:\/\/epi.org.mk\/#website"},"primaryImageOfPage":{"@id":"https:\/\/epi.org.mk\/post\/10205#primaryimage"},"image":{"@id":"https:\/\/epi.org.mk\/post\/10205#primaryimage"},"thumbnailUrl":"https:\/\/epi.org.mk\/wp-content\/uploads\/2018\/12\/mreza23.jpg","datePublished":"2018-12-19T17:31:03+00:00","dateModified":"2019-03-25T09:09:02+00:00","breadcrumb":{"@id":"https:\/\/epi.org.mk\/post\/10205#breadcrumb"},"inLanguage":"mk-MK","potentialAction":[{"@type":"ReadAction","target":["https:\/\/epi.org.mk\/post\/10205"]}]},{"@type":"ImageObject","inLanguage":"mk-MK","@id":"https:\/\/epi.org.mk\/post\/10205#primaryimage","url":"https:\/\/epi.org.mk\/wp-content\/uploads\/2018\/12\/mreza23.jpg","contentUrl":"https:\/\/epi.org.mk\/wp-content\/uploads\/2018\/12\/mreza23.jpg","width":1140,"height":540},{"@type":"BreadcrumbList","@id":"https:\/\/epi.org.mk\/post\/10205#breadcrumb","itemListElement":[{"@type":"ListItem","position":1,"name":"Home","item":"https:\/\/epi.org.mk\/"},{"@type":"ListItem","position":2,"name":"Reagimi i Rrjetit 23 p\u00ebr propozim \u2013 modelin p\u00ebr inkuadrimin e organizatave qytetare n\u00eb negociatat me BE-n\u00eb"}]},{"@type":"WebSite","@id":"https:\/\/epi.org.mk\/#website","url":"https:\/\/epi.org.mk\/","name":"EPI","description":"\u0418\u043d\u0441\u0442\u0438\u0442\u0443\u0442 \u0437\u0430 \u0435\u0432\u0440\u043e\u043f\u0441\u043a\u0430 \u043f\u043e\u043b\u0438\u0442\u0438\u043a\u0430","publisher":{"@id":"https:\/\/epi.org.mk\/#organization"},"potentialAction":[{"@type":"SearchAction","target":{"@type":"EntryPoint","urlTemplate":"https:\/\/epi.org.mk\/?s={search_term_string}"},"query-input":{"@type":"PropertyValueSpecification","valueRequired":true,"valueName":"search_term_string"}}],"inLanguage":"mk-MK"},{"@type":"Organization","@id":"https:\/\/epi.org.mk\/#organization","name":"European Policy Institute - Skopje","alternateName":"EPI Skopje","url":"https:\/\/epi.org.mk\/","logo":{"@type":"ImageObject","inLanguage":"mk-MK","@id":"https:\/\/epi.org.mk\/#\/schema\/logo\/image\/","url":"https:\/\/epi.org.mk\/wp-content\/uploads\/epi-logo.jpg","contentUrl":"https:\/\/epi.org.mk\/wp-content\/uploads\/epi-logo.jpg","width":909,"height":909,"caption":"European Policy Institute - Skopje"},"image":{"@id":"https:\/\/epi.org.mk\/#\/schema\/logo\/image\/"},"sameAs":["https:\/\/www.facebook.com\/EPI.Skopje\/","https:\/\/x.com\/epi_skopje","https:\/\/www.instagram.com\/epi.skopje\/","https:\/\/www.linkedin.com\/company\/epi-skopje"]},{"@type":"Person","@id":"https:\/\/epi.org.mk\/#\/schema\/person\/43b3da0531e062aae50b26e7d0c8ab94","name":"epiadmin","image":{"@type":"ImageObject","inLanguage":"mk-MK","@id":"https:\/\/epi.org.mk\/#\/schema\/person\/image\/","url":"https:\/\/secure.gravatar.com\/avatar\/b2eac948da9f4d92d87cb5f38df0ae7816d0197d69078f44687f2f91fc97296d?s=96&d=mm&r=g","contentUrl":"https:\/\/secure.gravatar.com\/avatar\/b2eac948da9f4d92d87cb5f38df0ae7816d0197d69078f44687f2f91fc97296d?s=96&d=mm&r=g","caption":"epiadmin"},"url":"https:\/\/epi.org.mk\/sq\/post\/author\/epiadmin"}]}},"_links":{"self":[{"href":"https:\/\/epi.org.mk\/sq\/wp-json\/wp\/v2\/posts\/10209","targetHints":{"allow":["GET"]}}],"collection":[{"href":"https:\/\/epi.org.mk\/sq\/wp-json\/wp\/v2\/posts"}],"about":[{"href":"https:\/\/epi.org.mk\/sq\/wp-json\/wp\/v2\/types\/post"}],"author":[{"embeddable":true,"href":"https:\/\/epi.org.mk\/sq\/wp-json\/wp\/v2\/users\/1"}],"replies":[{"embeddable":true,"href":"https:\/\/epi.org.mk\/sq\/wp-json\/wp\/v2\/comments?post=10209"}],"version-history":[{"count":0,"href":"https:\/\/epi.org.mk\/sq\/wp-json\/wp\/v2\/posts\/10209\/revisions"}],"wp:featuredmedia":[{"embeddable":true,"href":"https:\/\/epi.org.mk\/sq\/wp-json\/wp\/v2\/media\/12648"}],"wp:attachment":[{"href":"https:\/\/epi.org.mk\/sq\/wp-json\/wp\/v2\/media?parent=10209"}],"wp:term":[{"taxonomy":"category","embeddable":true,"href":"https:\/\/epi.org.mk\/sq\/wp-json\/wp\/v2\/categories?post=10209"},{"taxonomy":"post_tag","embeddable":true,"href":"https:\/\/epi.org.mk\/sq\/wp-json\/wp\/v2\/tags?post=10209"}],"curies":[{"name":"wp","href":"https:\/\/api.w.org\/{rel}","templated":true}]}}