{"id":10179,"date":"2018-12-07T17:13:59","date_gmt":"2018-12-07T17:13:59","guid":{"rendered":"https:\/\/test.epi.org.mk\/?p=10179"},"modified":"2019-03-25T09:11:05","modified_gmt":"2019-03-25T09:11:05","slug":"anetaresimi-i-republikes-se-maqedonise-ne-nato-kontribut-ne-stabilizim-dhe-prosperitet-ne-shtet","status":"publish","type":"post","link":"https:\/\/epi.org.mk\/sq\/post\/10179?lang=sq","title":{"rendered":"An\u00ebtar\u00ebsimi i Republik\u00ebs s\u00eb Maqedonis\u00eb n\u00eb NATO \u2013 kontribut n\u00eb stabilizim dhe prosperitet n\u00eb shtet"},"content":{"rendered":"<p>Sot, Instituti p\u00ebr politik\u00eb evropiane \u2013 Shkup (EPI) n\u00eb hotelin Holidej Inn mbajti ngjarje debative dhe prezentim t\u00eb hulumtimeve p\u00ebr aderimin e Maqedonis\u00eb n\u00eb NATO, t\u00eb titulluar \u201cN\u00eb mes fakteve dhe trillimeve \u2013 \u00e7ka do t\u00eb sjell\u00eb aderimi i Maqedonis\u00eb n\u00eb NATO?\u201d. Panelist t\u00eb ngjarjes ishin ministrja e mbrojtjes dhe z\u00ebvend\u00ebskryeministrja e Qeveris\u00eb, Znj. Radmilla Sheqerinska, Z. Mile Boshkov nga Konfederata e Biznesit n\u00eb Maqedoni, profesori inordinar d-r. Jugosllav A\u00e7kovski nga Akademia ushtarake \u201cGjeneral Mihailo Apostoloski\u201d, hulumtuesit e proektit m-r. Timurlenk \u00c7ekoviq dhe znj. Ivana Vellkovska dhe drejtoresha e EPI, d-r. Simonida Kacarska, si moderatore e ngjarjes.<\/p>\n<p>N\u00eb fjalimin hyr\u00ebs, ministrja e mborjtjes, znj.\u00a0<strong>Radmilla Sheqerinska<\/strong>\u00a0theksoi r\u00ebnd\u00ebsin\u00eb e k\u00ebtyre hulumtimeve q\u00eb vijn\u00eb nga sektori qytetar, ngase n\u00eb k\u00ebt\u00eb m\u00ebnyr\u00eb jepet pik\u00ebpamje tjet\u00ebr nga ajo e institucioneve q\u00eb p\u00ebr s\u00eb af\u00ebrmi punojn\u00eb n\u00eb procesin e integrimit n\u00eb NATO. N\u00eb fjalimin e saj, potencoi q\u00eb an\u00ebtar\u00ebsimi n\u00eb NATO dhe BE jan\u00eb aktivitete komplementare dhe se ndikimi i p\u00ebrbashk\u00ebt i k\u00ebtyre proceseve integruese do t\u00eb ndikoj\u00eb n\u00eb p\u00ebrmir\u00ebsimin e zhvillimit ekonomik dhe politik n\u00eb Republik\u00ebn e Maqedonis\u00eb.<\/p>\n<p><img fetchpriority=\"high\" decoding=\"async\" class=\"alignnone size-large wp-image-10173\" src=\"https:\/\/test.epi.org.mk\/wp-content\/uploads\/2019\/02\/DSC03543-Large-1-1024x683.jpg\" alt=\"\" width=\"1024\" height=\"683\" srcset=\"https:\/\/epi.org.mk\/wp-content\/uploads\/2019\/02\/DSC03543-Large-1-1024x683.jpg 1024w, https:\/\/epi.org.mk\/wp-content\/uploads\/2019\/02\/DSC03543-Large-1-300x200.jpg 300w, https:\/\/epi.org.mk\/wp-content\/uploads\/2019\/02\/DSC03543-Large-1-768x512.jpg 768w, https:\/\/epi.org.mk\/wp-content\/uploads\/2019\/02\/DSC03543-Large-1-1536x1024.jpg 1536w, https:\/\/epi.org.mk\/wp-content\/uploads\/2019\/02\/DSC03543-Large-1-18x12.jpg 18w, https:\/\/epi.org.mk\/wp-content\/uploads\/2019\/02\/DSC03543-Large-1.jpg 1620w\" sizes=\"(max-width: 1024px) 100vw, 1024px\" \/><\/p>\n<p>Hulumtimi i m-r.\u00a0<strong>\u00c7ekoviq<\/strong>\u00a0fokusohet n\u00eb p\u00ebrfitimet politike dhe t\u00eb siguris\u00eb nga an\u00ebtar\u00ebsimi n\u00eb NATO. P\u00ebr at\u00eb q\u00ebllim, mes efekteve t\u00eb tjera, jan\u00eb analizuar edhe p\u00ebrfitimet nga bashkimi n\u00eb aleanc\u00eb ushtarake, marr\u00ebdh\u00ebniet n\u00eb aleanc\u00eb me Rusin\u00eb, si dhe analizohet edhe ndikimi i an\u00ebtar\u00ebsimit n\u00eb NATO mbi p\u00ebrmir\u00ebsimin e indeksit global t\u00eb paqes \u2013 IGP. N\u00eb hulumtim analizohen edhe rreziqet e siguris\u00eb p\u00ebr Republik\u00ebn e Maqedonis\u00eb, nga aspekti i \u00e7\u00ebshtjes s\u00eb sigursi\u00eb t\u00eb Kosov\u00ebs dhe kriz\u00ebs me migrant\u00ebt.<\/p>\n<p>Rezulatet nga hulumtimi jan\u00eb se mbrojtja e siguris\u00eb dhe paqes jan\u00eb nji nga arsyet m\u00eb t\u00eb r\u00ebnd\u00ebsishme p\u00ebr t\u00eb cilat Maqedonia duhet t\u00eb hyj\u00eb n\u00eb aleanc\u00eb me shtete t\u00eb tjera m\u00eb t\u00eb fuqishme dhe t\u2019i marr\u00eb p\u00ebrfitimet ekonomike dhe t\u00eb siguris\u00eb, ve\u00e7an\u00ebrisht duke marr\u00eb parasysh rreziqet nga mosan\u00ebtar\u00ebsimi. P\u00ebrve\u00e7 treguesve t\u00eb tjer\u00eb, IGP si mjet i dobish\u00ebm dhe metodologjik p\u00ebr llogaritjen e rrezikut t\u00eb siguris\u00eb t\u00eb vendit, tregon qart\u00eb se 15 shtetet \u2013an\u00ebtare t\u00eb NATO jan\u00eb t\u00eb ranguara nd\u00ebr 30 shtetet m\u00eb t\u00eb mira n\u00eb bot\u00eb sipas IGP.<\/p>\n<p>N\u00eb hulumtimin p\u00ebr p\u00ebrfitimet dhe sfidat ekonomike ekonomike, m-r\u00a0<strong>Vellkovska<\/strong>\u00a0ka b\u00ebr\u00eb analiz\u00eb krahasuese t\u00eb Shqip\u00ebris\u00eb, Kroacis\u00eb, Malit t\u00eb Zi, Bullgaris\u00eb, Romanis\u00eb dhe Maqedonis\u00eb, p\u00ebr v\u00ebrtetimin e implikimeve buxhetore, efektet mbi BPV dhe investimeve t\u00eb huaja direkte (IHD), si dhe indikator\u00ebve q\u00eb i referohen sundimit t\u00eb drejt\u00eb.<\/p>\n<p>Sipas t\u00eb dh\u00ebnave nga shtetet e analizuara, v\u00ebrehet rritje mesatare e BPV p\u00ebr 90% n\u00eb periudh\u00ebn e pes\u00eb viteve pas an\u00ebtar\u00ebsimit n\u00eb NATO, krahasuar me periudh\u00ebn e pes\u00eb viteve para an\u00ebtar\u00ebsimit n\u00eb NATO dhe rritje mesatare e IHD p\u00ebr 292%. Megjithat\u00eb, nuk mund t\u00eb v\u00ebrtetohet se k\u00ebto p\u00ebrmir\u00ebsime jan\u00eb pasoj\u00eb direkte e an\u00ebtar\u00ebsimit n\u00eb NATO, nga shkaku se nj\u00ebkoh\u00ebsisht shtetet kalojn\u00eb edhe n\u00ebp\u00ebrmjet procesit integrues t\u00eb Bashkimit Evropian dhe proceseve tjera t\u00eb reformave strukturore. Egzistimi i korelacionit n\u00eb mes k\u00ebtyre ndryshimeve pozitive dhe an\u00ebtar\u00ebsimit n\u00eb NATO jan\u00eb inkurajuese p\u00ebr nji shtet an\u00ebtar potencijal si Maqedonia.<\/p>\n<p>Profesori inordinar d-r.\u00a0<strong>Jugosllav<\/strong>\u00a0<strong>A\u00e7koski<\/strong>, foli p\u00ebr implementimin e SIARS projektit, si kontribut i r\u00ebnd\u00ebsish\u00ebm p\u00ebr sektorin qytetar, q\u00eb mund\u00ebsoi transferimin e t\u00eb dh\u00ebnave mjek\u00ebsore nga luft\u00ebtar\u00ebt n\u00eb fush\u00ebn e luft\u00ebs, q\u00eb m\u00eb von\u00eb mund t\u00eb p\u00ebrdoren p\u00ebr nevoja qytetare. A\u00e7koski gjithashtu theksoi edhe kontributin e NATO p\u00ebr zhvillimin e sektorit qytetar, si dhe r\u00ebnd\u00ebsin\u00eb e an\u00ebtar\u00ebsimit n\u00eb NATO, ve\u00e7an\u00ebrisht p\u00ebr shtetet e vogla si Republika e Maqedonis\u00eb, q\u00eb nuk kan\u00eb kapacitete t\u00eb m\u00ebdha mbrojt\u00ebse.<\/p>\n<p>Z.\u00a0<strong>Mile Boshkov,\u00a0<\/strong>theksoi se agjenda e NATO, n\u00eb kuptimin e komunitetit t\u00eb biznesit, paraqet biznis agjend\u00eb. Me an\u00ebtar\u00ebsimin n\u00eb NATO do t\u00eb mund\u00ebsohet hap\u00ebsir\u00eb p\u00ebr ky\u00e7jen e komunitetit t\u00eb biznesit, q\u00eb do t\u00eb mund t\u00eb sh\u00ebrbej\u00eb k\u00ebrkes\u00ebn nga NATO. P\u00ebrs\u00ebri, ai rekomandoi se komuniteti i biznesit n\u00eb Republik\u00ebn e Maqedonis\u00eb do t\u00eb duhet m\u00eb seriozisht t\u00eb kuptoj\u00eb nevoj\u00ebn e nj\u00eb p\u00ebrgaditjeje m\u00eb t\u00eb m\u00ebdha q\u00eb t\u00eb mund t\u00eb p\u00ebrdoret ky potencijal. Nj\u00ebkoh\u00ebisht, z. Boshkov theksoi se NATO siguron stabilitet n\u00eb udh\u00ebheqjen e biznesit dhe zhvillimin e ekonomis\u00eb n\u00eb vend.<\/p>\n<p>N\u00eb deklarat\u00eb p\u00ebr shtyp, drejtoresha e EPI, d-r\u00a0<strong>Simonida Kacarska,\u00a0<\/strong>theksoi se sipas p\u00ebrvojave t\u00eb shteteve tjera q\u00eb jan\u00eb an\u00ebtar\u00ebsuar n\u00eb NATO n\u00eb 10 vitet e fundit, ajo q\u00eb duhet t\u00eb presim \u00ebsht\u00eb zhvillim i madh dhe rritje e fluksit t\u00eb investimeve t\u00eb huaja direkte. Gjith\u00ebsesi, duhet t\u00eb jemi t\u00eb v\u00ebmendsh\u00ebm, sepse nj\u00eb num\u00ebr i madh i k\u00ebtyre pritshm\u00ebrive dhe efekteve varen nga vet\u00eb ne dhe nga zbatimi i reformave nacionale si dhe varen nga ajo se a do t\u00eb mund t\u00eb jemi n\u00eb gjendje t\u00eb st\u00ebrvisim ekonomin\u00eb vendore.<\/p>\n<p>Pas prezentimit t\u00eb hulumtimeve u hap debat\u00eb lidhur me p\u00ebrfitimet dhe sfidat nga an\u00ebtar\u00ebsimi n\u00eb NATO. N\u00eb event morr\u00ebn pjes\u00eb p\u00ebrfaq\u00ebsues t\u00eb huaj, p\u00ebrfaq\u00ebsues nga institucione, organizata qytetare dhe p\u00ebrfaq\u00ebsues nga universitete.<\/p>\n<p>Ngjarja u organizua si pjes\u00eb e projektit \u201cDebat\u00eb qytetare p\u00ebr NATO\u201d, projekt q\u00eb e implementon Instituti p\u00ebr politik\u00eb evropiane \u2013 Shkup, finansuar nga Ministria e mbrojtjes. Q\u00ebllimi kryesor i proektit \u00ebsht\u00eb t\u00eb kontribohet n\u00eb an\u00ebtar\u00ebsimin n\u00eb NATO p\u00ebrmes debat\u00ebs t\u00eb bazuar n\u00eb fakte dhe argumente, q\u00eb do t\u00eb p\u00ebrmir\u00ebson kuptimin tek qytetar\u00ebt p\u00ebr an\u00ebtar\u00ebsimin e Republik\u00ebs s\u00eb Maqedonis\u00eb n\u00eb NATO.<\/p>\n<p><img decoding=\"async\" class=\"alignnone size-large wp-image-10170\" src=\"https:\/\/test.epi.org.mk\/wp-content\/uploads\/2019\/02\/DSC03605-Large-1-1024x790.jpg\" alt=\"\" width=\"1024\" height=\"790\" srcset=\"https:\/\/epi.org.mk\/wp-content\/uploads\/2019\/02\/DSC03605-Large-1-1024x790.jpg 1024w, https:\/\/epi.org.mk\/wp-content\/uploads\/2019\/02\/DSC03605-Large-1-300x231.jpg 300w, https:\/\/epi.org.mk\/wp-content\/uploads\/2019\/02\/DSC03605-Large-1-768x592.jpg 768w, https:\/\/epi.org.mk\/wp-content\/uploads\/2019\/02\/DSC03605-Large-1-16x12.jpg 16w, https:\/\/epi.org.mk\/wp-content\/uploads\/2019\/02\/DSC03605-Large-1.jpg 1400w\" sizes=\"(max-width: 1024px) 100vw, 1024px\" \/><\/p>\n<p>Draft-hulumtimet mund t\u2019i gjeni n\u00eb linkun:\u00a0<a href=\"http:\/\/bit.ly\/2G14IM4\">http:\/\/bit.ly\/2G14IM4<\/a>.<\/p>","protected":false},"excerpt":{"rendered":"<p>Sot, Instituti p\u00ebr politik\u00eb evropiane \u2013 Shkup (EPI) n\u00eb hotelin Holidej Inn mbajti ngjarje debative dhe prezentim t\u00eb hulumtimeve p\u00ebr aderimin e Maqedonis\u00eb n\u00eb NATO, t\u00eb titulluar \u201cN\u00eb mes fakteve dhe trillimeve \u2013 \u00e7ka do t\u00eb sjell\u00eb aderimi i Maqedonis\u00eb n\u00eb NATO?\u201d. Panelist t\u00eb ngjarjes ishin ministrja e mbrojtjes dhe z\u00ebvend\u00ebskryeministrja e Qeveris\u00eb, Znj. Radmilla [&hellip;]<\/p>","protected":false},"author":1,"featured_media":10173,"comment_status":"closed","ping_status":"closed","sticky":false,"template":"","format":"standard","meta":{"_acf_changed":false,"footnotes":""},"categories":[106],"tags":[331],"class_list":["post-10179","post","type-post","status-publish","format-standard","has-post-thumbnail","hentry","category-106","tag-2018-2"],"acf":[],"yoast_head":"<!-- This site is optimized with the Yoast SEO plugin v24.4 - https:\/\/yoast.com\/wordpress\/plugins\/seo\/ -->\n<title>An\u00ebtar\u00ebsimi i Republik\u00ebs s\u00eb Maqedonis\u00eb n\u00eb NATO \u2013 kontribut n\u00eb stabilizim dhe prosperitet n\u00eb shtet - EPI<\/title>\n<meta name=\"robots\" content=\"index, follow, max-snippet:-1, max-image-preview:large, max-video-preview:-1\" \/>\n<link rel=\"canonical\" href=\"https:\/\/epi.org.mk\/sq\/post\/10169\/\" \/>\n<meta property=\"og:locale\" content=\"mk_MK\" \/>\n<meta property=\"og:type\" content=\"article\" \/>\n<meta property=\"og:title\" content=\"An\u00ebtar\u00ebsimi i Republik\u00ebs s\u00eb Maqedonis\u00eb n\u00eb NATO \u2013 kontribut n\u00eb stabilizim dhe prosperitet n\u00eb shtet - EPI\" \/>\n<meta property=\"og:description\" content=\"Sot, Instituti p\u00ebr politik\u00eb evropiane \u2013 Shkup (EPI) n\u00eb hotelin Holidej Inn mbajti ngjarje debative dhe prezentim t\u00eb hulumtimeve p\u00ebr aderimin e Maqedonis\u00eb n\u00eb NATO, t\u00eb titulluar \u201cN\u00eb mes fakteve dhe trillimeve \u2013 \u00e7ka do t\u00eb sjell\u00eb aderimi i Maqedonis\u00eb n\u00eb NATO?\u201d. Panelist t\u00eb ngjarjes ishin ministrja e mbrojtjes dhe z\u00ebvend\u00ebskryeministrja e Qeveris\u00eb, Znj. Radmilla [&hellip;]\" \/>\n<meta property=\"og:url\" content=\"https:\/\/epi.org.mk\/sq\/post\/10169\/\" \/>\n<meta property=\"og:site_name\" content=\"EPI\" \/>\n<meta property=\"article:publisher\" content=\"https:\/\/www.facebook.com\/EPI.Skopje\/\" \/>\n<meta property=\"article:published_time\" content=\"2018-12-07T17:13:59+00:00\" \/>\n<meta property=\"article:modified_time\" content=\"2019-03-25T09:11:05+00:00\" \/>\n<meta property=\"og:image\" content=\"https:\/\/epi.org.mk\/wp-content\/uploads\/2019\/02\/DSC03543-Large-1.jpg\" \/>\n\t<meta property=\"og:image:width\" content=\"1620\" \/>\n\t<meta property=\"og:image:height\" content=\"1080\" \/>\n\t<meta property=\"og:image:type\" content=\"image\/jpeg\" \/>\n<meta name=\"author\" content=\"epiadmin\" \/>\n<meta name=\"twitter:card\" content=\"summary_large_image\" \/>\n<meta name=\"twitter:creator\" content=\"@epi_skopje\" \/>\n<meta name=\"twitter:site\" content=\"@epi_skopje\" \/>\n<meta name=\"twitter:label1\" content=\"Written by\" \/>\n\t<meta name=\"twitter:data1\" content=\"epiadmin\" \/>\n\t<meta name=\"twitter:label2\" content=\"Est. reading time\" \/>\n\t<meta name=\"twitter:data2\" content=\"5 minutes\" \/>\n<script type=\"application\/ld+json\" class=\"yoast-schema-graph\">{\"@context\":\"https:\/\/schema.org\",\"@graph\":[{\"@type\":\"Article\",\"@id\":\"https:\/\/epi.org.mk\/post\/10169#article\",\"isPartOf\":{\"@id\":\"https:\/\/epi.org.mk\/post\/10169\"},\"author\":{\"name\":\"epiadmin\",\"@id\":\"https:\/\/epi.org.mk\/#\/schema\/person\/43b3da0531e062aae50b26e7d0c8ab94\"},\"headline\":\"An\u00ebtar\u00ebsimi i Republik\u00ebs s\u00eb Maqedonis\u00eb n\u00eb NATO \u2013 kontribut n\u00eb stabilizim dhe prosperitet n\u00eb shtet\",\"datePublished\":\"2018-12-07T17:13:59+00:00\",\"dateModified\":\"2019-03-25T09:11:05+00:00\",\"mainEntityOfPage\":{\"@id\":\"https:\/\/epi.org.mk\/post\/10169\"},\"wordCount\":1014,\"publisher\":{\"@id\":\"https:\/\/epi.org.mk\/#organization\"},\"image\":{\"@id\":\"https:\/\/epi.org.mk\/post\/10169#primaryimage\"},\"thumbnailUrl\":\"https:\/\/epi.org.mk\/wp-content\/uploads\/2019\/02\/DSC03543-Large-1.jpg\",\"keywords\":[\"2018\"],\"articleSection\":[\"\u041d\u043e\u0432\u043e\u0441\u0442\u0438\"],\"inLanguage\":\"mk-MK\"},{\"@type\":\"WebPage\",\"@id\":\"https:\/\/epi.org.mk\/post\/10169\",\"url\":\"https:\/\/epi.org.mk\/post\/10169\",\"name\":\"An\u00ebtar\u00ebsimi i Republik\u00ebs s\u00eb Maqedonis\u00eb n\u00eb NATO \u2013 kontribut n\u00eb stabilizim dhe prosperitet n\u00eb shtet - EPI\",\"isPartOf\":{\"@id\":\"https:\/\/epi.org.mk\/#website\"},\"primaryImageOfPage\":{\"@id\":\"https:\/\/epi.org.mk\/post\/10169#primaryimage\"},\"image\":{\"@id\":\"https:\/\/epi.org.mk\/post\/10169#primaryimage\"},\"thumbnailUrl\":\"https:\/\/epi.org.mk\/wp-content\/uploads\/2019\/02\/DSC03543-Large-1.jpg\",\"datePublished\":\"2018-12-07T17:13:59+00:00\",\"dateModified\":\"2019-03-25T09:11:05+00:00\",\"breadcrumb\":{\"@id\":\"https:\/\/epi.org.mk\/post\/10169#breadcrumb\"},\"inLanguage\":\"mk-MK\",\"potentialAction\":[{\"@type\":\"ReadAction\",\"target\":[\"https:\/\/epi.org.mk\/post\/10169\"]}]},{\"@type\":\"ImageObject\",\"inLanguage\":\"mk-MK\",\"@id\":\"https:\/\/epi.org.mk\/post\/10169#primaryimage\",\"url\":\"https:\/\/epi.org.mk\/wp-content\/uploads\/2019\/02\/DSC03543-Large-1.jpg\",\"contentUrl\":\"https:\/\/epi.org.mk\/wp-content\/uploads\/2019\/02\/DSC03543-Large-1.jpg\",\"width\":1620,\"height\":1080},{\"@type\":\"BreadcrumbList\",\"@id\":\"https:\/\/epi.org.mk\/post\/10169#breadcrumb\",\"itemListElement\":[{\"@type\":\"ListItem\",\"position\":1,\"name\":\"Home\",\"item\":\"https:\/\/epi.org.mk\/\"},{\"@type\":\"ListItem\",\"position\":2,\"name\":\"An\u00ebtar\u00ebsimi i Republik\u00ebs s\u00eb Maqedonis\u00eb n\u00eb NATO \u2013 kontribut n\u00eb stabilizim dhe prosperitet n\u00eb shtet\"}]},{\"@type\":\"WebSite\",\"@id\":\"https:\/\/epi.org.mk\/#website\",\"url\":\"https:\/\/epi.org.mk\/\",\"name\":\"EPI\",\"description\":\"\u0418\u043d\u0441\u0442\u0438\u0442\u0443\u0442 \u0437\u0430 \u0435\u0432\u0440\u043e\u043f\u0441\u043a\u0430 \u043f\u043e\u043b\u0438\u0442\u0438\u043a\u0430\",\"publisher\":{\"@id\":\"https:\/\/epi.org.mk\/#organization\"},\"potentialAction\":[{\"@type\":\"SearchAction\",\"target\":{\"@type\":\"EntryPoint\",\"urlTemplate\":\"https:\/\/epi.org.mk\/?s={search_term_string}\"},\"query-input\":{\"@type\":\"PropertyValueSpecification\",\"valueRequired\":true,\"valueName\":\"search_term_string\"}}],\"inLanguage\":\"mk-MK\"},{\"@type\":\"Organization\",\"@id\":\"https:\/\/epi.org.mk\/#organization\",\"name\":\"European Policy Institute - Skopje\",\"alternateName\":\"EPI Skopje\",\"url\":\"https:\/\/epi.org.mk\/\",\"logo\":{\"@type\":\"ImageObject\",\"inLanguage\":\"mk-MK\",\"@id\":\"https:\/\/epi.org.mk\/#\/schema\/logo\/image\/\",\"url\":\"https:\/\/epi.org.mk\/wp-content\/uploads\/epi-logo.jpg\",\"contentUrl\":\"https:\/\/epi.org.mk\/wp-content\/uploads\/epi-logo.jpg\",\"width\":909,\"height\":909,\"caption\":\"European Policy Institute - Skopje\"},\"image\":{\"@id\":\"https:\/\/epi.org.mk\/#\/schema\/logo\/image\/\"},\"sameAs\":[\"https:\/\/www.facebook.com\/EPI.Skopje\/\",\"https:\/\/x.com\/epi_skopje\",\"https:\/\/www.instagram.com\/epi.skopje\/\",\"https:\/\/www.linkedin.com\/company\/epi-skopje\"]},{\"@type\":\"Person\",\"@id\":\"https:\/\/epi.org.mk\/#\/schema\/person\/43b3da0531e062aae50b26e7d0c8ab94\",\"name\":\"epiadmin\",\"image\":{\"@type\":\"ImageObject\",\"inLanguage\":\"mk-MK\",\"@id\":\"https:\/\/epi.org.mk\/#\/schema\/person\/image\/\",\"url\":\"https:\/\/secure.gravatar.com\/avatar\/b2eac948da9f4d92d87cb5f38df0ae7816d0197d69078f44687f2f91fc97296d?s=96&d=mm&r=g\",\"contentUrl\":\"https:\/\/secure.gravatar.com\/avatar\/b2eac948da9f4d92d87cb5f38df0ae7816d0197d69078f44687f2f91fc97296d?s=96&d=mm&r=g\",\"caption\":\"epiadmin\"},\"url\":\"https:\/\/epi.org.mk\/sq\/post\/author\/epiadmin\"}]}<\/script>\n<!-- \/ Yoast SEO plugin. -->","yoast_head_json":{"title":"An\u00ebtar\u00ebsimi i Republik\u00ebs s\u00eb Maqedonis\u00eb n\u00eb NATO \u2013 kontribut n\u00eb stabilizim dhe prosperitet n\u00eb shtet - EPI","robots":{"index":"index","follow":"follow","max-snippet":"max-snippet:-1","max-image-preview":"max-image-preview:large","max-video-preview":"max-video-preview:-1"},"canonical":"https:\/\/epi.org.mk\/sq\/post\/10169\/","og_locale":"mk_MK","og_type":"article","og_title":"An\u00ebtar\u00ebsimi i Republik\u00ebs s\u00eb Maqedonis\u00eb n\u00eb NATO \u2013 kontribut n\u00eb stabilizim dhe prosperitet n\u00eb shtet - EPI","og_description":"Sot, Instituti p\u00ebr politik\u00eb evropiane \u2013 Shkup (EPI) n\u00eb hotelin Holidej Inn mbajti ngjarje debative dhe prezentim t\u00eb hulumtimeve p\u00ebr aderimin e Maqedonis\u00eb n\u00eb NATO, t\u00eb titulluar \u201cN\u00eb mes fakteve dhe trillimeve \u2013 \u00e7ka do t\u00eb sjell\u00eb aderimi i Maqedonis\u00eb n\u00eb NATO?\u201d. Panelist t\u00eb ngjarjes ishin ministrja e mbrojtjes dhe z\u00ebvend\u00ebskryeministrja e Qeveris\u00eb, Znj. Radmilla [&hellip;]","og_url":"https:\/\/epi.org.mk\/sq\/post\/10169\/","og_site_name":"EPI","article_publisher":"https:\/\/www.facebook.com\/EPI.Skopje\/","article_published_time":"2018-12-07T17:13:59+00:00","article_modified_time":"2019-03-25T09:11:05+00:00","og_image":[{"width":1620,"height":1080,"url":"https:\/\/epi.org.mk\/wp-content\/uploads\/2019\/02\/DSC03543-Large-1.jpg","type":"image\/jpeg"}],"author":"epiadmin","twitter_card":"summary_large_image","twitter_creator":"@epi_skopje","twitter_site":"@epi_skopje","twitter_misc":{"Written by":"epiadmin","Est. reading time":"5 minutes"},"schema":{"@context":"https:\/\/schema.org","@graph":[{"@type":"Article","@id":"https:\/\/epi.org.mk\/post\/10169#article","isPartOf":{"@id":"https:\/\/epi.org.mk\/post\/10169"},"author":{"name":"epiadmin","@id":"https:\/\/epi.org.mk\/#\/schema\/person\/43b3da0531e062aae50b26e7d0c8ab94"},"headline":"An\u00ebtar\u00ebsimi i Republik\u00ebs s\u00eb Maqedonis\u00eb n\u00eb NATO \u2013 kontribut n\u00eb stabilizim dhe prosperitet n\u00eb shtet","datePublished":"2018-12-07T17:13:59+00:00","dateModified":"2019-03-25T09:11:05+00:00","mainEntityOfPage":{"@id":"https:\/\/epi.org.mk\/post\/10169"},"wordCount":1014,"publisher":{"@id":"https:\/\/epi.org.mk\/#organization"},"image":{"@id":"https:\/\/epi.org.mk\/post\/10169#primaryimage"},"thumbnailUrl":"https:\/\/epi.org.mk\/wp-content\/uploads\/2019\/02\/DSC03543-Large-1.jpg","keywords":["2018"],"articleSection":["\u041d\u043e\u0432\u043e\u0441\u0442\u0438"],"inLanguage":"mk-MK"},{"@type":"WebPage","@id":"https:\/\/epi.org.mk\/post\/10169","url":"https:\/\/epi.org.mk\/post\/10169","name":"An\u00ebtar\u00ebsimi i Republik\u00ebs s\u00eb Maqedonis\u00eb n\u00eb NATO \u2013 kontribut n\u00eb stabilizim dhe prosperitet n\u00eb shtet - EPI","isPartOf":{"@id":"https:\/\/epi.org.mk\/#website"},"primaryImageOfPage":{"@id":"https:\/\/epi.org.mk\/post\/10169#primaryimage"},"image":{"@id":"https:\/\/epi.org.mk\/post\/10169#primaryimage"},"thumbnailUrl":"https:\/\/epi.org.mk\/wp-content\/uploads\/2019\/02\/DSC03543-Large-1.jpg","datePublished":"2018-12-07T17:13:59+00:00","dateModified":"2019-03-25T09:11:05+00:00","breadcrumb":{"@id":"https:\/\/epi.org.mk\/post\/10169#breadcrumb"},"inLanguage":"mk-MK","potentialAction":[{"@type":"ReadAction","target":["https:\/\/epi.org.mk\/post\/10169"]}]},{"@type":"ImageObject","inLanguage":"mk-MK","@id":"https:\/\/epi.org.mk\/post\/10169#primaryimage","url":"https:\/\/epi.org.mk\/wp-content\/uploads\/2019\/02\/DSC03543-Large-1.jpg","contentUrl":"https:\/\/epi.org.mk\/wp-content\/uploads\/2019\/02\/DSC03543-Large-1.jpg","width":1620,"height":1080},{"@type":"BreadcrumbList","@id":"https:\/\/epi.org.mk\/post\/10169#breadcrumb","itemListElement":[{"@type":"ListItem","position":1,"name":"Home","item":"https:\/\/epi.org.mk\/"},{"@type":"ListItem","position":2,"name":"An\u00ebtar\u00ebsimi i Republik\u00ebs s\u00eb Maqedonis\u00eb n\u00eb NATO \u2013 kontribut n\u00eb stabilizim dhe prosperitet n\u00eb shtet"}]},{"@type":"WebSite","@id":"https:\/\/epi.org.mk\/#website","url":"https:\/\/epi.org.mk\/","name":"EPI","description":"\u0418\u043d\u0441\u0442\u0438\u0442\u0443\u0442 \u0437\u0430 \u0435\u0432\u0440\u043e\u043f\u0441\u043a\u0430 \u043f\u043e\u043b\u0438\u0442\u0438\u043a\u0430","publisher":{"@id":"https:\/\/epi.org.mk\/#organization"},"potentialAction":[{"@type":"SearchAction","target":{"@type":"EntryPoint","urlTemplate":"https:\/\/epi.org.mk\/?s={search_term_string}"},"query-input":{"@type":"PropertyValueSpecification","valueRequired":true,"valueName":"search_term_string"}}],"inLanguage":"mk-MK"},{"@type":"Organization","@id":"https:\/\/epi.org.mk\/#organization","name":"European Policy Institute - Skopje","alternateName":"EPI Skopje","url":"https:\/\/epi.org.mk\/","logo":{"@type":"ImageObject","inLanguage":"mk-MK","@id":"https:\/\/epi.org.mk\/#\/schema\/logo\/image\/","url":"https:\/\/epi.org.mk\/wp-content\/uploads\/epi-logo.jpg","contentUrl":"https:\/\/epi.org.mk\/wp-content\/uploads\/epi-logo.jpg","width":909,"height":909,"caption":"European Policy Institute - Skopje"},"image":{"@id":"https:\/\/epi.org.mk\/#\/schema\/logo\/image\/"},"sameAs":["https:\/\/www.facebook.com\/EPI.Skopje\/","https:\/\/x.com\/epi_skopje","https:\/\/www.instagram.com\/epi.skopje\/","https:\/\/www.linkedin.com\/company\/epi-skopje"]},{"@type":"Person","@id":"https:\/\/epi.org.mk\/#\/schema\/person\/43b3da0531e062aae50b26e7d0c8ab94","name":"epiadmin","image":{"@type":"ImageObject","inLanguage":"mk-MK","@id":"https:\/\/epi.org.mk\/#\/schema\/person\/image\/","url":"https:\/\/secure.gravatar.com\/avatar\/b2eac948da9f4d92d87cb5f38df0ae7816d0197d69078f44687f2f91fc97296d?s=96&d=mm&r=g","contentUrl":"https:\/\/secure.gravatar.com\/avatar\/b2eac948da9f4d92d87cb5f38df0ae7816d0197d69078f44687f2f91fc97296d?s=96&d=mm&r=g","caption":"epiadmin"},"url":"https:\/\/epi.org.mk\/sq\/post\/author\/epiadmin"}]}},"_links":{"self":[{"href":"https:\/\/epi.org.mk\/sq\/wp-json\/wp\/v2\/posts\/10179","targetHints":{"allow":["GET"]}}],"collection":[{"href":"https:\/\/epi.org.mk\/sq\/wp-json\/wp\/v2\/posts"}],"about":[{"href":"https:\/\/epi.org.mk\/sq\/wp-json\/wp\/v2\/types\/post"}],"author":[{"embeddable":true,"href":"https:\/\/epi.org.mk\/sq\/wp-json\/wp\/v2\/users\/1"}],"replies":[{"embeddable":true,"href":"https:\/\/epi.org.mk\/sq\/wp-json\/wp\/v2\/comments?post=10179"}],"version-history":[{"count":0,"href":"https:\/\/epi.org.mk\/sq\/wp-json\/wp\/v2\/posts\/10179\/revisions"}],"wp:featuredmedia":[{"embeddable":true,"href":"https:\/\/epi.org.mk\/sq\/wp-json\/wp\/v2\/media\/10173"}],"wp:attachment":[{"href":"https:\/\/epi.org.mk\/sq\/wp-json\/wp\/v2\/media?parent=10179"}],"wp:term":[{"taxonomy":"category","embeddable":true,"href":"https:\/\/epi.org.mk\/sq\/wp-json\/wp\/v2\/categories?post=10179"},{"taxonomy":"post_tag","embeddable":true,"href":"https:\/\/epi.org.mk\/sq\/wp-json\/wp\/v2\/tags?post=10179"}],"curies":[{"name":"wp","href":"https:\/\/api.w.org\/{rel}","templated":true}]}}