{"id":10167,"date":"2018-12-06T14:30:54","date_gmt":"2018-12-06T14:30:54","guid":{"rendered":"https:\/\/test.epi.org.mk\/?p=10167"},"modified":"2019-03-25T09:12:30","modified_gmt":"2019-03-25T09:12:30","slug":"epi-eshte-zgjedhur-si-partner-hulumtues-i-agjensionit-te-bashkimit-evropian-per-te-drejta-themelore","status":"publish","type":"post","link":"https:\/\/epi.org.mk\/sq\/post\/10167?lang=sq","title":{"rendered":"EPI \u00ebsht\u00eb zgjedhur si partner hulumtues i Agjensionit t\u00eb Bashkimit Evropian p\u00ebr t\u00eb drejta themelore"},"content":{"rendered":"<p>Agjensioni i Bashkimit Evropian p\u00ebr t\u00eb drejta themelore (Fundamental Rights Agency, FRA) zgjodhi Institutin p\u00ebr politik\u00eb evropiane \u2013 Shkup (EPI) p\u00ebr partner t\u00eb saj nga Maqedonia p\u00ebr implementim t\u00eb hulumtimeve lidhur me \u00e7\u00ebshtje nga komeptencat e saja. FRA \u00ebsht\u00eb nji nga agjensionet e decentralizuara t\u00eb Bashkimit Evropian si dhe \u00ebsht\u00eb qend\u00ebr p\u00ebr ekpsertiz\u00eb nga sfera e t\u00eb drejtave themelore t\u00eb Bashkimit Evropian. Synimi i k\u00ebtij agjensioni \u00ebsht\u00eb t\u00eb jap\u00eb mb\u00ebshtetje eksperte dhe k\u00ebshilla institucioneve t\u00eb Bashkimit Evropian dhe shteteve an\u00ebtare me q\u00ebllim q\u00eb t\u00eb siguroj\u00eb mbrojtje t\u00eb t\u00eb drejtave themelore t\u00eb t\u00eb gjith\u00eb qytetar\u00ebve q\u00eb jetojn\u00eb n\u00eb BE. Pjes\u00eb e temave kryesore n\u00eb t\u00eb cilat punon Agjensioni jan\u00eb: gjinia dhe barazia gjinore, LGBTIQ, Rom\u00ebt, persona me aft\u00ebsi t\u00eb kufizuara, raciz\u00ebm dhe jo toleranc\u00eb, krime t\u00eb urrejtjes, mbrojtje t\u00eb t\u00eb dh\u00ebnave, azil dhe migrime, qasje n\u00eb drejt\u00ebsi dhe t\u00eb drejtat e f\u00ebmij\u00ebve.<\/p>\n<p>Me k\u00ebt\u00eb, EPI b\u00ebhet pjes\u00eb e FRANET \u2013 rrjet hulumtues multidisciplinor i Agjensionit q\u00eb egziston q\u00eb nga viti 2011, n\u00eb t\u00eb cilin \u00ebsht\u00eb i ky\u00e7yr nj\u00eb partner hulumtues apo konzorcium prej secilit shtet an\u00ebtar t\u00eb Bashkimit Evropian, por q\u00eb nga ky vit ky rrjet u zgjerua edhe n\u00eb Maqedoni. FRANET p\u00ebrpunon studime tematike, raporte dhe njohtime t\u00eb shkurta lidhur me tema t\u00eb ndryshme nga sfera e t\u00eb drejtave themelore.<\/p>","protected":false},"excerpt":{"rendered":"<p>Agjensioni i Bashkimit Evropian p\u00ebr t\u00eb drejta themelore (Fundamental Rights Agency, FRA) zgjodhi Institutin p\u00ebr politik\u00eb evropiane \u2013 Shkup (EPI) p\u00ebr partner t\u00eb saj nga Maqedonia p\u00ebr implementim t\u00eb hulumtimeve lidhur me \u00e7\u00ebshtje nga komeptencat e saja. FRA \u00ebsht\u00eb nji nga agjensionet e decentralizuara t\u00eb Bashkimit Evropian si dhe \u00ebsht\u00eb qend\u00ebr p\u00ebr ekpsertiz\u00eb nga sfera [&hellip;]<\/p>","protected":false},"author":1,"featured_media":8185,"comment_status":"closed","ping_status":"closed","sticky":false,"template":"","format":"standard","meta":{"_acf_changed":false,"footnotes":""},"categories":[106],"tags":[331],"class_list":["post-10167","post","type-post","status-publish","format-standard","has-post-thumbnail","hentry","category-106","tag-2018-2"],"acf":[],"yoast_head":"<!-- This site is optimized with the Yoast SEO plugin v24.4 - https:\/\/yoast.com\/wordpress\/plugins\/seo\/ -->\n<title>EPI \u00ebsht\u00eb zgjedhur si partner hulumtues i Agjensionit t\u00eb Bashkimit Evropian p\u00ebr t\u00eb drejta themelore - EPI<\/title>\n<meta name=\"robots\" content=\"index, follow, max-snippet:-1, max-image-preview:large, max-video-preview:-1\" \/>\n<link rel=\"canonical\" href=\"https:\/\/epi.org.mk\/sq\/post\/10163\/\" \/>\n<meta property=\"og:locale\" content=\"mk_MK\" \/>\n<meta property=\"og:type\" content=\"article\" \/>\n<meta property=\"og:title\" content=\"EPI \u00ebsht\u00eb zgjedhur si partner hulumtues i Agjensionit t\u00eb Bashkimit Evropian p\u00ebr t\u00eb drejta themelore - EPI\" \/>\n<meta property=\"og:description\" content=\"Agjensioni i Bashkimit Evropian p\u00ebr t\u00eb drejta themelore (Fundamental Rights Agency, FRA) zgjodhi Institutin p\u00ebr politik\u00eb evropiane \u2013 Shkup (EPI) p\u00ebr partner t\u00eb saj nga Maqedonia p\u00ebr implementim t\u00eb hulumtimeve lidhur me \u00e7\u00ebshtje nga komeptencat e saja. FRA \u00ebsht\u00eb nji nga agjensionet e decentralizuara t\u00eb Bashkimit Evropian si dhe \u00ebsht\u00eb qend\u00ebr p\u00ebr ekpsertiz\u00eb nga sfera [&hellip;]\" \/>\n<meta property=\"og:url\" content=\"https:\/\/epi.org.mk\/sq\/post\/10163\/\" \/>\n<meta property=\"og:site_name\" content=\"EPI\" \/>\n<meta property=\"article:publisher\" content=\"https:\/\/www.facebook.com\/EPI.Skopje\/\" \/>\n<meta property=\"article:published_time\" content=\"2018-12-06T14:30:54+00:00\" \/>\n<meta property=\"article:modified_time\" content=\"2019-03-25T09:12:30+00:00\" \/>\n<meta property=\"og:image\" content=\"https:\/\/epi.org.mk\/wp-content\/uploads\/2018\/10\/epi-background-Large.jpg\" \/>\n\t<meta property=\"og:image:width\" content=\"1604\" \/>\n\t<meta property=\"og:image:height\" content=\"1080\" \/>\n\t<meta property=\"og:image:type\" content=\"image\/jpeg\" \/>\n<meta name=\"author\" content=\"epiadmin\" \/>\n<meta name=\"twitter:card\" content=\"summary_large_image\" \/>\n<meta name=\"twitter:creator\" content=\"@epi_skopje\" \/>\n<meta name=\"twitter:site\" content=\"@epi_skopje\" \/>\n<meta name=\"twitter:label1\" content=\"Written by\" \/>\n\t<meta name=\"twitter:data1\" content=\"epiadmin\" \/>\n\t<meta name=\"twitter:label2\" content=\"Est. reading time\" \/>\n\t<meta name=\"twitter:data2\" content=\"1 minute\" \/>\n<script type=\"application\/ld+json\" class=\"yoast-schema-graph\">{\"@context\":\"https:\/\/schema.org\",\"@graph\":[{\"@type\":\"Article\",\"@id\":\"https:\/\/epi.org.mk\/post\/10163#article\",\"isPartOf\":{\"@id\":\"https:\/\/epi.org.mk\/post\/10163\"},\"author\":{\"name\":\"epiadmin\",\"@id\":\"https:\/\/epi.org.mk\/#\/schema\/person\/43b3da0531e062aae50b26e7d0c8ab94\"},\"headline\":\"EPI \u00ebsht\u00eb zgjedhur si partner hulumtues i Agjensionit t\u00eb Bashkimit Evropian p\u00ebr t\u00eb drejta themelore\",\"datePublished\":\"2018-12-06T14:30:54+00:00\",\"dateModified\":\"2019-03-25T09:12:30+00:00\",\"mainEntityOfPage\":{\"@id\":\"https:\/\/epi.org.mk\/post\/10163\"},\"wordCount\":247,\"publisher\":{\"@id\":\"https:\/\/epi.org.mk\/#organization\"},\"image\":{\"@id\":\"https:\/\/epi.org.mk\/post\/10163#primaryimage\"},\"thumbnailUrl\":\"https:\/\/epi.org.mk\/wp-content\/uploads\/2018\/10\/epi-background-Large.jpg\",\"keywords\":[\"2018\"],\"articleSection\":[\"\u041d\u043e\u0432\u043e\u0441\u0442\u0438\"],\"inLanguage\":\"mk-MK\"},{\"@type\":\"WebPage\",\"@id\":\"https:\/\/epi.org.mk\/post\/10163\",\"url\":\"https:\/\/epi.org.mk\/post\/10163\",\"name\":\"EPI \u00ebsht\u00eb zgjedhur si partner hulumtues i Agjensionit t\u00eb Bashkimit Evropian p\u00ebr t\u00eb drejta themelore - EPI\",\"isPartOf\":{\"@id\":\"https:\/\/epi.org.mk\/#website\"},\"primaryImageOfPage\":{\"@id\":\"https:\/\/epi.org.mk\/post\/10163#primaryimage\"},\"image\":{\"@id\":\"https:\/\/epi.org.mk\/post\/10163#primaryimage\"},\"thumbnailUrl\":\"https:\/\/epi.org.mk\/wp-content\/uploads\/2018\/10\/epi-background-Large.jpg\",\"datePublished\":\"2018-12-06T14:30:54+00:00\",\"dateModified\":\"2019-03-25T09:12:30+00:00\",\"breadcrumb\":{\"@id\":\"https:\/\/epi.org.mk\/post\/10163#breadcrumb\"},\"inLanguage\":\"mk-MK\",\"potentialAction\":[{\"@type\":\"ReadAction\",\"target\":[\"https:\/\/epi.org.mk\/post\/10163\"]}]},{\"@type\":\"ImageObject\",\"inLanguage\":\"mk-MK\",\"@id\":\"https:\/\/epi.org.mk\/post\/10163#primaryimage\",\"url\":\"https:\/\/epi.org.mk\/wp-content\/uploads\/2018\/10\/epi-background-Large.jpg\",\"contentUrl\":\"https:\/\/epi.org.mk\/wp-content\/uploads\/2018\/10\/epi-background-Large.jpg\",\"width\":1604,\"height\":1080},{\"@type\":\"BreadcrumbList\",\"@id\":\"https:\/\/epi.org.mk\/post\/10163#breadcrumb\",\"itemListElement\":[{\"@type\":\"ListItem\",\"position\":1,\"name\":\"Home\",\"item\":\"https:\/\/epi.org.mk\/\"},{\"@type\":\"ListItem\",\"position\":2,\"name\":\"EPI \u00ebsht\u00eb zgjedhur si partner hulumtues i Agjensionit t\u00eb Bashkimit Evropian p\u00ebr t\u00eb drejta themelore\"}]},{\"@type\":\"WebSite\",\"@id\":\"https:\/\/epi.org.mk\/#website\",\"url\":\"https:\/\/epi.org.mk\/\",\"name\":\"EPI\",\"description\":\"\u0418\u043d\u0441\u0442\u0438\u0442\u0443\u0442 \u0437\u0430 \u0435\u0432\u0440\u043e\u043f\u0441\u043a\u0430 \u043f\u043e\u043b\u0438\u0442\u0438\u043a\u0430\",\"publisher\":{\"@id\":\"https:\/\/epi.org.mk\/#organization\"},\"potentialAction\":[{\"@type\":\"SearchAction\",\"target\":{\"@type\":\"EntryPoint\",\"urlTemplate\":\"https:\/\/epi.org.mk\/?s={search_term_string}\"},\"query-input\":{\"@type\":\"PropertyValueSpecification\",\"valueRequired\":true,\"valueName\":\"search_term_string\"}}],\"inLanguage\":\"mk-MK\"},{\"@type\":\"Organization\",\"@id\":\"https:\/\/epi.org.mk\/#organization\",\"name\":\"European Policy Institute - Skopje\",\"alternateName\":\"EPI Skopje\",\"url\":\"https:\/\/epi.org.mk\/\",\"logo\":{\"@type\":\"ImageObject\",\"inLanguage\":\"mk-MK\",\"@id\":\"https:\/\/epi.org.mk\/#\/schema\/logo\/image\/\",\"url\":\"https:\/\/epi.org.mk\/wp-content\/uploads\/epi-logo.jpg\",\"contentUrl\":\"https:\/\/epi.org.mk\/wp-content\/uploads\/epi-logo.jpg\",\"width\":909,\"height\":909,\"caption\":\"European Policy Institute - Skopje\"},\"image\":{\"@id\":\"https:\/\/epi.org.mk\/#\/schema\/logo\/image\/\"},\"sameAs\":[\"https:\/\/www.facebook.com\/EPI.Skopje\/\",\"https:\/\/x.com\/epi_skopje\",\"https:\/\/www.instagram.com\/epi.skopje\/\",\"https:\/\/www.linkedin.com\/company\/epi-skopje\"]},{\"@type\":\"Person\",\"@id\":\"https:\/\/epi.org.mk\/#\/schema\/person\/43b3da0531e062aae50b26e7d0c8ab94\",\"name\":\"epiadmin\",\"image\":{\"@type\":\"ImageObject\",\"inLanguage\":\"mk-MK\",\"@id\":\"https:\/\/epi.org.mk\/#\/schema\/person\/image\/\",\"url\":\"https:\/\/secure.gravatar.com\/avatar\/b2eac948da9f4d92d87cb5f38df0ae7816d0197d69078f44687f2f91fc97296d?s=96&d=mm&r=g\",\"contentUrl\":\"https:\/\/secure.gravatar.com\/avatar\/b2eac948da9f4d92d87cb5f38df0ae7816d0197d69078f44687f2f91fc97296d?s=96&d=mm&r=g\",\"caption\":\"epiadmin\"},\"url\":\"https:\/\/epi.org.mk\/sq\/post\/author\/epiadmin\"}]}<\/script>\n<!-- \/ Yoast SEO plugin. -->","yoast_head_json":{"title":"EPI \u00ebsht\u00eb zgjedhur si partner hulumtues i Agjensionit t\u00eb Bashkimit Evropian p\u00ebr t\u00eb drejta themelore - EPI","robots":{"index":"index","follow":"follow","max-snippet":"max-snippet:-1","max-image-preview":"max-image-preview:large","max-video-preview":"max-video-preview:-1"},"canonical":"https:\/\/epi.org.mk\/sq\/post\/10163\/","og_locale":"mk_MK","og_type":"article","og_title":"EPI \u00ebsht\u00eb zgjedhur si partner hulumtues i Agjensionit t\u00eb Bashkimit Evropian p\u00ebr t\u00eb drejta themelore - EPI","og_description":"Agjensioni i Bashkimit Evropian p\u00ebr t\u00eb drejta themelore (Fundamental Rights Agency, FRA) zgjodhi Institutin p\u00ebr politik\u00eb evropiane \u2013 Shkup (EPI) p\u00ebr partner t\u00eb saj nga Maqedonia p\u00ebr implementim t\u00eb hulumtimeve lidhur me \u00e7\u00ebshtje nga komeptencat e saja. FRA \u00ebsht\u00eb nji nga agjensionet e decentralizuara t\u00eb Bashkimit Evropian si dhe \u00ebsht\u00eb qend\u00ebr p\u00ebr ekpsertiz\u00eb nga sfera [&hellip;]","og_url":"https:\/\/epi.org.mk\/sq\/post\/10163\/","og_site_name":"EPI","article_publisher":"https:\/\/www.facebook.com\/EPI.Skopje\/","article_published_time":"2018-12-06T14:30:54+00:00","article_modified_time":"2019-03-25T09:12:30+00:00","og_image":[{"width":1604,"height":1080,"url":"https:\/\/epi.org.mk\/wp-content\/uploads\/2018\/10\/epi-background-Large.jpg","type":"image\/jpeg"}],"author":"epiadmin","twitter_card":"summary_large_image","twitter_creator":"@epi_skopje","twitter_site":"@epi_skopje","twitter_misc":{"Written by":"epiadmin","Est. reading time":"1 minute"},"schema":{"@context":"https:\/\/schema.org","@graph":[{"@type":"Article","@id":"https:\/\/epi.org.mk\/post\/10163#article","isPartOf":{"@id":"https:\/\/epi.org.mk\/post\/10163"},"author":{"name":"epiadmin","@id":"https:\/\/epi.org.mk\/#\/schema\/person\/43b3da0531e062aae50b26e7d0c8ab94"},"headline":"EPI \u00ebsht\u00eb zgjedhur si partner hulumtues i Agjensionit t\u00eb Bashkimit Evropian p\u00ebr t\u00eb drejta themelore","datePublished":"2018-12-06T14:30:54+00:00","dateModified":"2019-03-25T09:12:30+00:00","mainEntityOfPage":{"@id":"https:\/\/epi.org.mk\/post\/10163"},"wordCount":247,"publisher":{"@id":"https:\/\/epi.org.mk\/#organization"},"image":{"@id":"https:\/\/epi.org.mk\/post\/10163#primaryimage"},"thumbnailUrl":"https:\/\/epi.org.mk\/wp-content\/uploads\/2018\/10\/epi-background-Large.jpg","keywords":["2018"],"articleSection":["\u041d\u043e\u0432\u043e\u0441\u0442\u0438"],"inLanguage":"mk-MK"},{"@type":"WebPage","@id":"https:\/\/epi.org.mk\/post\/10163","url":"https:\/\/epi.org.mk\/post\/10163","name":"EPI \u00ebsht\u00eb zgjedhur si partner hulumtues i Agjensionit t\u00eb Bashkimit Evropian p\u00ebr t\u00eb drejta themelore - EPI","isPartOf":{"@id":"https:\/\/epi.org.mk\/#website"},"primaryImageOfPage":{"@id":"https:\/\/epi.org.mk\/post\/10163#primaryimage"},"image":{"@id":"https:\/\/epi.org.mk\/post\/10163#primaryimage"},"thumbnailUrl":"https:\/\/epi.org.mk\/wp-content\/uploads\/2018\/10\/epi-background-Large.jpg","datePublished":"2018-12-06T14:30:54+00:00","dateModified":"2019-03-25T09:12:30+00:00","breadcrumb":{"@id":"https:\/\/epi.org.mk\/post\/10163#breadcrumb"},"inLanguage":"mk-MK","potentialAction":[{"@type":"ReadAction","target":["https:\/\/epi.org.mk\/post\/10163"]}]},{"@type":"ImageObject","inLanguage":"mk-MK","@id":"https:\/\/epi.org.mk\/post\/10163#primaryimage","url":"https:\/\/epi.org.mk\/wp-content\/uploads\/2018\/10\/epi-background-Large.jpg","contentUrl":"https:\/\/epi.org.mk\/wp-content\/uploads\/2018\/10\/epi-background-Large.jpg","width":1604,"height":1080},{"@type":"BreadcrumbList","@id":"https:\/\/epi.org.mk\/post\/10163#breadcrumb","itemListElement":[{"@type":"ListItem","position":1,"name":"Home","item":"https:\/\/epi.org.mk\/"},{"@type":"ListItem","position":2,"name":"EPI \u00ebsht\u00eb zgjedhur si partner hulumtues i Agjensionit t\u00eb Bashkimit Evropian p\u00ebr t\u00eb drejta themelore"}]},{"@type":"WebSite","@id":"https:\/\/epi.org.mk\/#website","url":"https:\/\/epi.org.mk\/","name":"EPI","description":"\u0418\u043d\u0441\u0442\u0438\u0442\u0443\u0442 \u0437\u0430 \u0435\u0432\u0440\u043e\u043f\u0441\u043a\u0430 \u043f\u043e\u043b\u0438\u0442\u0438\u043a\u0430","publisher":{"@id":"https:\/\/epi.org.mk\/#organization"},"potentialAction":[{"@type":"SearchAction","target":{"@type":"EntryPoint","urlTemplate":"https:\/\/epi.org.mk\/?s={search_term_string}"},"query-input":{"@type":"PropertyValueSpecification","valueRequired":true,"valueName":"search_term_string"}}],"inLanguage":"mk-MK"},{"@type":"Organization","@id":"https:\/\/epi.org.mk\/#organization","name":"European Policy Institute - Skopje","alternateName":"EPI Skopje","url":"https:\/\/epi.org.mk\/","logo":{"@type":"ImageObject","inLanguage":"mk-MK","@id":"https:\/\/epi.org.mk\/#\/schema\/logo\/image\/","url":"https:\/\/epi.org.mk\/wp-content\/uploads\/epi-logo.jpg","contentUrl":"https:\/\/epi.org.mk\/wp-content\/uploads\/epi-logo.jpg","width":909,"height":909,"caption":"European Policy Institute - Skopje"},"image":{"@id":"https:\/\/epi.org.mk\/#\/schema\/logo\/image\/"},"sameAs":["https:\/\/www.facebook.com\/EPI.Skopje\/","https:\/\/x.com\/epi_skopje","https:\/\/www.instagram.com\/epi.skopje\/","https:\/\/www.linkedin.com\/company\/epi-skopje"]},{"@type":"Person","@id":"https:\/\/epi.org.mk\/#\/schema\/person\/43b3da0531e062aae50b26e7d0c8ab94","name":"epiadmin","image":{"@type":"ImageObject","inLanguage":"mk-MK","@id":"https:\/\/epi.org.mk\/#\/schema\/person\/image\/","url":"https:\/\/secure.gravatar.com\/avatar\/b2eac948da9f4d92d87cb5f38df0ae7816d0197d69078f44687f2f91fc97296d?s=96&d=mm&r=g","contentUrl":"https:\/\/secure.gravatar.com\/avatar\/b2eac948da9f4d92d87cb5f38df0ae7816d0197d69078f44687f2f91fc97296d?s=96&d=mm&r=g","caption":"epiadmin"},"url":"https:\/\/epi.org.mk\/sq\/post\/author\/epiadmin"}]}},"_links":{"self":[{"href":"https:\/\/epi.org.mk\/sq\/wp-json\/wp\/v2\/posts\/10167","targetHints":{"allow":["GET"]}}],"collection":[{"href":"https:\/\/epi.org.mk\/sq\/wp-json\/wp\/v2\/posts"}],"about":[{"href":"https:\/\/epi.org.mk\/sq\/wp-json\/wp\/v2\/types\/post"}],"author":[{"embeddable":true,"href":"https:\/\/epi.org.mk\/sq\/wp-json\/wp\/v2\/users\/1"}],"replies":[{"embeddable":true,"href":"https:\/\/epi.org.mk\/sq\/wp-json\/wp\/v2\/comments?post=10167"}],"version-history":[{"count":0,"href":"https:\/\/epi.org.mk\/sq\/wp-json\/wp\/v2\/posts\/10167\/revisions"}],"wp:featuredmedia":[{"embeddable":true,"href":"https:\/\/epi.org.mk\/sq\/wp-json\/wp\/v2\/media\/8185"}],"wp:attachment":[{"href":"https:\/\/epi.org.mk\/sq\/wp-json\/wp\/v2\/media?parent=10167"}],"wp:term":[{"taxonomy":"category","embeddable":true,"href":"https:\/\/epi.org.mk\/sq\/wp-json\/wp\/v2\/categories?post=10167"},{"taxonomy":"post_tag","embeddable":true,"href":"https:\/\/epi.org.mk\/sq\/wp-json\/wp\/v2\/tags?post=10167"}],"curies":[{"name":"wp","href":"https:\/\/api.w.org\/{rel}","templated":true}]}}