{"id":10161,"date":"2018-11-27T14:27:25","date_gmt":"2018-11-27T14:27:25","guid":{"rendered":"https:\/\/test.epi.org.mk\/?p=10161"},"modified":"2019-03-25T09:13:52","modified_gmt":"2019-03-25T09:13:52","slug":"prezentim-i-draftit-te-raportit-nacional-nga-monitorimi-i-rap","status":"publish","type":"post","link":"https:\/\/epi.org.mk\/sq\/post\/10161?lang=sq","title":{"rendered":"Prezentim i draftit t\u00eb Raportit nacional nga monitorimi i RAP"},"content":{"rendered":"<p>Instituti p\u00ebr politik\u00eb evropiane \u2013 Shkup (EPI) m\u00eb 27 n\u00ebntor mbajti konferenc\u00eb finale t\u00eb\u00a0<a href=\"http:\/\/par-monitor.org\/\">WeBER\u00a0<\/a>&#8211; \u00a0projekt p\u00ebr krijim t\u00eb rrethan\u00ebs mund\u00ebsuese n\u00eb shtetet e Ballkanit per\u00ebndimor p\u00ebr monitorim t\u00eb reformave t\u00eb administrat\u00ebs publike nga ana e shoq\u00ebris\u00eb civile.<\/p>\n<p>N\u00eb konferenc\u00eb u prezentuan rezultatet nga monitorimi i reformave n\u00eb administrat\u00ebn publike, me fokus n\u00eb organizatat qytetare dhe rolin e tyre n\u00eb monitorimin dhe mb\u00ebshtetjen e reformave t\u00eb administrat\u00ebs publike n\u00eb Republik\u00ebn e Maqedonis\u00eb dhe rrug\u00ebtimin e saj n\u00eb BE. N\u00eb nj\u00eb vend do t\u00eb jen\u00eb t\u00eb mbledhur aktor\u00ebt kryesor q\u00eb t\u00eb realizohet dialog me institucione relevante p\u00ebr krijimin e nj\u00eb administrate m\u00eb t\u00eb mir\u00eb. Konferenca do t\u00eb sh\u00ebrbej\u00eb edhe p\u00ebr prezentim dhe diskutim t\u00eb Raportit t\u00eb par\u00eb nacional p\u00ebr ndjekjen e RAP.<\/p>\n<p><img fetchpriority=\"high\" decoding=\"async\" class=\"alignnone size-large wp-image-10152\" src=\"https:\/\/test.epi.org.mk\/wp-content\/uploads\/2019\/02\/47129872_751965795170708_5691356602397884416_n-1-1024x768.jpg\" alt=\"\" width=\"1024\" height=\"768\" srcset=\"https:\/\/epi.org.mk\/wp-content\/uploads\/2019\/02\/47129872_751965795170708_5691356602397884416_n-1-1024x768.jpg 1024w, https:\/\/epi.org.mk\/wp-content\/uploads\/2019\/02\/47129872_751965795170708_5691356602397884416_n-1-300x225.jpg 300w, https:\/\/epi.org.mk\/wp-content\/uploads\/2019\/02\/47129872_751965795170708_5691356602397884416_n-1-768x576.jpg 768w, https:\/\/epi.org.mk\/wp-content\/uploads\/2019\/02\/47129872_751965795170708_5691356602397884416_n-1-1536x1152.jpg 1536w, https:\/\/epi.org.mk\/wp-content\/uploads\/2019\/02\/47129872_751965795170708_5691356602397884416_n-1-16x12.jpg 16w, https:\/\/epi.org.mk\/wp-content\/uploads\/2019\/02\/47129872_751965795170708_5691356602397884416_n-1.jpg 2048w\" sizes=\"(max-width: 1024px) 100vw, 1024px\" \/><\/p>\n<p>Konferenca ishte e ndar\u00eb n\u00eb dy panele.<\/p>\n<p><strong>Diskutim p\u00ebr sferat prioritare n\u00eb administrat\u00ebn publike: Korniza strategjike; Sh\u00ebrbimet publike dhe menaxhimi i resurseve njer\u00ebzore; Menaxhimi me finansa publike<\/strong><\/p>\n<p>N\u00eb panelin e par\u00eb t\u00eb ngjarjes, diskutuan\u00a0<strong>Malinka Ristevska Jordanova<\/strong>\u00a0nga EPI dhe hulumtuesja n\u00eb kuad\u00ebr t\u00eb projektit WeBER,\u00a0<strong>Aleksandra Ivanovska<\/strong>, ministri p\u00ebr shoq\u00ebri informatike dhe administrat\u00eb,\u00a0<strong>Damjan Man\u00e7evski<\/strong>\u00a0, profesori inordinar\u00a0<strong>Dragan Gocevski<\/strong>\u00a0nga Fakulteti juridik \u201cJustiniani i par\u00eb\u201d, si dhe\u00a0<strong>Neda Maleska\u00a0<\/strong>nga Qendra p\u00ebr menaxhim t\u00eb ndryshimeve.<\/p>\n<p><strong>Diskutim p\u00ebr sferat prioritare n\u00eb administrat\u00ebn publike: krijimi i politikave dhe koordinim; P\u00ebrgjegj\u00ebsi, llogari dh\u00ebnie dhe transparenc\u00eb; dh\u00ebnia e sh\u00ebrbimeve dhe IKT mb\u00ebshtetje p\u00ebr administrat\u00ebn<\/strong><\/p>\n<p><img decoding=\"async\" class=\"alignnone size-large wp-image-10155\" src=\"https:\/\/test.epi.org.mk\/wp-content\/uploads\/2019\/02\/46785906_343420643118763_7889262642466914304_n-1-1024x768.jpg\" alt=\"\" width=\"1024\" height=\"768\" srcset=\"https:\/\/epi.org.mk\/wp-content\/uploads\/2019\/02\/46785906_343420643118763_7889262642466914304_n-1-1024x768.jpg 1024w, https:\/\/epi.org.mk\/wp-content\/uploads\/2019\/02\/46785906_343420643118763_7889262642466914304_n-1-300x225.jpg 300w, https:\/\/epi.org.mk\/wp-content\/uploads\/2019\/02\/46785906_343420643118763_7889262642466914304_n-1-768x576.jpg 768w, https:\/\/epi.org.mk\/wp-content\/uploads\/2019\/02\/46785906_343420643118763_7889262642466914304_n-1-1536x1152.jpg 1536w, https:\/\/epi.org.mk\/wp-content\/uploads\/2019\/02\/46785906_343420643118763_7889262642466914304_n-1-16x12.jpg 16w, https:\/\/epi.org.mk\/wp-content\/uploads\/2019\/02\/46785906_343420643118763_7889262642466914304_n-1.jpg 2048w\" sizes=\"(max-width: 1024px) 100vw, 1024px\" \/><\/p>\n<p>N\u00eb panelin e dyt\u00eb, pjes\u00ebmarr\u00ebs aktiv ishin\u00a0<strong>Angel Mojsovski<\/strong>, hulumtues n\u00eb EPI n\u00eb kuad\u00ebr t\u00eb projektit WeBER,\u00a0<strong>Kristina Dimovska<\/strong>\u00a0 nga ministria p\u00ebr shoq\u00ebri informatike dhe administrat\u00eb,\u00a0<strong>Aleksandar Nikollov\u00a0<\/strong>nga Asociacioni ZENIT, si dhe\u00a0<strong>Misha Popoviq\u00a0<\/strong>nga Instituti p\u00ebr demokraci \u201cSocietas Civilis\u201d \u2013 Shkup.<\/p>\n<p>Ngjarjen e moderoi gazetari\u00a0<strong>Vasko Popetrevski<\/strong>.<\/p>\n<p>Raporti nacional i monitorimit t\u00eb reformave t\u00eb administrat\u00ebs publike do t\u00eb jet\u00eb i arritsh\u00ebm n\u00eb web faqen e EPI pas p\u00ebrfundimit t\u00eb tij.<\/p>\n<p><strong>P\u00ebr projektin<\/strong><\/p>\n<p>Instituti p\u00ebr politik\u00eb evropiane (EPI) \u2013 Shkup, n\u00eb bashk\u00ebpunim me Qendr\u00ebn p\u00ebr politika evropiane (CEP) \u2013 S\u00ebrbi, nga 1 janar 2016 filluan t\u00eb implementojn\u00eb projektin p\u00ebr krijim t\u00eb rrethan\u00ebs mund\u00ebsuese n\u00eb shtetet e Ballkanit per\u00ebndimor p\u00ebr monitorim t\u00eb reformave t\u00eb administrat\u00ebs publike nga ana e shoq\u00ebris\u00eb civile. Bashk\u00ebpun\u00ebtor\u00eb t\u00eb projektit jan\u00eb: Qendra p\u00ebr politika evropiane (Belgjik\u00eb), Instituti Alternativa (Mal i Zi), Grupa p\u00ebr studime juridike dhe politike (Kosov\u00eb), Instituti p\u00ebr demokraci dhe mediacijon (Shqip\u00ebri). Proekti finansohet nga BE-ja, kofinansohet nga Mbret\u00ebria e Holand\u00ebs, dhe ka p\u00ebr q\u00ebllim t\u00eb zmadhoj\u00eb r\u00ebnd\u00ebsin\u00eb, pjes\u00ebmarrjen dhe kapacitetin e organizatave qytetare dhe mediumeve n\u00eb Ballkanin Per\u00ebndimor me q\u00ebllim q\u00eb ata t\u00eb mirren dhe t\u00eb ndikojn\u00eb n\u00eb krijimin dhe implementimin e reformave n\u00eb administrat\u00ebn publike (RAP). Proekti WeBER u vler\u00ebsua si shembull p\u00ebr praktik\u00eb m\u00eb t\u00eb suksesshme n\u00eb rajon n\u00eb Evaluimin e program\u00ebs rajonale t\u00eb BE-s\u00eb p\u00ebr shoq\u00ebrit\u00eb qytetare.<\/p>","protected":false},"excerpt":{"rendered":"<p>Instituti p\u00ebr politik\u00eb evropiane \u2013 Shkup (EPI) m\u00eb 27 n\u00ebntor mbajti konferenc\u00eb finale t\u00eb\u00a0WeBER\u00a0&#8211; \u00a0projekt p\u00ebr krijim t\u00eb rrethan\u00ebs mund\u00ebsuese n\u00eb shtetet e Ballkanit per\u00ebndimor p\u00ebr monitorim t\u00eb reformave t\u00eb administrat\u00ebs publike nga ana e shoq\u00ebris\u00eb civile. N\u00eb konferenc\u00eb u prezentuan rezultatet nga monitorimi i reformave n\u00eb administrat\u00ebn publike, me fokus n\u00eb organizatat qytetare dhe [&hellip;]<\/p>","protected":false},"author":1,"featured_media":10155,"comment_status":"closed","ping_status":"closed","sticky":false,"template":"","format":"standard","meta":{"_acf_changed":false,"footnotes":""},"categories":[106],"tags":[331],"class_list":["post-10161","post","type-post","status-publish","format-standard","has-post-thumbnail","hentry","category-106","tag-2018-2"],"acf":[],"yoast_head":"<!-- This site is optimized with the Yoast SEO plugin v24.4 - https:\/\/yoast.com\/wordpress\/plugins\/seo\/ -->\n<title>Prezentim i draftit t\u00eb Raportit nacional nga monitorimi i RAP - EPI<\/title>\n<meta name=\"robots\" content=\"index, follow, max-snippet:-1, max-image-preview:large, max-video-preview:-1\" \/>\n<link rel=\"canonical\" href=\"https:\/\/epi.org.mk\/sq\/post\/10148\/\" \/>\n<meta property=\"og:locale\" content=\"mk_MK\" \/>\n<meta property=\"og:type\" content=\"article\" \/>\n<meta property=\"og:title\" content=\"Prezentim i draftit t\u00eb Raportit nacional nga monitorimi i RAP - EPI\" \/>\n<meta property=\"og:description\" content=\"Instituti p\u00ebr politik\u00eb evropiane \u2013 Shkup (EPI) m\u00eb 27 n\u00ebntor mbajti konferenc\u00eb finale t\u00eb\u00a0WeBER\u00a0&#8211; \u00a0projekt p\u00ebr krijim t\u00eb rrethan\u00ebs mund\u00ebsuese n\u00eb shtetet e Ballkanit per\u00ebndimor p\u00ebr monitorim t\u00eb reformave t\u00eb administrat\u00ebs publike nga ana e shoq\u00ebris\u00eb civile. N\u00eb konferenc\u00eb u prezentuan rezultatet nga monitorimi i reformave n\u00eb administrat\u00ebn publike, me fokus n\u00eb organizatat qytetare dhe [&hellip;]\" \/>\n<meta property=\"og:url\" content=\"https:\/\/epi.org.mk\/sq\/post\/10148\/\" \/>\n<meta property=\"og:site_name\" content=\"EPI\" \/>\n<meta property=\"article:publisher\" content=\"https:\/\/www.facebook.com\/EPI.Skopje\/\" \/>\n<meta property=\"article:published_time\" content=\"2018-11-27T14:27:25+00:00\" \/>\n<meta property=\"article:modified_time\" content=\"2019-03-25T09:13:52+00:00\" \/>\n<meta property=\"og:image\" content=\"https:\/\/epi.org.mk\/wp-content\/uploads\/2019\/02\/46785906_343420643118763_7889262642466914304_n-1.jpg\" \/>\n\t<meta property=\"og:image:width\" content=\"2048\" \/>\n\t<meta property=\"og:image:height\" content=\"1536\" \/>\n\t<meta property=\"og:image:type\" content=\"image\/jpeg\" \/>\n<meta name=\"author\" content=\"epiadmin\" \/>\n<meta name=\"twitter:card\" content=\"summary_large_image\" \/>\n<meta name=\"twitter:creator\" content=\"@epi_skopje\" \/>\n<meta name=\"twitter:site\" content=\"@epi_skopje\" \/>\n<meta name=\"twitter:label1\" content=\"Written by\" \/>\n\t<meta name=\"twitter:data1\" content=\"epiadmin\" \/>\n\t<meta name=\"twitter:label2\" content=\"Est. reading time\" \/>\n\t<meta name=\"twitter:data2\" content=\"3 minutes\" \/>\n<script type=\"application\/ld+json\" class=\"yoast-schema-graph\">{\"@context\":\"https:\/\/schema.org\",\"@graph\":[{\"@type\":\"Article\",\"@id\":\"https:\/\/epi.org.mk\/post\/10148#article\",\"isPartOf\":{\"@id\":\"https:\/\/epi.org.mk\/post\/10148\"},\"author\":{\"name\":\"epiadmin\",\"@id\":\"https:\/\/epi.org.mk\/#\/schema\/person\/43b3da0531e062aae50b26e7d0c8ab94\"},\"headline\":\"Prezentim i draftit t\u00eb Raportit nacional nga monitorimi i RAP\",\"datePublished\":\"2018-11-27T14:27:25+00:00\",\"dateModified\":\"2019-03-25T09:13:52+00:00\",\"mainEntityOfPage\":{\"@id\":\"https:\/\/epi.org.mk\/post\/10148\"},\"wordCount\":524,\"publisher\":{\"@id\":\"https:\/\/epi.org.mk\/#organization\"},\"image\":{\"@id\":\"https:\/\/epi.org.mk\/post\/10148#primaryimage\"},\"thumbnailUrl\":\"https:\/\/epi.org.mk\/wp-content\/uploads\/2019\/02\/46785906_343420643118763_7889262642466914304_n-1.jpg\",\"keywords\":[\"2018\"],\"articleSection\":[\"\u041d\u043e\u0432\u043e\u0441\u0442\u0438\"],\"inLanguage\":\"mk-MK\"},{\"@type\":\"WebPage\",\"@id\":\"https:\/\/epi.org.mk\/post\/10148\",\"url\":\"https:\/\/epi.org.mk\/post\/10148\",\"name\":\"Prezentim i draftit t\u00eb Raportit nacional nga monitorimi i RAP - EPI\",\"isPartOf\":{\"@id\":\"https:\/\/epi.org.mk\/#website\"},\"primaryImageOfPage\":{\"@id\":\"https:\/\/epi.org.mk\/post\/10148#primaryimage\"},\"image\":{\"@id\":\"https:\/\/epi.org.mk\/post\/10148#primaryimage\"},\"thumbnailUrl\":\"https:\/\/epi.org.mk\/wp-content\/uploads\/2019\/02\/46785906_343420643118763_7889262642466914304_n-1.jpg\",\"datePublished\":\"2018-11-27T14:27:25+00:00\",\"dateModified\":\"2019-03-25T09:13:52+00:00\",\"breadcrumb\":{\"@id\":\"https:\/\/epi.org.mk\/post\/10148#breadcrumb\"},\"inLanguage\":\"mk-MK\",\"potentialAction\":[{\"@type\":\"ReadAction\",\"target\":[\"https:\/\/epi.org.mk\/post\/10148\"]}]},{\"@type\":\"ImageObject\",\"inLanguage\":\"mk-MK\",\"@id\":\"https:\/\/epi.org.mk\/post\/10148#primaryimage\",\"url\":\"https:\/\/epi.org.mk\/wp-content\/uploads\/2019\/02\/46785906_343420643118763_7889262642466914304_n-1.jpg\",\"contentUrl\":\"https:\/\/epi.org.mk\/wp-content\/uploads\/2019\/02\/46785906_343420643118763_7889262642466914304_n-1.jpg\",\"width\":2048,\"height\":1536},{\"@type\":\"BreadcrumbList\",\"@id\":\"https:\/\/epi.org.mk\/post\/10148#breadcrumb\",\"itemListElement\":[{\"@type\":\"ListItem\",\"position\":1,\"name\":\"Home\",\"item\":\"https:\/\/epi.org.mk\/\"},{\"@type\":\"ListItem\",\"position\":2,\"name\":\"Prezentim i draftit t\u00eb Raportit nacional nga monitorimi i RAP\"}]},{\"@type\":\"WebSite\",\"@id\":\"https:\/\/epi.org.mk\/#website\",\"url\":\"https:\/\/epi.org.mk\/\",\"name\":\"EPI\",\"description\":\"\u0418\u043d\u0441\u0442\u0438\u0442\u0443\u0442 \u0437\u0430 \u0435\u0432\u0440\u043e\u043f\u0441\u043a\u0430 \u043f\u043e\u043b\u0438\u0442\u0438\u043a\u0430\",\"publisher\":{\"@id\":\"https:\/\/epi.org.mk\/#organization\"},\"potentialAction\":[{\"@type\":\"SearchAction\",\"target\":{\"@type\":\"EntryPoint\",\"urlTemplate\":\"https:\/\/epi.org.mk\/?s={search_term_string}\"},\"query-input\":{\"@type\":\"PropertyValueSpecification\",\"valueRequired\":true,\"valueName\":\"search_term_string\"}}],\"inLanguage\":\"mk-MK\"},{\"@type\":\"Organization\",\"@id\":\"https:\/\/epi.org.mk\/#organization\",\"name\":\"European Policy Institute - Skopje\",\"alternateName\":\"EPI Skopje\",\"url\":\"https:\/\/epi.org.mk\/\",\"logo\":{\"@type\":\"ImageObject\",\"inLanguage\":\"mk-MK\",\"@id\":\"https:\/\/epi.org.mk\/#\/schema\/logo\/image\/\",\"url\":\"https:\/\/epi.org.mk\/wp-content\/uploads\/epi-logo.jpg\",\"contentUrl\":\"https:\/\/epi.org.mk\/wp-content\/uploads\/epi-logo.jpg\",\"width\":909,\"height\":909,\"caption\":\"European Policy Institute - Skopje\"},\"image\":{\"@id\":\"https:\/\/epi.org.mk\/#\/schema\/logo\/image\/\"},\"sameAs\":[\"https:\/\/www.facebook.com\/EPI.Skopje\/\",\"https:\/\/x.com\/epi_skopje\",\"https:\/\/www.instagram.com\/epi.skopje\/\",\"https:\/\/www.linkedin.com\/company\/epi-skopje\"]},{\"@type\":\"Person\",\"@id\":\"https:\/\/epi.org.mk\/#\/schema\/person\/43b3da0531e062aae50b26e7d0c8ab94\",\"name\":\"epiadmin\",\"image\":{\"@type\":\"ImageObject\",\"inLanguage\":\"mk-MK\",\"@id\":\"https:\/\/epi.org.mk\/#\/schema\/person\/image\/\",\"url\":\"https:\/\/secure.gravatar.com\/avatar\/b2eac948da9f4d92d87cb5f38df0ae7816d0197d69078f44687f2f91fc97296d?s=96&d=mm&r=g\",\"contentUrl\":\"https:\/\/secure.gravatar.com\/avatar\/b2eac948da9f4d92d87cb5f38df0ae7816d0197d69078f44687f2f91fc97296d?s=96&d=mm&r=g\",\"caption\":\"epiadmin\"},\"url\":\"https:\/\/epi.org.mk\/sq\/post\/author\/epiadmin\"}]}<\/script>\n<!-- \/ Yoast SEO plugin. -->","yoast_head_json":{"title":"Prezentim i draftit t\u00eb Raportit nacional nga monitorimi i RAP - EPI","robots":{"index":"index","follow":"follow","max-snippet":"max-snippet:-1","max-image-preview":"max-image-preview:large","max-video-preview":"max-video-preview:-1"},"canonical":"https:\/\/epi.org.mk\/sq\/post\/10148\/","og_locale":"mk_MK","og_type":"article","og_title":"Prezentim i draftit t\u00eb Raportit nacional nga monitorimi i RAP - EPI","og_description":"Instituti p\u00ebr politik\u00eb evropiane \u2013 Shkup (EPI) m\u00eb 27 n\u00ebntor mbajti konferenc\u00eb finale t\u00eb\u00a0WeBER\u00a0&#8211; \u00a0projekt p\u00ebr krijim t\u00eb rrethan\u00ebs mund\u00ebsuese n\u00eb shtetet e Ballkanit per\u00ebndimor p\u00ebr monitorim t\u00eb reformave t\u00eb administrat\u00ebs publike nga ana e shoq\u00ebris\u00eb civile. N\u00eb konferenc\u00eb u prezentuan rezultatet nga monitorimi i reformave n\u00eb administrat\u00ebn publike, me fokus n\u00eb organizatat qytetare dhe [&hellip;]","og_url":"https:\/\/epi.org.mk\/sq\/post\/10148\/","og_site_name":"EPI","article_publisher":"https:\/\/www.facebook.com\/EPI.Skopje\/","article_published_time":"2018-11-27T14:27:25+00:00","article_modified_time":"2019-03-25T09:13:52+00:00","og_image":[{"width":2048,"height":1536,"url":"https:\/\/epi.org.mk\/wp-content\/uploads\/2019\/02\/46785906_343420643118763_7889262642466914304_n-1.jpg","type":"image\/jpeg"}],"author":"epiadmin","twitter_card":"summary_large_image","twitter_creator":"@epi_skopje","twitter_site":"@epi_skopje","twitter_misc":{"Written by":"epiadmin","Est. reading time":"3 minutes"},"schema":{"@context":"https:\/\/schema.org","@graph":[{"@type":"Article","@id":"https:\/\/epi.org.mk\/post\/10148#article","isPartOf":{"@id":"https:\/\/epi.org.mk\/post\/10148"},"author":{"name":"epiadmin","@id":"https:\/\/epi.org.mk\/#\/schema\/person\/43b3da0531e062aae50b26e7d0c8ab94"},"headline":"Prezentim i draftit t\u00eb Raportit nacional nga monitorimi i RAP","datePublished":"2018-11-27T14:27:25+00:00","dateModified":"2019-03-25T09:13:52+00:00","mainEntityOfPage":{"@id":"https:\/\/epi.org.mk\/post\/10148"},"wordCount":524,"publisher":{"@id":"https:\/\/epi.org.mk\/#organization"},"image":{"@id":"https:\/\/epi.org.mk\/post\/10148#primaryimage"},"thumbnailUrl":"https:\/\/epi.org.mk\/wp-content\/uploads\/2019\/02\/46785906_343420643118763_7889262642466914304_n-1.jpg","keywords":["2018"],"articleSection":["\u041d\u043e\u0432\u043e\u0441\u0442\u0438"],"inLanguage":"mk-MK"},{"@type":"WebPage","@id":"https:\/\/epi.org.mk\/post\/10148","url":"https:\/\/epi.org.mk\/post\/10148","name":"Prezentim i draftit t\u00eb Raportit nacional nga monitorimi i RAP - EPI","isPartOf":{"@id":"https:\/\/epi.org.mk\/#website"},"primaryImageOfPage":{"@id":"https:\/\/epi.org.mk\/post\/10148#primaryimage"},"image":{"@id":"https:\/\/epi.org.mk\/post\/10148#primaryimage"},"thumbnailUrl":"https:\/\/epi.org.mk\/wp-content\/uploads\/2019\/02\/46785906_343420643118763_7889262642466914304_n-1.jpg","datePublished":"2018-11-27T14:27:25+00:00","dateModified":"2019-03-25T09:13:52+00:00","breadcrumb":{"@id":"https:\/\/epi.org.mk\/post\/10148#breadcrumb"},"inLanguage":"mk-MK","potentialAction":[{"@type":"ReadAction","target":["https:\/\/epi.org.mk\/post\/10148"]}]},{"@type":"ImageObject","inLanguage":"mk-MK","@id":"https:\/\/epi.org.mk\/post\/10148#primaryimage","url":"https:\/\/epi.org.mk\/wp-content\/uploads\/2019\/02\/46785906_343420643118763_7889262642466914304_n-1.jpg","contentUrl":"https:\/\/epi.org.mk\/wp-content\/uploads\/2019\/02\/46785906_343420643118763_7889262642466914304_n-1.jpg","width":2048,"height":1536},{"@type":"BreadcrumbList","@id":"https:\/\/epi.org.mk\/post\/10148#breadcrumb","itemListElement":[{"@type":"ListItem","position":1,"name":"Home","item":"https:\/\/epi.org.mk\/"},{"@type":"ListItem","position":2,"name":"Prezentim i draftit t\u00eb Raportit nacional nga monitorimi i RAP"}]},{"@type":"WebSite","@id":"https:\/\/epi.org.mk\/#website","url":"https:\/\/epi.org.mk\/","name":"EPI","description":"\u0418\u043d\u0441\u0442\u0438\u0442\u0443\u0442 \u0437\u0430 \u0435\u0432\u0440\u043e\u043f\u0441\u043a\u0430 \u043f\u043e\u043b\u0438\u0442\u0438\u043a\u0430","publisher":{"@id":"https:\/\/epi.org.mk\/#organization"},"potentialAction":[{"@type":"SearchAction","target":{"@type":"EntryPoint","urlTemplate":"https:\/\/epi.org.mk\/?s={search_term_string}"},"query-input":{"@type":"PropertyValueSpecification","valueRequired":true,"valueName":"search_term_string"}}],"inLanguage":"mk-MK"},{"@type":"Organization","@id":"https:\/\/epi.org.mk\/#organization","name":"European Policy Institute - Skopje","alternateName":"EPI Skopje","url":"https:\/\/epi.org.mk\/","logo":{"@type":"ImageObject","inLanguage":"mk-MK","@id":"https:\/\/epi.org.mk\/#\/schema\/logo\/image\/","url":"https:\/\/epi.org.mk\/wp-content\/uploads\/epi-logo.jpg","contentUrl":"https:\/\/epi.org.mk\/wp-content\/uploads\/epi-logo.jpg","width":909,"height":909,"caption":"European Policy Institute - Skopje"},"image":{"@id":"https:\/\/epi.org.mk\/#\/schema\/logo\/image\/"},"sameAs":["https:\/\/www.facebook.com\/EPI.Skopje\/","https:\/\/x.com\/epi_skopje","https:\/\/www.instagram.com\/epi.skopje\/","https:\/\/www.linkedin.com\/company\/epi-skopje"]},{"@type":"Person","@id":"https:\/\/epi.org.mk\/#\/schema\/person\/43b3da0531e062aae50b26e7d0c8ab94","name":"epiadmin","image":{"@type":"ImageObject","inLanguage":"mk-MK","@id":"https:\/\/epi.org.mk\/#\/schema\/person\/image\/","url":"https:\/\/secure.gravatar.com\/avatar\/b2eac948da9f4d92d87cb5f38df0ae7816d0197d69078f44687f2f91fc97296d?s=96&d=mm&r=g","contentUrl":"https:\/\/secure.gravatar.com\/avatar\/b2eac948da9f4d92d87cb5f38df0ae7816d0197d69078f44687f2f91fc97296d?s=96&d=mm&r=g","caption":"epiadmin"},"url":"https:\/\/epi.org.mk\/sq\/post\/author\/epiadmin"}]}},"_links":{"self":[{"href":"https:\/\/epi.org.mk\/sq\/wp-json\/wp\/v2\/posts\/10161","targetHints":{"allow":["GET"]}}],"collection":[{"href":"https:\/\/epi.org.mk\/sq\/wp-json\/wp\/v2\/posts"}],"about":[{"href":"https:\/\/epi.org.mk\/sq\/wp-json\/wp\/v2\/types\/post"}],"author":[{"embeddable":true,"href":"https:\/\/epi.org.mk\/sq\/wp-json\/wp\/v2\/users\/1"}],"replies":[{"embeddable":true,"href":"https:\/\/epi.org.mk\/sq\/wp-json\/wp\/v2\/comments?post=10161"}],"version-history":[{"count":0,"href":"https:\/\/epi.org.mk\/sq\/wp-json\/wp\/v2\/posts\/10161\/revisions"}],"wp:featuredmedia":[{"embeddable":true,"href":"https:\/\/epi.org.mk\/sq\/wp-json\/wp\/v2\/media\/10155"}],"wp:attachment":[{"href":"https:\/\/epi.org.mk\/sq\/wp-json\/wp\/v2\/media?parent=10161"}],"wp:term":[{"taxonomy":"category","embeddable":true,"href":"https:\/\/epi.org.mk\/sq\/wp-json\/wp\/v2\/categories?post=10161"},{"taxonomy":"post_tag","embeddable":true,"href":"https:\/\/epi.org.mk\/sq\/wp-json\/wp\/v2\/tags?post=10161"}],"curies":[{"name":"wp","href":"https:\/\/api.w.org\/{rel}","templated":true}]}}