{"id":10009,"date":"2018-08-31T09:50:26","date_gmt":"2018-08-31T09:50:26","guid":{"rendered":"https:\/\/test.epi.org.mk\/?p=10009"},"modified":"2019-02-20T09:51:04","modified_gmt":"2019-02-20T09:51:04","slug":"tryeze-e-rrumbullaket-ardhmeri-euroatlantike-per-maqedonine","status":"publish","type":"post","link":"https:\/\/epi.org.mk\/en\/post\/10009?lang=sq","title":{"rendered":"[Tryez\u00eb e rrumbullak\u00ebt] Ardhm\u00ebri Euroatlantike p\u00ebr Maqedonin\u00eb?"},"content":{"rendered":"<p>Instituti p\u00ebr politik\u00eb evropiane (EPI) \u2013 Shkup, Instituti p\u00ebr demokraci \u201cSocietas Civilis\u201d \u2013 Shkup dhe Qendra p\u00ebr analiza ekonomike, n\u00eb bashk\u00ebpunim me Institutin Aspen, Berlin, organizojn\u00eb tryez\u00eb t\u00eb rrumbullak\u00ebt me titullin \u201cArdhm\u00ebri euroatlantike p\u00ebr Maqedonin\u00eb?\u201d, q\u00eb do t\u00eb mbahet t\u00eb h\u00ebn\u00ebn.<\/p>\n<p>Fol\u00ebs do t\u00eb jen\u00eb ministri p\u00ebr pun\u00eb t\u00eb jashtme i Republik\u00ebs s\u00eb Maqedonis\u00eb, Z. Nikolla Dimitrov, p\u00ebrfaq\u00ebsuesi special p\u00ebr Evrop\u00ebn Juglindore, Turqin\u00eb dhe shtetet e EFTA t\u00eb R.S. Gjermanis\u00eb, ambasadori d-r. Kristijan Hellbah, si dhe Z. Rusllan Stefanov nga Qendra p\u00ebr studim t\u00eb demokracis\u00eb n\u00eb Sofje. N\u00eb tryez\u00ebn e rrumbullak\u00ebt \u00ebsht\u00eb i ftuar dhe Z. Hristijan Mickoski, kryetar i VMRO-DPMNE, por pjes\u00ebmarrja e tij ende nuk \u00ebsht\u00eb konfirmuar.<\/p>\n<p>N\u00eb qend\u00ebr t\u00eb debatit do t\u00eb jet\u00eb referendumi i ardhsh\u00ebm q\u00eb do t\u00eb mbahet m\u00eb 30 shtator, 2018 , si dhe cili do t\u00eb jet\u00eb roli i Gjermanis\u00eb dhe partner\u00ebve tjer\u00eb n\u00eb ardhm\u00ebrin\u00eb evropiane t\u00eb Maqedonis\u00eb. Do t\u00eb flitet p\u00ebr ndikimin e hapave t\u00eb Maqedonis\u00eb mbi shtetet e rajonit, si dhe shembujt e shteteve fqinje q\u00eb aderuan kah BE-ja dhe NATO n\u00eb t\u00eb kaluar\u00ebn e af\u00ebrme.<\/p>\n<p>N\u00eb tryez\u00ebn e rrumbullak\u00ebt jan\u00eb t\u00eb ftuar p\u00ebrfaq\u00ebsues t\u00eb institucioneve, ambasadave, organizatave qytetare, partive politike dhe ekspert t\u00eb pavarur, q\u00eb pritet t\u00eb marrin pjes\u00eb n\u00eb m\u00ebnyr\u00eb aktive n\u00eb debat.<\/p>","protected":false},"excerpt":{"rendered":"<p>Instituti p\u00ebr politik\u00eb evropiane (EPI) \u2013 Shkup, Instituti p\u00ebr demokraci \u201cSocietas Civilis\u201d \u2013 Shkup dhe Qendra p\u00ebr analiza ekonomike, n\u00eb bashk\u00ebpunim me Institutin Aspen, Berlin, organizojn\u00eb tryez\u00eb t\u00eb rrumbullak\u00ebt me titullin \u201cArdhm\u00ebri euroatlantike p\u00ebr Maqedonin\u00eb?\u201d, q\u00eb do t\u00eb mbahet t\u00eb h\u00ebn\u00ebn. Fol\u00ebs do t\u00eb jen\u00eb ministri p\u00ebr pun\u00eb t\u00eb jashtme i Republik\u00ebs s\u00eb Maqedonis\u00eb, Z. [&hellip;]<\/p>","protected":false},"author":1,"featured_media":10005,"comment_status":"closed","ping_status":"closed","sticky":false,"template":"","format":"standard","meta":{"_acf_changed":false,"footnotes":""},"categories":[106],"tags":[331,331],"class_list":["post-10009","post","type-post","status-publish","format-standard","has-post-thumbnail","hentry","category-106","tag-2018-2"],"acf":[],"yoast_head":"<!-- This site is optimized with the Yoast SEO plugin v24.4 - https:\/\/yoast.com\/wordpress\/plugins\/seo\/ -->\n<title>[Tryez\u00eb e rrumbullak\u00ebt] Ardhm\u00ebri Euroatlantike p\u00ebr Maqedonin\u00eb? - EPI<\/title>\n<meta name=\"robots\" content=\"index, follow, max-snippet:-1, max-image-preview:large, max-video-preview:-1\" \/>\n<link rel=\"canonical\" href=\"https:\/\/epi.org.mk\/en\/post\/9999\/\" \/>\n<meta property=\"og:locale\" content=\"mk_MK\" \/>\n<meta property=\"og:type\" content=\"article\" \/>\n<meta property=\"og:title\" content=\"[Tryez\u00eb e rrumbullak\u00ebt] Ardhm\u00ebri Euroatlantike p\u00ebr Maqedonin\u00eb? - EPI\" \/>\n<meta property=\"og:description\" content=\"Instituti p\u00ebr politik\u00eb evropiane (EPI) \u2013 Shkup, Instituti p\u00ebr demokraci \u201cSocietas Civilis\u201d \u2013 Shkup dhe Qendra p\u00ebr analiza ekonomike, n\u00eb bashk\u00ebpunim me Institutin Aspen, Berlin, organizojn\u00eb tryez\u00eb t\u00eb rrumbullak\u00ebt me titullin \u201cArdhm\u00ebri euroatlantike p\u00ebr Maqedonin\u00eb?\u201d, q\u00eb do t\u00eb mbahet t\u00eb h\u00ebn\u00ebn. Fol\u00ebs do t\u00eb jen\u00eb ministri p\u00ebr pun\u00eb t\u00eb jashtme i Republik\u00ebs s\u00eb Maqedonis\u00eb, Z. [&hellip;]\" \/>\n<meta property=\"og:url\" content=\"https:\/\/epi.org.mk\/en\/post\/9999\/\" \/>\n<meta property=\"og:site_name\" content=\"EPI\" \/>\n<meta property=\"article:publisher\" content=\"https:\/\/www.facebook.com\/EPI.Skopje\/\" \/>\n<meta property=\"article:published_time\" content=\"2018-08-31T09:50:26+00:00\" \/>\n<meta property=\"article:modified_time\" content=\"2019-02-20T09:51:04+00:00\" \/>\n<meta property=\"og:image\" content=\"https:\/\/epi.org.mk\/wp-content\/uploads\/2019\/02\/slika2en.jpg\" \/>\n\t<meta property=\"og:image:width\" content=\"1280\" \/>\n\t<meta property=\"og:image:height\" content=\"720\" \/>\n\t<meta property=\"og:image:type\" content=\"image\/jpeg\" \/>\n<meta name=\"author\" content=\"epiadmin\" \/>\n<meta name=\"twitter:card\" content=\"summary_large_image\" \/>\n<meta name=\"twitter:creator\" content=\"@epi_skopje\" \/>\n<meta name=\"twitter:site\" content=\"@epi_skopje\" \/>\n<meta name=\"twitter:label1\" content=\"Written by\" \/>\n\t<meta name=\"twitter:data1\" content=\"epiadmin\" \/>\n\t<meta name=\"twitter:label2\" content=\"Est. reading time\" \/>\n\t<meta name=\"twitter:data2\" content=\"1 minute\" \/>\n<script type=\"application\/ld+json\" class=\"yoast-schema-graph\">{\"@context\":\"https:\/\/schema.org\",\"@graph\":[{\"@type\":\"Article\",\"@id\":\"https:\/\/epi.org.mk\/post\/9999#article\",\"isPartOf\":{\"@id\":\"https:\/\/epi.org.mk\/post\/9999\"},\"author\":{\"name\":\"epiadmin\",\"@id\":\"https:\/\/epi.org.mk\/#\/schema\/person\/43b3da0531e062aae50b26e7d0c8ab94\"},\"headline\":\"[Tryez\u00eb e rrumbullak\u00ebt] Ardhm\u00ebri Euroatlantike p\u00ebr Maqedonin\u00eb?\",\"datePublished\":\"2018-08-31T09:50:26+00:00\",\"dateModified\":\"2019-02-20T09:51:04+00:00\",\"mainEntityOfPage\":{\"@id\":\"https:\/\/epi.org.mk\/post\/9999\"},\"wordCount\":242,\"publisher\":{\"@id\":\"https:\/\/epi.org.mk\/#organization\"},\"image\":{\"@id\":\"https:\/\/epi.org.mk\/post\/9999#primaryimage\"},\"thumbnailUrl\":\"https:\/\/epi.org.mk\/wp-content\/uploads\/2019\/02\/slika2en.jpg\",\"keywords\":[\"2018\",\"2018\"],\"articleSection\":[\"\u041d\u043e\u0432\u043e\u0441\u0442\u0438\"],\"inLanguage\":\"mk-MK\"},{\"@type\":\"WebPage\",\"@id\":\"https:\/\/epi.org.mk\/post\/9999\",\"url\":\"https:\/\/epi.org.mk\/post\/9999\",\"name\":\"[Tryez\u00eb e rrumbullak\u00ebt] Ardhm\u00ebri Euroatlantike p\u00ebr Maqedonin\u00eb? - EPI\",\"isPartOf\":{\"@id\":\"https:\/\/epi.org.mk\/#website\"},\"primaryImageOfPage\":{\"@id\":\"https:\/\/epi.org.mk\/post\/9999#primaryimage\"},\"image\":{\"@id\":\"https:\/\/epi.org.mk\/post\/9999#primaryimage\"},\"thumbnailUrl\":\"https:\/\/epi.org.mk\/wp-content\/uploads\/2019\/02\/slika2en.jpg\",\"datePublished\":\"2018-08-31T09:50:26+00:00\",\"dateModified\":\"2019-02-20T09:51:04+00:00\",\"breadcrumb\":{\"@id\":\"https:\/\/epi.org.mk\/post\/9999#breadcrumb\"},\"inLanguage\":\"mk-MK\",\"potentialAction\":[{\"@type\":\"ReadAction\",\"target\":[\"https:\/\/epi.org.mk\/post\/9999\"]}]},{\"@type\":\"ImageObject\",\"inLanguage\":\"mk-MK\",\"@id\":\"https:\/\/epi.org.mk\/post\/9999#primaryimage\",\"url\":\"https:\/\/epi.org.mk\/wp-content\/uploads\/2019\/02\/slika2en.jpg\",\"contentUrl\":\"https:\/\/epi.org.mk\/wp-content\/uploads\/2019\/02\/slika2en.jpg\",\"width\":1280,\"height\":720},{\"@type\":\"BreadcrumbList\",\"@id\":\"https:\/\/epi.org.mk\/post\/9999#breadcrumb\",\"itemListElement\":[{\"@type\":\"ListItem\",\"position\":1,\"name\":\"Home\",\"item\":\"https:\/\/epi.org.mk\/\"},{\"@type\":\"ListItem\",\"position\":2,\"name\":\"[Tryez\u00eb e rrumbullak\u00ebt] Ardhm\u00ebri Euroatlantike p\u00ebr Maqedonin\u00eb?\"}]},{\"@type\":\"WebSite\",\"@id\":\"https:\/\/epi.org.mk\/#website\",\"url\":\"https:\/\/epi.org.mk\/\",\"name\":\"EPI\",\"description\":\"\u0418\u043d\u0441\u0442\u0438\u0442\u0443\u0442 \u0437\u0430 \u0435\u0432\u0440\u043e\u043f\u0441\u043a\u0430 \u043f\u043e\u043b\u0438\u0442\u0438\u043a\u0430\",\"publisher\":{\"@id\":\"https:\/\/epi.org.mk\/#organization\"},\"potentialAction\":[{\"@type\":\"SearchAction\",\"target\":{\"@type\":\"EntryPoint\",\"urlTemplate\":\"https:\/\/epi.org.mk\/?s={search_term_string}\"},\"query-input\":{\"@type\":\"PropertyValueSpecification\",\"valueRequired\":true,\"valueName\":\"search_term_string\"}}],\"inLanguage\":\"mk-MK\"},{\"@type\":\"Organization\",\"@id\":\"https:\/\/epi.org.mk\/#organization\",\"name\":\"European Policy Institute - Skopje\",\"alternateName\":\"EPI Skopje\",\"url\":\"https:\/\/epi.org.mk\/\",\"logo\":{\"@type\":\"ImageObject\",\"inLanguage\":\"mk-MK\",\"@id\":\"https:\/\/epi.org.mk\/#\/schema\/logo\/image\/\",\"url\":\"https:\/\/epi.org.mk\/wp-content\/uploads\/epi-logo.jpg\",\"contentUrl\":\"https:\/\/epi.org.mk\/wp-content\/uploads\/epi-logo.jpg\",\"width\":909,\"height\":909,\"caption\":\"European Policy Institute - Skopje\"},\"image\":{\"@id\":\"https:\/\/epi.org.mk\/#\/schema\/logo\/image\/\"},\"sameAs\":[\"https:\/\/www.facebook.com\/EPI.Skopje\/\",\"https:\/\/x.com\/epi_skopje\",\"https:\/\/www.instagram.com\/epi.skopje\/\",\"https:\/\/www.linkedin.com\/company\/epi-skopje\"]},{\"@type\":\"Person\",\"@id\":\"https:\/\/epi.org.mk\/#\/schema\/person\/43b3da0531e062aae50b26e7d0c8ab94\",\"name\":\"epiadmin\",\"image\":{\"@type\":\"ImageObject\",\"inLanguage\":\"mk-MK\",\"@id\":\"https:\/\/epi.org.mk\/#\/schema\/person\/image\/\",\"url\":\"https:\/\/secure.gravatar.com\/avatar\/b2eac948da9f4d92d87cb5f38df0ae7816d0197d69078f44687f2f91fc97296d?s=96&d=mm&r=g\",\"contentUrl\":\"https:\/\/secure.gravatar.com\/avatar\/b2eac948da9f4d92d87cb5f38df0ae7816d0197d69078f44687f2f91fc97296d?s=96&d=mm&r=g\",\"caption\":\"epiadmin\"},\"url\":\"https:\/\/epi.org.mk\/en\/post\/author\/epiadmin\"}]}<\/script>\n<!-- \/ Yoast SEO plugin. -->","yoast_head_json":{"title":"[Tryez\u00eb e rrumbullak\u00ebt] Ardhm\u00ebri Euroatlantike p\u00ebr Maqedonin\u00eb? - EPI","robots":{"index":"index","follow":"follow","max-snippet":"max-snippet:-1","max-image-preview":"max-image-preview:large","max-video-preview":"max-video-preview:-1"},"canonical":"https:\/\/epi.org.mk\/en\/post\/9999\/","og_locale":"mk_MK","og_type":"article","og_title":"[Tryez\u00eb e rrumbullak\u00ebt] Ardhm\u00ebri Euroatlantike p\u00ebr Maqedonin\u00eb? - EPI","og_description":"Instituti p\u00ebr politik\u00eb evropiane (EPI) \u2013 Shkup, Instituti p\u00ebr demokraci \u201cSocietas Civilis\u201d \u2013 Shkup dhe Qendra p\u00ebr analiza ekonomike, n\u00eb bashk\u00ebpunim me Institutin Aspen, Berlin, organizojn\u00eb tryez\u00eb t\u00eb rrumbullak\u00ebt me titullin \u201cArdhm\u00ebri euroatlantike p\u00ebr Maqedonin\u00eb?\u201d, q\u00eb do t\u00eb mbahet t\u00eb h\u00ebn\u00ebn. Fol\u00ebs do t\u00eb jen\u00eb ministri p\u00ebr pun\u00eb t\u00eb jashtme i Republik\u00ebs s\u00eb Maqedonis\u00eb, Z. [&hellip;]","og_url":"https:\/\/epi.org.mk\/en\/post\/9999\/","og_site_name":"EPI","article_publisher":"https:\/\/www.facebook.com\/EPI.Skopje\/","article_published_time":"2018-08-31T09:50:26+00:00","article_modified_time":"2019-02-20T09:51:04+00:00","og_image":[{"width":1280,"height":720,"url":"https:\/\/epi.org.mk\/wp-content\/uploads\/2019\/02\/slika2en.jpg","type":"image\/jpeg"}],"author":"epiadmin","twitter_card":"summary_large_image","twitter_creator":"@epi_skopje","twitter_site":"@epi_skopje","twitter_misc":{"Written by":"epiadmin","Est. reading time":"1 minute"},"schema":{"@context":"https:\/\/schema.org","@graph":[{"@type":"Article","@id":"https:\/\/epi.org.mk\/post\/9999#article","isPartOf":{"@id":"https:\/\/epi.org.mk\/post\/9999"},"author":{"name":"epiadmin","@id":"https:\/\/epi.org.mk\/#\/schema\/person\/43b3da0531e062aae50b26e7d0c8ab94"},"headline":"[Tryez\u00eb e rrumbullak\u00ebt] Ardhm\u00ebri Euroatlantike p\u00ebr Maqedonin\u00eb?","datePublished":"2018-08-31T09:50:26+00:00","dateModified":"2019-02-20T09:51:04+00:00","mainEntityOfPage":{"@id":"https:\/\/epi.org.mk\/post\/9999"},"wordCount":242,"publisher":{"@id":"https:\/\/epi.org.mk\/#organization"},"image":{"@id":"https:\/\/epi.org.mk\/post\/9999#primaryimage"},"thumbnailUrl":"https:\/\/epi.org.mk\/wp-content\/uploads\/2019\/02\/slika2en.jpg","keywords":["2018","2018"],"articleSection":["\u041d\u043e\u0432\u043e\u0441\u0442\u0438"],"inLanguage":"mk-MK"},{"@type":"WebPage","@id":"https:\/\/epi.org.mk\/post\/9999","url":"https:\/\/epi.org.mk\/post\/9999","name":"[Tryez\u00eb e rrumbullak\u00ebt] Ardhm\u00ebri Euroatlantike p\u00ebr Maqedonin\u00eb? - EPI","isPartOf":{"@id":"https:\/\/epi.org.mk\/#website"},"primaryImageOfPage":{"@id":"https:\/\/epi.org.mk\/post\/9999#primaryimage"},"image":{"@id":"https:\/\/epi.org.mk\/post\/9999#primaryimage"},"thumbnailUrl":"https:\/\/epi.org.mk\/wp-content\/uploads\/2019\/02\/slika2en.jpg","datePublished":"2018-08-31T09:50:26+00:00","dateModified":"2019-02-20T09:51:04+00:00","breadcrumb":{"@id":"https:\/\/epi.org.mk\/post\/9999#breadcrumb"},"inLanguage":"mk-MK","potentialAction":[{"@type":"ReadAction","target":["https:\/\/epi.org.mk\/post\/9999"]}]},{"@type":"ImageObject","inLanguage":"mk-MK","@id":"https:\/\/epi.org.mk\/post\/9999#primaryimage","url":"https:\/\/epi.org.mk\/wp-content\/uploads\/2019\/02\/slika2en.jpg","contentUrl":"https:\/\/epi.org.mk\/wp-content\/uploads\/2019\/02\/slika2en.jpg","width":1280,"height":720},{"@type":"BreadcrumbList","@id":"https:\/\/epi.org.mk\/post\/9999#breadcrumb","itemListElement":[{"@type":"ListItem","position":1,"name":"Home","item":"https:\/\/epi.org.mk\/"},{"@type":"ListItem","position":2,"name":"[Tryez\u00eb e rrumbullak\u00ebt] Ardhm\u00ebri Euroatlantike p\u00ebr Maqedonin\u00eb?"}]},{"@type":"WebSite","@id":"https:\/\/epi.org.mk\/#website","url":"https:\/\/epi.org.mk\/","name":"EPI","description":"\u0418\u043d\u0441\u0442\u0438\u0442\u0443\u0442 \u0437\u0430 \u0435\u0432\u0440\u043e\u043f\u0441\u043a\u0430 \u043f\u043e\u043b\u0438\u0442\u0438\u043a\u0430","publisher":{"@id":"https:\/\/epi.org.mk\/#organization"},"potentialAction":[{"@type":"SearchAction","target":{"@type":"EntryPoint","urlTemplate":"https:\/\/epi.org.mk\/?s={search_term_string}"},"query-input":{"@type":"PropertyValueSpecification","valueRequired":true,"valueName":"search_term_string"}}],"inLanguage":"mk-MK"},{"@type":"Organization","@id":"https:\/\/epi.org.mk\/#organization","name":"European Policy Institute - Skopje","alternateName":"EPI Skopje","url":"https:\/\/epi.org.mk\/","logo":{"@type":"ImageObject","inLanguage":"mk-MK","@id":"https:\/\/epi.org.mk\/#\/schema\/logo\/image\/","url":"https:\/\/epi.org.mk\/wp-content\/uploads\/epi-logo.jpg","contentUrl":"https:\/\/epi.org.mk\/wp-content\/uploads\/epi-logo.jpg","width":909,"height":909,"caption":"European Policy Institute - Skopje"},"image":{"@id":"https:\/\/epi.org.mk\/#\/schema\/logo\/image\/"},"sameAs":["https:\/\/www.facebook.com\/EPI.Skopje\/","https:\/\/x.com\/epi_skopje","https:\/\/www.instagram.com\/epi.skopje\/","https:\/\/www.linkedin.com\/company\/epi-skopje"]},{"@type":"Person","@id":"https:\/\/epi.org.mk\/#\/schema\/person\/43b3da0531e062aae50b26e7d0c8ab94","name":"epiadmin","image":{"@type":"ImageObject","inLanguage":"mk-MK","@id":"https:\/\/epi.org.mk\/#\/schema\/person\/image\/","url":"https:\/\/secure.gravatar.com\/avatar\/b2eac948da9f4d92d87cb5f38df0ae7816d0197d69078f44687f2f91fc97296d?s=96&d=mm&r=g","contentUrl":"https:\/\/secure.gravatar.com\/avatar\/b2eac948da9f4d92d87cb5f38df0ae7816d0197d69078f44687f2f91fc97296d?s=96&d=mm&r=g","caption":"epiadmin"},"url":"https:\/\/epi.org.mk\/en\/post\/author\/epiadmin"}]}},"_links":{"self":[{"href":"https:\/\/epi.org.mk\/en\/wp-json\/wp\/v2\/posts\/10009","targetHints":{"allow":["GET"]}}],"collection":[{"href":"https:\/\/epi.org.mk\/en\/wp-json\/wp\/v2\/posts"}],"about":[{"href":"https:\/\/epi.org.mk\/en\/wp-json\/wp\/v2\/types\/post"}],"author":[{"embeddable":true,"href":"https:\/\/epi.org.mk\/en\/wp-json\/wp\/v2\/users\/1"}],"replies":[{"embeddable":true,"href":"https:\/\/epi.org.mk\/en\/wp-json\/wp\/v2\/comments?post=10009"}],"version-history":[{"count":0,"href":"https:\/\/epi.org.mk\/en\/wp-json\/wp\/v2\/posts\/10009\/revisions"}],"wp:featuredmedia":[{"embeddable":true,"href":"https:\/\/epi.org.mk\/en\/wp-json\/wp\/v2\/media\/10005"}],"wp:attachment":[{"href":"https:\/\/epi.org.mk\/en\/wp-json\/wp\/v2\/media?parent=10009"}],"wp:term":[{"taxonomy":"category","embeddable":true,"href":"https:\/\/epi.org.mk\/en\/wp-json\/wp\/v2\/categories?post=10009"},{"taxonomy":"post_tag","embeddable":true,"href":"https:\/\/epi.org.mk\/en\/wp-json\/wp\/v2\/tags?post=10009"}],"curies":[{"name":"wp","href":"https:\/\/api.w.org\/{rel}","templated":true}]}}